{"id":48432,"date":"2019-04-17T08:53:57","date_gmt":"2019-04-17T11:53:57","guid":{"rendered":"http:\/\/catolicanet.net\/wp-cnet\/?p=48432"},"modified":"2019-04-18T10:04:05","modified_gmt":"2019-04-18T13:04:05","slug":"da-santa-se-a-unesco-uma-voz-de-esperanca-para-notre-dame","status":"publish","type":"post","link":"https:\/\/catolicanet.net\/wp-cnet\/da-santa-se-a-unesco-uma-voz-de-esperanca-para-notre-dame\/","title":{"rendered":"Da Santa S\u00e9 \u00e0 Unesco uma voz de esperan\u00e7a para Notre-Dame"},"content":{"rendered":"<div class=\"article__subTitle\">&#8220;No cora\u00e7\u00e3o do drama, mais forte do que as chamas do inc\u00eandio, \u00e9 a chama da f\u00e9 que se chama esperan\u00e7a no amor&#8221;, palavras do cardeal franc\u00eas Paul Poupard. Reflex\u00f5es sobre o inc\u00eandio da Catedral de Notre-Dame dos cardeais Gianfranco Ravasi e Paul Poupard, do arcebispo Rino Fisichella e Mons. Francesco Follo da Unesco<\/div>\n<div class=\"title__separator\"><\/div>\n<div class=\"article__text\">\n<p><b>Cidade do Vaticano<\/b><\/p>\n<p>Depois do inc\u00eandio da Catedral de Notre-Dame de Paris eleva-se um chamado \u00e0 esperan\u00e7a, \u00e0 solidariedade, \u00e0 unidade. As reflex\u00f5es dos cardeais Gianfranco Ravasi e Paul Poupard, do arcebispo Rino Fisichella e de Mons. Francesco Follo reunidas pelo <i>Vatican News<\/i>.<\/p>\n<div>\n<div class=\"article__embed article__embed--unwrap article__embed--dark\">\n<div class=\"article__innerTitle\">Ou\u00e7a e compartilhe<\/div>\n<!--[if lt IE 9]><script>document.createElement('audio');<\/script><![endif]-->\n<audio class=\"wp-audio-shortcode\" id=\"audio-48432-1\" preload=\"none\" style=\"width: 100%;\" controls=\"controls\"><source type=\"audio\/mpeg\" src=\"https:\/\/media.vaticannews.va\/media\/audio\/s1\/2019\/04\/17\/13\/134969774_F134969774.mp3?_=1\" \/><a href=\"https:\/\/media.vaticannews.va\/media\/audio\/s1\/2019\/04\/17\/13\/134969774_F134969774.mp3\">https:\/\/media.vaticannews.va\/media\/audio\/s1\/2019\/04\/17\/13\/134969774_F134969774.mp3<\/a><\/audio>\n<\/div>\n<\/div>\n<h2><b>Mons. Frollo: uma homenagem da Unesco<\/b><\/h2>\n<p>Mons. Francesco Follo, \u00e9 Observador Permanente da Santa S\u00e9 junto \u00e0 Unesco em Paris:<\/p>\n<p>\u201cFoi aprovada uma declara\u00e7\u00e3o proposta pela It\u00e1lia, pela Fran\u00e7a e pela Santa S\u00e9 de apoio tanto cultural como econ\u00f4mico. Al\u00e9m disso, iremos at\u00e9 a Catedral para manifestar nossa solidariedade \u00e0 Igreja e ao povo franc\u00eas. Participar\u00e3o da nossa iniciativa os 58 Estados membros do Conselho executivo, n\u00e3o apenas os de maioria crist\u00e3, inclusive a China. Foi reconhecido o valor cultural mas tamb\u00e9m o valor religioso de Notre-Dame: no meu discurso evidenciei o quanto a Catedral seja um s\u00edmbolo no sentido etimol\u00f3gico do termo. A palavra \u201cs\u00edmbolo\u201d prov\u00e9m do grego <i>symb\u00e1ll\u014d<\/i>, que quer dizer &#8220;unir&#8221;. N\u00e3o \u00e9 apenas um s\u00edmbolo, porque d\u00e1 um exemplo como imagem, mas \u00e9 a Igreja que &#8220;une&#8221; o Povo de Deus, mesmo o n\u00e3o crente: diante destes lugares h\u00e1 uma unidade de povo que parte da cultura\u201d.<\/p>\n<h2><b>Cardeal Ravasi: um s\u00edmbolo de ressurrei\u00e7\u00e3o<\/b><\/h2>\n<p>Como \u201cespelho da sociedade, tamb\u00e9m a Catedral de Notre-Dame reflete as trag\u00e9dias e os dramas da hist\u00f3ria, mas sempre consegue \u201cressurgir\u201d. Palavras do cardeal Gianfranco Ravasi, Presidente do Pontif\u00edcio Conselho da Cultura e da Pontif\u00edcia Comiss\u00e3o de Arqueologia Sacra:<\/p>\n<p>\u201cAcredito que este evento tenha duas faces. Por um lado, certamente, o lado tr\u00e1gico, porque representa a queda de s\u00edmbolos, a profunda\u00a0ferida\u00a0em um dos grandes estandartes da Fran\u00e7a, seja civil seja religioso. Mas, por outro lado, gostaria de dizer uma palavra de esperan\u00e7a, de consolo, porque dentro da hist\u00f3ria, da pr\u00f3pria hist\u00f3ria da catedral de Notre-Dame, sempre aconteceu o fato de que, como em todo espelho da sociedade, refletiu tamb\u00e9m as trag\u00e9dias, os dramas. Portanto dentro da hist\u00f3ria teve muitas feridas. Algumas vezes at\u00e9 se aproximou da morte, mas sempre ressurgiu. Por isso penso que se deva olhar sempre avante. Talvez agora as previs\u00f5es sejam dif\u00edceis, mas no futuro poderemos ainda \u2013 como fiz muitas vezes \u2013 atravessar o limiar e entrar dentro do espa\u00e7o precioso deste monumento\u201d.<\/p>\n<h2><b>Dom Rino Fisichella: um forte sinal de esperan\u00e7a<\/b><\/h2>\n<p>Do inc\u00eandio de Notre-Dame chega \u201cum forte sinal de esperan\u00e7a\u201d. S\u00e3o palavras do arcebispo Rino Fisichella, presidente do Pontif\u00edcio Conselho para a Promo\u00e7\u00e3o da Nova Evangeliza\u00e7\u00e3o, dicast\u00e9rio respons\u00e1vel tamb\u00e9m pelos santu\u00e1rios:<\/p>\n<p>\u201cA Catedral de Notre-Dame n\u00e3o pode ser considerada perdida. Mesmo na tristeza e na dramaticidade do momento, devemos pensar na Ressurrei\u00e7\u00e3o, na P\u00e1scoa, que significa que devemos pensar tamb\u00e9m como ser\u00e1 a Catedral restaurada \u2013 esperamos \u2013 com todo o seu esplendor. N\u00e3o sabemos quando ou como, por\u00e9m acredito que, diante das chamas, o cora\u00e7\u00e3o e a mente devem trazer consigo a grande esperan\u00e7a de rever ainda a beleza de Notre-Dame como era na sua origem. Certamente h\u00e1 muita tristeza, penso que seja um sentimento comum, por\u00e9m devemos dar tamb\u00e9m um forte sinal de esperan\u00e7a, que n\u00e3o \u00e9 apenas a reconstru\u00e7\u00e3o de Notre-Dame, mas \u00e9 tamb\u00e9m a reconstru\u00e7\u00e3o de uma obra prima, de uma obra de arte que significa um dom para toda a humanidade\u201d.<\/p>\n<h2><b>Cardeal Poupard: uma ora\u00e7\u00e3o un\u00e2nime<\/b><\/h2>\n<p>O cardeal franc\u00eas Paul Poupard, presidente em\u00e9rito do Pontif\u00edcio Conselho da Cultura e do Pontif\u00edcio Conselho para o Di\u00e1logo Inter-religioso exprime a solidariedade recebida de v\u00e1rios pa\u00edses.<\/p>\n<p>\u201cEstou muito comovido por toda a solidariedade que recebi por parte de muitos amigos italianos e de outros pa\u00edses, que se uniram \u00e0 dor dos franceses pelo inc\u00eandio da Catedral de Notre-Dame. Est\u00e3o sofrendo junto conosco como se fosse seu pr\u00f3prio drama. Pessoalmente n\u00e3o conseguia acreditar no que estava vendo. Por fim tive que me render, rezando. Fiquei tamb\u00e9m muito comovido com uma outra imagem, \u00e0 qual n\u00e3o tinha pensado: centenas de pessoas, principalmente jovens, ajoelhados em ora\u00e7\u00e3o diante da Notre-Dame em chamas. No cora\u00e7\u00e3o do drama, mais forte dosque as chamas do inc\u00eandio, \u00e9 a chama da f\u00e9 que se chama esperan\u00e7a no amor\u201d.<\/p>\n<\/div>\n","protected":false},"excerpt":{"rendered":"<p>&#8220;No cora\u00e7\u00e3o do drama, mais forte do que as chamas do inc\u00eandio, \u00e9 a chama da f\u00e9 que se chama esperan\u00e7a no amor&#8221;, palavras do cardeal franc\u00eas Paul Poupard. Reflex\u00f5es sobre o inc\u00eandio da Catedral de Notre-Dame dos cardeais Gianfranco Ravasi e Paul Poupard, do arcebispo Rino Fisichella e Mons. Francesco Follo da Unesco Cidade [&hellip;]<\/p>\n","protected":false},"author":1,"featured_media":48433,"comment_status":"open","ping_status":"closed","sticky":false,"template":"","format":"standard","meta":{"footnotes":""},"categories":[13],"tags":[],"class_list":["post-48432","post","type-post","status-publish","format-standard","has-post-thumbnail","hentry","category-featured"],"_links":{"self":[{"href":"https:\/\/catolicanet.net\/wp-cnet\/wp-json\/wp\/v2\/posts\/48432","targetHints":{"allow":["GET"]}}],"collection":[{"href":"https:\/\/catolicanet.net\/wp-cnet\/wp-json\/wp\/v2\/posts"}],"about":[{"href":"https:\/\/catolicanet.net\/wp-cnet\/wp-json\/wp\/v2\/types\/post"}],"author":[{"embeddable":true,"href":"https:\/\/catolicanet.net\/wp-cnet\/wp-json\/wp\/v2\/users\/1"}],"replies":[{"embeddable":true,"href":"https:\/\/catolicanet.net\/wp-cnet\/wp-json\/wp\/v2\/comments?post=48432"}],"version-history":[{"count":1,"href":"https:\/\/catolicanet.net\/wp-cnet\/wp-json\/wp\/v2\/posts\/48432\/revisions"}],"predecessor-version":[{"id":48434,"href":"https:\/\/catolicanet.net\/wp-cnet\/wp-json\/wp\/v2\/posts\/48432\/revisions\/48434"}],"wp:featuredmedia":[{"embeddable":true,"href":"https:\/\/catolicanet.net\/wp-cnet\/wp-json\/wp\/v2\/media\/48433"}],"wp:attachment":[{"href":"https:\/\/catolicanet.net\/wp-cnet\/wp-json\/wp\/v2\/media?parent=48432"}],"wp:term":[{"taxonomy":"category","embeddable":true,"href":"https:\/\/catolicanet.net\/wp-cnet\/wp-json\/wp\/v2\/categories?post=48432"},{"taxonomy":"post_tag","embeddable":true,"href":"https:\/\/catolicanet.net\/wp-cnet\/wp-json\/wp\/v2\/tags?post=48432"}],"curies":[{"name":"wp","href":"https:\/\/api.w.org\/{rel}","templated":true}]}}