{"id":48426,"date":"2019-04-18T08:48:16","date_gmt":"2019-04-18T11:48:16","guid":{"rendered":"http:\/\/catolicanet.net\/wp-cnet\/?p=48426"},"modified":"2019-04-18T08:48:16","modified_gmt":"2019-04-18T11:48:16","slug":"papa-doa-aos-sacerdotes-livro-com-suas-homilias-nas-missas-crismais","status":"publish","type":"post","link":"https:\/\/catolicanet.net\/wp-cnet\/papa-doa-aos-sacerdotes-livro-com-suas-homilias-nas-missas-crismais\/","title":{"rendered":"Papa doa aos sacerdotes livro com suas homilias nas Missas Crismais"},"content":{"rendered":"<div class=\"article__subTitle\">O Papa Francisco presenteou os sacerdotes presentes na manh\u00e3 desta Quinta-feira Santa (18) na Bas\u00edlica de S\u00e3o Pedro, com um livro que cont\u00e9m todas as suas homilias nas Missas Crismais. O livro foi dado como sinal de encorajamento para prosseguir no pr\u00f3prio minist\u00e9rio<\/div>\n<div class=\"title__separator\"><\/div>\n<div class=\"article__text\">\n<p>Dispon\u00edvel a partir de hoje \u201c<i>A nossa fadiga \u00e9 preciosa para Jesus. Homilias nas Missas Crismais<\/i>\u201d, \u00e9 um livro que re\u00fane os textos de todas as homilias pronunciadas pelo Papa Francisco nas celebra\u00e7\u00f5es da Quinta-feira Santa. Tamb\u00e9m est\u00e1 inclu\u00edda a homilia do rito que o Papa presidiu esta manh\u00e3 na Bas\u00edlica de S\u00e3o Pedro, junto com os patriarcas, os cardeais, os arcebispos, os bispos e os presb\u00edteros presentes em Roma.<\/p>\n<p>O livro, um \u00fatil instrumento de reflex\u00e3o sobre o significado simb\u00f3lico da un\u00e7\u00e3o e da un\u00e7\u00e3o sacerdotal, foi doado pelo Santo Padre aos participantes da Santa Missa de hoje como sinal de encorajamento para prosseguir no pr\u00f3prio minist\u00e9rio. \u201cN\u00e3o somos distribuidores de azeite engarrafado\u201d, afirma Francisco que acrescenta: \u201cUngimos, distribuindo-nos a n\u00f3s mesmos, distribuindo a nossa voca\u00e7\u00e3o e o nosso cora\u00e7\u00e3o\u201d.<\/p>\n<p>O livro apresenta integralmente as seguintes homilias:<\/p>\n<p>\u201cPastores com o cheiro das ovelhas\u201d, Santa Missa Crismal de 28 de mar\u00e7o de 2013<\/p>\n<p>\u201cUngidos com o \u00f3leo da alegria\u201d, Santa Missa Crismal de 17 de abril de 2014<\/p>\n<p>\u201cO nosso cansa\u00e7o eleva-se diretamente ao Cora\u00e7\u00e3o do Pai\u201d, Santa Missa Crismal de 2 de abril de 2015<\/p>\n<p>\u201cTestemunhas e Ministros da Miseric\u00f3rdia\u201d, Santa Missa Crismal de 24 de mar\u00e7o de 2016<\/p>\n<p>\u201cA Boa-Nova\u201d, Santa Missa Crismal de 13 de abril de 2017<\/p>\n<p>\u201cPr\u00f3ximo do Povo de Deus\u201d, Santa Missa Crismal de 29 de mar\u00e7o de 2018<\/p>\n<p>\u201cUngidos para ungir\u201d, Santa Missa Crismal de 18 de abril de 2019<\/p>\n<\/div>\n","protected":false},"excerpt":{"rendered":"<p>O Papa Francisco presenteou os sacerdotes presentes na manh\u00e3 desta Quinta-feira Santa (18) na Bas\u00edlica de S\u00e3o Pedro, com um livro que cont\u00e9m todas as suas homilias nas Missas Crismais. O livro foi dado como sinal de encorajamento para prosseguir no pr\u00f3prio minist\u00e9rio Dispon\u00edvel a partir de hoje \u201cA nossa fadiga \u00e9 preciosa para Jesus. [&hellip;]<\/p>\n","protected":false},"author":1,"featured_media":48427,"comment_status":"open","ping_status":"closed","sticky":false,"template":"","format":"standard","meta":{"footnotes":""},"categories":[3],"tags":[],"class_list":["post-48426","post","type-post","status-publish","format-standard","has-post-thumbnail","hentry","category-vaticano"],"_links":{"self":[{"href":"https:\/\/catolicanet.net\/wp-cnet\/wp-json\/wp\/v2\/posts\/48426","targetHints":{"allow":["GET"]}}],"collection":[{"href":"https:\/\/catolicanet.net\/wp-cnet\/wp-json\/wp\/v2\/posts"}],"about":[{"href":"https:\/\/catolicanet.net\/wp-cnet\/wp-json\/wp\/v2\/types\/post"}],"author":[{"embeddable":true,"href":"https:\/\/catolicanet.net\/wp-cnet\/wp-json\/wp\/v2\/users\/1"}],"replies":[{"embeddable":true,"href":"https:\/\/catolicanet.net\/wp-cnet\/wp-json\/wp\/v2\/comments?post=48426"}],"version-history":[{"count":1,"href":"https:\/\/catolicanet.net\/wp-cnet\/wp-json\/wp\/v2\/posts\/48426\/revisions"}],"predecessor-version":[{"id":48428,"href":"https:\/\/catolicanet.net\/wp-cnet\/wp-json\/wp\/v2\/posts\/48426\/revisions\/48428"}],"wp:featuredmedia":[{"embeddable":true,"href":"https:\/\/catolicanet.net\/wp-cnet\/wp-json\/wp\/v2\/media\/48427"}],"wp:attachment":[{"href":"https:\/\/catolicanet.net\/wp-cnet\/wp-json\/wp\/v2\/media?parent=48426"}],"wp:term":[{"taxonomy":"category","embeddable":true,"href":"https:\/\/catolicanet.net\/wp-cnet\/wp-json\/wp\/v2\/categories?post=48426"},{"taxonomy":"post_tag","embeddable":true,"href":"https:\/\/catolicanet.net\/wp-cnet\/wp-json\/wp\/v2\/tags?post=48426"}],"curies":[{"name":"wp","href":"https:\/\/api.w.org\/{rel}","templated":true}]}}