{"id":48408,"date":"2019-04-17T16:27:51","date_gmt":"2019-04-17T19:27:51","guid":{"rendered":"http:\/\/catolicanet.net\/wp-cnet\/?p=48408"},"modified":"2019-04-17T16:27:51","modified_gmt":"2019-04-17T19:27:51","slug":"papa-recebe-busto-e-capacete-de-ayrton-senna","status":"publish","type":"post","link":"https:\/\/catolicanet.net\/wp-cnet\/papa-recebe-busto-e-capacete-de-ayrton-senna\/","title":{"rendered":"Papa recebe busto e capacete de Ayrton Senna"},"content":{"rendered":"<p><iframe loading=\"lazy\" width=\"696\" height=\"392\" src=\"https:\/\/www.youtube.com\/embed\/rxmFvsx2eLg?feature=oembed\" frameborder=\"0\" allow=\"accelerometer; autoplay; encrypted-media; gyroscope; picture-in-picture\" allowfullscreen><\/iframe><\/p>\n<div class=\"article__subTitle\">Nos 25 anos de sua morte, o \u00eddolo do esporte mundial foi lembrado nesta quarta-feira na Pra\u00e7a S\u00e3o Pedro quando o Papa Francisco recebeu das m\u00e3os de sua sobrinha uma escultura em bronze do piloto e seu capacete.<\/div>\n<div class=\"title__separator\"><\/div>\n<div class=\"article__text\">\n<p><b>Cidade do Vaticano \u2013 Bianca Fraccalvieri\/Cristiane Murray<\/b><\/p>\n<p>A obra da artista pl\u00e1stica <b>Paula Senna<\/b> foi entregue ao Pont\u00edfice por sua irm\u00e3 <b>Bianca <\/b>no \u00e2mbito das homenagens pelos 25 anos de legado do tricampe\u00e3o mundial de F1, morto em Imola (It\u00e1lia), em 1\u00ba de maio de 1994.<\/p>\n<div>\n<div class=\"article__embed article__embed--unwrap article__embed--dark\">\n<div class=\"article__innerTitle\">Ou\u00e7a a reportagem<\/div>\n<!--[if lt IE 9]><script>document.createElement('audio');<\/script><![endif]-->\n<audio class=\"wp-audio-shortcode\" id=\"audio-48408-1\" preload=\"none\" style=\"width: 100%;\" controls=\"controls\"><source type=\"audio\/mpeg\" src=\"https:\/\/media.vaticannews.va\/media\/audio\/s1\/2019\/04\/17\/13\/134969757_F134969757.mp3?_=1\" \/><a href=\"https:\/\/media.vaticannews.va\/media\/audio\/s1\/2019\/04\/17\/13\/134969757_F134969757.mp3\">https:\/\/media.vaticannews.va\/media\/audio\/s1\/2019\/04\/17\/13\/134969757_F134969757.mp3<\/a><\/audio>\n<\/div>\n<\/div>\n<h2>Fotos e recorda\u00e7\u00f5es ajudaram na realiza\u00e7\u00e3o do busto<\/h2>\n<p>O \u201c<i><b>Busto Ayrton Senna<\/b><\/i>\u201d \u00e9 uma escultura cujo processo de cria\u00e7\u00e3o e execu\u00e7\u00e3o teve in\u00edcio em 2016, quando a m\u00e3e do piloto, <b>Neyde Senna<\/b>, fez a encomenda pessoal \u00e0 neta Paula.<\/p>\n<div>\n<div class=\"article__embed article__embed--border embed_style\">\n<blockquote><p>\u201c Recebi com muito orgulho a miss\u00e3o dada pela minha av\u00f3, que quis retratar de forma carinhosa a maneira como ele era lembrado pela fam\u00edlia. Aceitei o desafio, mesmo reconhecendo a dificuldade da tarefa: pouqu\u00edssimas obras deste tipo eram aprovadas por nossos familiares, em especial por minha av\u00f3 \u201d<\/p><\/blockquote>\n<\/div>\n<\/div>\n<p>A artista confeccionou a escultura usando fotos e mem\u00f3rias como refer\u00eancia. Paula tamb\u00e9m contou com a ajuda de familiares, que posaram para ajudar a dar vida a aspectos da anatomia de Ayrton que as imagens n\u00e3o captavam.<\/p>\n<div>\n<div class=\"article__embed article__embed--border embed_style\">\n<blockquote><p>\u201c Senna, maior piloto de todos os tempos. Ayrton, um homem ainda maior que o piloto \u201d<\/p><\/blockquote>\n<\/div>\n<\/div>\n<p>Tr\u00eas t\u00edtulos mundiais conquistados, 41 vit\u00f3rias, 80 p\u00f3dios e 65 pole positions: n\u00fameros que j\u00e1 seriam suficientes para descrever o campe\u00e3o, mas o legado de <b>Ayrton Senna <\/b>na F\u00f3rmula 1 n\u00e3o se limitou \u00e0s pistas: ele n\u00e3o era um piloto como os outros, era especial. Sua preocupa\u00e7\u00e3o com tudo e todos, al\u00e9m de sua garra e determina\u00e7\u00e3o, tornaram Senna diferente: Ayrton fazia o melhor tamb\u00e9m fora dos circuitos.<\/p>\n<h2>A miss\u00e3o continua<\/h2>\n<p>Concretizando o sonho de Ayrton de ajudar o Brasil a reduzir as desigualdades sociais criando oportunidades de desenvolvimento humano para crian\u00e7as e jovens de baixa renda por meio da educa\u00e7\u00e3o, a fam\u00edlia fundou em outubro de 1994 o <a href=\"https:\/\/www.institutoayrtonsenna.org.br\/pt-br.html\" target=\"_blank\" rel=\"external nofollow noopener noreferrer\">Instituto Ayrton Senna<\/a>.<\/p>\n<p>Organiza\u00e7\u00e3o sem fins lucrativos, o Instituto beneficia anualmente 1,5 milh\u00e3o de crian\u00e7as e jovens, forma 45 mil educadores e impacta aproximadamente 600 mun\u00edcipios em 16 Estados brasileiros, garantindo acesso \u00e0 educa\u00e7\u00e3o integral de qualidade em todo o pa\u00eds.<\/p>\n<div>\n<div class=\"article__embed article__embed--unwrap article__embed--dark\">\n<div class=\"article__innerTitle\">Para ouvir e reproduzir:<\/div>\n<div>\n<audio class=\"wp-audio-shortcode\" id=\"audio-48408-2\" preload=\"none\" style=\"width: 100%;\" controls=\"controls\"><source type=\"audio\/mpeg\" src=\"https:\/\/media.vaticannews.va\/media\/audio\/s1\/2019\/04\/17\/13\/134969757_F134969757.mp3?_=2\" \/><a href=\"https:\/\/media.vaticannews.va\/media\/audio\/s1\/2019\/04\/17\/13\/134969757_F134969757.mp3\">https:\/\/media.vaticannews.va\/media\/audio\/s1\/2019\/04\/17\/13\/134969757_F134969757.mp3<\/a><\/audio>\n<\/div>\n<\/div>\n<\/div>\n<\/div>\n","protected":false},"excerpt":{"rendered":"<p>Nos 25 anos de sua morte, o \u00eddolo do esporte mundial foi lembrado nesta quarta-feira na Pra\u00e7a S\u00e3o Pedro quando o Papa Francisco recebeu das m\u00e3os de sua sobrinha uma escultura em bronze do piloto e seu capacete. Cidade do Vaticano \u2013 Bianca Fraccalvieri\/Cristiane Murray A obra da artista pl\u00e1stica Paula Senna foi entregue ao [&hellip;]<\/p>\n","protected":false},"author":1,"featured_media":48409,"comment_status":"open","ping_status":"closed","sticky":false,"template":"","format":"standard","meta":{"footnotes":""},"categories":[13],"tags":[],"class_list":["post-48408","post","type-post","status-publish","format-standard","has-post-thumbnail","hentry","category-featured"],"_links":{"self":[{"href":"https:\/\/catolicanet.net\/wp-cnet\/wp-json\/wp\/v2\/posts\/48408","targetHints":{"allow":["GET"]}}],"collection":[{"href":"https:\/\/catolicanet.net\/wp-cnet\/wp-json\/wp\/v2\/posts"}],"about":[{"href":"https:\/\/catolicanet.net\/wp-cnet\/wp-json\/wp\/v2\/types\/post"}],"author":[{"embeddable":true,"href":"https:\/\/catolicanet.net\/wp-cnet\/wp-json\/wp\/v2\/users\/1"}],"replies":[{"embeddable":true,"href":"https:\/\/catolicanet.net\/wp-cnet\/wp-json\/wp\/v2\/comments?post=48408"}],"version-history":[{"count":1,"href":"https:\/\/catolicanet.net\/wp-cnet\/wp-json\/wp\/v2\/posts\/48408\/revisions"}],"predecessor-version":[{"id":48410,"href":"https:\/\/catolicanet.net\/wp-cnet\/wp-json\/wp\/v2\/posts\/48408\/revisions\/48410"}],"wp:featuredmedia":[{"embeddable":true,"href":"https:\/\/catolicanet.net\/wp-cnet\/wp-json\/wp\/v2\/media\/48409"}],"wp:attachment":[{"href":"https:\/\/catolicanet.net\/wp-cnet\/wp-json\/wp\/v2\/media?parent=48408"}],"wp:term":[{"taxonomy":"category","embeddable":true,"href":"https:\/\/catolicanet.net\/wp-cnet\/wp-json\/wp\/v2\/categories?post=48408"},{"taxonomy":"post_tag","embeddable":true,"href":"https:\/\/catolicanet.net\/wp-cnet\/wp-json\/wp\/v2\/tags?post=48408"}],"curies":[{"name":"wp","href":"https:\/\/api.w.org\/{rel}","templated":true}]}}