{"id":48405,"date":"2019-04-17T15:26:41","date_gmt":"2019-04-17T18:26:41","guid":{"rendered":"http:\/\/catolicanet.net\/wp-cnet\/?p=48405"},"modified":"2019-04-17T15:26:41","modified_gmt":"2019-04-17T18:26:41","slug":"papa-na-pascoa-deus-cancela-as-distancias","status":"publish","type":"post","link":"https:\/\/catolicanet.net\/wp-cnet\/papa-na-pascoa-deus-cancela-as-distancias\/","title":{"rendered":"Papa: na P\u00e1scoa, Deus cancela as dist\u00e2ncias"},"content":{"rendered":"<div class=\"io-div\" data-io-article-url=\"https:\/\/pt.aleteia.org\/2019\/04\/17\/papa-na-pascoa-deus-cancela-as-distancias\/\">\n<h2 class=\"subtitle\">&#8220;Fa\u00e7amos nossa a ora\u00e7\u00e3o de Jesus&#8221;, indica o Papa Francisco em sua catequese semanal<\/h2>\n<p>O Papa Francisco falou sobre o tr\u00edduo pascal na Audi\u00eancia Geral desta quarta-feira (17\/04).<\/p>\n<p>Falando aos peregrinos presentes na Pra\u00e7a de S\u00e3o Pedro, o Papa refletiu sobre algumas palavras que Jesus dirigiu ao Pai durante a sua Paix\u00e3o.<\/p>\n<p>A primeira invoca\u00e7\u00e3o foi feita depois da \u00daltima Ceia, quando disse: \u201cPai, \u00e9 chegada a hora; glorifica a teu Filho\u201d e ainda \u201cglorifica-me tu, \u00f3 Pai, junto de ti mesmo, com aquela gl\u00f3ria que tinha contigo antes que o mundo existisse\u201d.<\/p>\n<div>\n<div class=\"article__embed article__embed--unwrap article__embed--dark\">Pode parecer paradoxal que Jesus pe\u00e7a a gl\u00f3ria ao Pai quando a Paix\u00e3o est\u00e1 para acontecer, observou o Papa. A gl\u00f3ria na verdade indica o revelar-se de Deus, \u00e9 o sinal distintivo da sua presen\u00e7a salvadora entre os homens e \u00e9 o que acontece na P\u00e1scoa.<\/div>\n<\/div>\n<blockquote><p>Ali Deus finalmente revela a sua gl\u00f3ria, que descobrimos ser toda amor: amor puro, louco e impens\u00e1vel, para al\u00e9m de todo limite e medida.<\/p>\n<p>Queridos irm\u00e3os e irm\u00e3s, fa\u00e7amos nossa a ora\u00e7\u00e3o de Jesus: pe\u00e7amos ao Pai para retirar os v\u00e9us dos nossos olhos para que nesses dias, olhando para o Crucifixo, possamos acolher que Deus \u00e9 amor.<\/p>\n<div id=\"aleteia-welcome\" data-google-query-id=\"CNfg74fR1-ECFY1pwQodBvoIRw\">\n<div id=\"google_ads_iframe_\/64500793\/PT_DESK_ARTICLE_WELCOME_1X1_0__container__\"><iframe id=\"google_ads_iframe_\/64500793\/PT_DESK_ARTICLE_WELCOME_1X1_0\" title=\"3rd party ad content\" name=\"google_ads_iframe_\/64500793\/PT_DESK_ARTICLE_WELCOME_1X1_0\" width=\"1\" height=\"1\" frameborder=\"0\" marginwidth=\"0\" marginheight=\"0\" scrolling=\"no\" data-google-container-id=\"3\" data-load-complete=\"true\" data-mce-fragment=\"1\"><\/iframe><\/div>\n<\/div>\n<p>Quantas vezes O imaginamos patr\u00e3o e n\u00e3o Pai, juiz severo ao inv\u00e9s de Salvador misericordioso! Mas Deus na P\u00e1scoa cancela as dist\u00e2ncias, mostrando-se na humildade de um amor que pede o nosso amor.<\/p><\/blockquote>\n<p>Portanto, n\u00f3s damos gl\u00f3ria ao Pai quando vivemos tudo o que fazemos com amor, com o nosso cora\u00e7\u00e3o. A verdadeira gl\u00f3ria \u00e9 a do amor, porque \u00e9 a \u00fanica que d\u00e1 vida ao mundo, e n\u00e3o a gl\u00f3ria mundana, feita de aclama\u00e7\u00e3o e audi\u00eancia. No centro n\u00e3o est\u00e1 o eu, mas o outro. Ningu\u00e9m glorifica a si mesmo.<\/p>\n<h2>Gets\u00eamani e perd\u00e3o<\/h2>\n<p>Depois da \u00daltima Ceia, Jesus entra no jardim do Gets\u00eamani e tamb\u00e9m ali reza ao Senhor com a palavra mais tenra e doce: \u00abAbb\u00e0\u00bb, Pai (cfr Mc 14,33-36).<\/p>\n<blockquote><p>Nos nossos Gets\u00eamanis, com frequ\u00eancia escolhemos permanecer s\u00f3s ao inv\u00e9s de dizer \u2018Pai\u2019 e entregarmo-nos, como Jesus, \u00e0 sua vontade, que \u00e9 o nosso verdadeiro bem. O problema maior n\u00e3o \u00e9 a dor, mas como \u00e9 enfrentada. A solid\u00e3o n\u00e3o oferece sa\u00edda; a ora\u00e7\u00e3o sim, porque \u00e9 rela\u00e7\u00e3o, entrega. Quando entrarmos nos nossos Gets\u00eamani, recordemos de rezar assim: \u2018Pai\u2019.<\/p><\/blockquote>\n<p>Por fim, Jesus dirige ao Senhor uma terceira ora\u00e7\u00e3o por n\u00f3s: \u00abPai, perdoa-lhes, porque n\u00e3o sabem o que fazem\u00bb (Lc 23,34).<\/p>\n<div class=\"nativo-inread\"><\/div>\n<p>Jesus reza por quem foi malvado com ele, no momento da dor mais aguda, quando recebia os pregos nos pulsos e nos p\u00e9s. \u201cAqui, ao v\u00e9rtice da dor chega o amor: chega o perd\u00e3o, isto \u00e9, o dom \u00e0 en\u00e9sima pot\u00eancia, que quebra o c\u00edrculo do mal.<\/p>\n<p>Rezando nesses dias o \u201cPai-Nosso\u201d \u2013 tema neste per\u00edodo das catequeses\u00a0 \u2013, o Papa fez votos que possamos pedir uma dessas gra\u00e7as: viver para a gl\u00f3ria de Deus, isto \u00e9, com amor; que saibamos confiar no Pai nas prova\u00e7\u00f5es; e encontrar no seu abra\u00e7o o perd\u00e3o e a coragem de perdoar.<\/p>\n<p>&nbsp;<\/p>\n<\/div>\n","protected":false},"excerpt":{"rendered":"<p>&#8220;Fa\u00e7amos nossa a ora\u00e7\u00e3o de Jesus&#8221;, indica o Papa Francisco em sua catequese semanal O Papa Francisco falou sobre o tr\u00edduo pascal na Audi\u00eancia Geral desta quarta-feira (17\/04). Falando aos peregrinos presentes na Pra\u00e7a de S\u00e3o Pedro, o Papa refletiu sobre algumas palavras que Jesus dirigiu ao Pai durante a sua Paix\u00e3o. A primeira invoca\u00e7\u00e3o [&hellip;]<\/p>\n","protected":false},"author":1,"featured_media":48406,"comment_status":"open","ping_status":"closed","sticky":false,"template":"","format":"standard","meta":{"footnotes":""},"categories":[4],"tags":[],"class_list":["post-48405","post","type-post","status-publish","format-standard","has-post-thumbnail","hentry","category-cotidiano"],"_links":{"self":[{"href":"https:\/\/catolicanet.net\/wp-cnet\/wp-json\/wp\/v2\/posts\/48405","targetHints":{"allow":["GET"]}}],"collection":[{"href":"https:\/\/catolicanet.net\/wp-cnet\/wp-json\/wp\/v2\/posts"}],"about":[{"href":"https:\/\/catolicanet.net\/wp-cnet\/wp-json\/wp\/v2\/types\/post"}],"author":[{"embeddable":true,"href":"https:\/\/catolicanet.net\/wp-cnet\/wp-json\/wp\/v2\/users\/1"}],"replies":[{"embeddable":true,"href":"https:\/\/catolicanet.net\/wp-cnet\/wp-json\/wp\/v2\/comments?post=48405"}],"version-history":[{"count":1,"href":"https:\/\/catolicanet.net\/wp-cnet\/wp-json\/wp\/v2\/posts\/48405\/revisions"}],"predecessor-version":[{"id":48407,"href":"https:\/\/catolicanet.net\/wp-cnet\/wp-json\/wp\/v2\/posts\/48405\/revisions\/48407"}],"wp:featuredmedia":[{"embeddable":true,"href":"https:\/\/catolicanet.net\/wp-cnet\/wp-json\/wp\/v2\/media\/48406"}],"wp:attachment":[{"href":"https:\/\/catolicanet.net\/wp-cnet\/wp-json\/wp\/v2\/media?parent=48405"}],"wp:term":[{"taxonomy":"category","embeddable":true,"href":"https:\/\/catolicanet.net\/wp-cnet\/wp-json\/wp\/v2\/categories?post=48405"},{"taxonomy":"post_tag","embeddable":true,"href":"https:\/\/catolicanet.net\/wp-cnet\/wp-json\/wp\/v2\/tags?post=48405"}],"curies":[{"name":"wp","href":"https:\/\/api.w.org\/{rel}","templated":true}]}}