{"id":48398,"date":"2019-04-17T14:16:03","date_gmt":"2019-04-17T17:16:03","guid":{"rendered":"http:\/\/catolicanet.net\/wp-cnet\/?p=48398"},"modified":"2019-04-17T14:16:03","modified_gmt":"2019-04-17T17:16:03","slug":"via-sacra-no-coliseu-sera-um-chamado-a-ser-os-novos-samaritanos","status":"publish","type":"post","link":"https:\/\/catolicanet.net\/wp-cnet\/via-sacra-no-coliseu-sera-um-chamado-a-ser-os-novos-samaritanos\/","title":{"rendered":"Via-Sacra no Coliseu ser\u00e1 um chamado a ser os novos samaritanos"},"content":{"rendered":"<p>A Via-Sacra no Coliseu Romano com o Papa Francisco ser\u00e1 centrada no sofrimento das v\u00edtimas de tr\u00e1fico humano, por isso as medita\u00e7\u00f5es da pr\u00f3xima Sexta-feira Santa convocar\u00e3o a uma ajuda concreta.<\/p>\n<p>Em declara\u00e7\u00f5es a EWTN e ao Grupo ACI, Ir. Eugenia Bonetti, mission\u00e1ria da Consolata e encarregada de escrever os textos da Via-Sacra com o Papa Francisco deste ano, disse que, embora Cristo tenha morrido h\u00e1 dois mil anos, continua morrendo \u201cem nossas ruas e pede que n\u00f3s mesmos sejamos samaritanos, pede que n\u00f3s sejamos o Cirineu, que sejamos a Ver\u00f4nica, secarmos aquele rosto que tem l\u00e1grimas, suor, que est\u00e1 sujo pelo rua, pela humilha\u00e7\u00e3o, e Ele nos pede para fazer isso hoje\u201d.<\/p>\n<p>Ao saber que ela escreveria as medita\u00e7\u00f5es da Via-Sacra do Papa deste ano, Ir. Eugenia disse que n\u00e3o se assustou, porque pensou que \u201ccada pessoa que n\u00f3s encontramos est\u00e1 vivendo sua Via-Sacra\u201d.<\/p>\n<p>Nesse sentido, disse que escrever as medita\u00e7\u00f5es foi \u201cum modo para voltar a ver sua vida, junto \u00e0s vidas de tantas mulheres que encontrou, tantas \u2018Cirineias\u2019, com as quais colaborou, e buscar colocar alguma parte, algum mosaico, para fazer emergir a Via-Sacra hoje\u201d.<\/p>\n<p>A mission\u00e1ria trabalha na It\u00e1lia contra o tr\u00e1fico de pessoas h\u00e1 25 anos, depois de ter vivido outros 25 anos na \u00c1frica, continente que \u201cfoi meu noviciado, que me ajudou depois a entender os dramas que outras pessoas vivem, n\u00e3o na \u00c1frica, mas no meu pr\u00f3prio pa\u00eds [It\u00e1lia], chamado civil e crist\u00e3o\u201d, explicou.<\/p>\n<p>Assim, Ir. Eugenia destacou ao Grupo ACI a riqueza das mulheres africanas que conheceu durante estes anos, \u201ccheias de vida, com desejos de viver, serenas e alegres; mas, depois as encontrei em meu pa\u00eds, na rua, verdadeiramente destru\u00eddas em todos os sentidos, e ent\u00e3o minha vida mission\u00e1ria come\u00e7ou a mudar e disse: \u2018Eu tenho que ser mission\u00e1ria, n\u00e3o mais na \u00c1frica, mas em meu pa\u00eds\u2019. \u00c9 aqui onde o Senhor me quer neste momento\u201d.<\/p>\n<p>Por isso, muitos a chamaram \u201cmission\u00e1ria da rua\u201d, porque Ir. Eugenia saiu \u00e0 rua \u201cpara encontrar estas jovens e entender seus dramas, secar suas l\u00e1grimas e lhes oferecer oportunidades para que, se voltarem para suas casas, tenham projetos para que n\u00e3o regressem para casa sem nada\u201d.<\/p>\n<p>A prostitui\u00e7\u00e3o \u00e9 uma \u201crealidade que as divide ao meio\u201d, assinalou Ir. Eugenia, porque, \u201cpor um lado, sentem-se buscadas e usadas e, por outro, sentem-se desprezadas\u201d.<\/p>\n<p>\u201cIsso me ajudou como mission\u00e1ria a me aproximar delas. Desde que comecei a entender em um centro de acolhida esta realidade, minha vida mudou. Antes, sonhava em voltar para a \u00c1frica e, depois, disse: \u2018N\u00e3o, minha \u00c1frica est\u00e1 aqui, onde est\u00e3o essas pessoas e o Senhor quer que eu as ajude\u2019. Ent\u00e3o, h\u00e1 25 anos me tornei mission\u00e1ria da rua\u201d.<\/p>\n","protected":false},"excerpt":{"rendered":"<p>A Via-Sacra no Coliseu Romano com o Papa Francisco ser\u00e1 centrada no sofrimento das v\u00edtimas de tr\u00e1fico humano, por isso as medita\u00e7\u00f5es da pr\u00f3xima Sexta-feira Santa convocar\u00e3o a uma ajuda concreta. Em declara\u00e7\u00f5es a EWTN e ao Grupo ACI, Ir. Eugenia Bonetti, mission\u00e1ria da Consolata e encarregada de escrever os textos da Via-Sacra com o [&hellip;]<\/p>\n","protected":false},"author":1,"featured_media":48399,"comment_status":"open","ping_status":"closed","sticky":false,"template":"","format":"standard","meta":{"footnotes":""},"categories":[4],"tags":[],"class_list":["post-48398","post","type-post","status-publish","format-standard","has-post-thumbnail","hentry","category-cotidiano"],"_links":{"self":[{"href":"https:\/\/catolicanet.net\/wp-cnet\/wp-json\/wp\/v2\/posts\/48398","targetHints":{"allow":["GET"]}}],"collection":[{"href":"https:\/\/catolicanet.net\/wp-cnet\/wp-json\/wp\/v2\/posts"}],"about":[{"href":"https:\/\/catolicanet.net\/wp-cnet\/wp-json\/wp\/v2\/types\/post"}],"author":[{"embeddable":true,"href":"https:\/\/catolicanet.net\/wp-cnet\/wp-json\/wp\/v2\/users\/1"}],"replies":[{"embeddable":true,"href":"https:\/\/catolicanet.net\/wp-cnet\/wp-json\/wp\/v2\/comments?post=48398"}],"version-history":[{"count":1,"href":"https:\/\/catolicanet.net\/wp-cnet\/wp-json\/wp\/v2\/posts\/48398\/revisions"}],"predecessor-version":[{"id":48400,"href":"https:\/\/catolicanet.net\/wp-cnet\/wp-json\/wp\/v2\/posts\/48398\/revisions\/48400"}],"wp:featuredmedia":[{"embeddable":true,"href":"https:\/\/catolicanet.net\/wp-cnet\/wp-json\/wp\/v2\/media\/48399"}],"wp:attachment":[{"href":"https:\/\/catolicanet.net\/wp-cnet\/wp-json\/wp\/v2\/media?parent=48398"}],"wp:term":[{"taxonomy":"category","embeddable":true,"href":"https:\/\/catolicanet.net\/wp-cnet\/wp-json\/wp\/v2\/categories?post=48398"},{"taxonomy":"post_tag","embeddable":true,"href":"https:\/\/catolicanet.net\/wp-cnet\/wp-json\/wp\/v2\/tags?post=48398"}],"curies":[{"name":"wp","href":"https:\/\/api.w.org\/{rel}","templated":true}]}}