{"id":48393,"date":"2019-04-17T14:08:44","date_gmt":"2019-04-17T17:08:44","guid":{"rendered":"http:\/\/catolicanet.net\/wp-cnet\/?p=48393"},"modified":"2019-04-17T14:09:44","modified_gmt":"2019-04-17T17:09:44","slug":"48393-2","status":"publish","type":"post","link":"https:\/\/catolicanet.net\/wp-cnet\/48393-2\/","title":{"rendered":"Resgatam do inc\u00eandio de Notre Dame escultura que guarda espinho da coroa de Cristo"},"content":{"rendered":"<p>O pin\u00e1culo da Catedral de Notre Dame tinha em seu topo a figura de um galo que continha um espinho da Coroa de Cristo e duas rel\u00edquias de Santa Genoveva e de S\u00e3o Dion\u00edsio. Ainda que esta estrutura tenha sido a primeira a ruir, o galo suportou as chamas e o impacto e foi recuperado.<\/p>\n<p><img loading=\"lazy\" decoding=\"async\" class=\"alignnone size-medium wp-image-48395\" src=\"http:\/\/catolicanet.net\/wp-cnet\/wp-content\/uploads\/Sem-t\u00edtulo-5-300x300.png\" alt=\"\" width=\"300\" height=\"300\" srcset=\"https:\/\/catolicanet.net\/wp-cnet\/wp-content\/uploads\/Sem-t\u00edtulo-5-300x300.png 300w, https:\/\/catolicanet.net\/wp-cnet\/wp-content\/uploads\/Sem-t\u00edtulo-5-150x150.png 150w, https:\/\/catolicanet.net\/wp-cnet\/wp-content\/uploads\/Sem-t\u00edtulo-5-420x420.png 420w, https:\/\/catolicanet.net\/wp-cnet\/wp-content\/uploads\/Sem-t\u00edtulo-5.png 497w\" sizes=\"auto, (max-width: 300px) 100vw, 300px\" \/><\/p>\n<p>Ap\u00f3s o inc\u00eandio que arruinou parte da Catedral de Notre Dame em Paris na \u00faltima segunda-feira, 15 de abril, um membro do grupo de restauradores encontrou uma figura importante que sobreviveu ao inc\u00eandio.<\/p>\n<p>V\u00e1rios meios de comunica\u00e7\u00e3o divulgaram a not\u00edcia, j\u00e1 que o presidente da Federa\u00e7\u00e3o Francesa de constru\u00e7\u00e3o, Jacques Chanut, anunciou atrav\u00e9s de sua conta no Twitter que um membro do grupo de restauradores de monumentos conseguiu encontrar a importante figura.<\/p>\n<p>Trata-se do galo que estava no topo do pin\u00e1culo da catedral que desmoronou uma hora ap\u00f3s o in\u00edcio do inc\u00eandio e que tinha mais de 90 metros de altura. Em seu interior, guarda um espinho da coroa de Cristo e as rel\u00edquias de S\u00e3o Dion\u00edsio e de Santa Genoveva.<\/p>\n<p>No entanto, a figura do galo que estava localizado na ponta do pin\u00e1culo resistiu ao golpe e \u00e0s chamas.<\/p>\n<p>Embora danificado, o Minist\u00e9rio da Cultura franc\u00eas assegurou a &#8220;Le Parisien&#8221; que &#8220;\u00e9 visivelmente restaur\u00e1vel&#8221;.<\/p>\n<p>At\u00e9 o momento, n\u00e3o se sabe sobre o estado no qual se encontram as tr\u00eas rel\u00edquias guardadas nesta escultura.<\/p>\n","protected":false},"excerpt":{"rendered":"<p>O pin\u00e1culo da Catedral de Notre Dame tinha em seu topo a figura de um galo que continha um espinho da Coroa de Cristo e duas rel\u00edquias de Santa Genoveva e de S\u00e3o Dion\u00edsio. Ainda que esta estrutura tenha sido a primeira a ruir, o galo suportou as chamas e o impacto e foi recuperado. [&hellip;]<\/p>\n","protected":false},"author":1,"featured_media":48394,"comment_status":"open","ping_status":"closed","sticky":false,"template":"","format":"standard","meta":{"footnotes":""},"categories":[13],"tags":[],"class_list":["post-48393","post","type-post","status-publish","format-standard","has-post-thumbnail","hentry","category-featured"],"_links":{"self":[{"href":"https:\/\/catolicanet.net\/wp-cnet\/wp-json\/wp\/v2\/posts\/48393","targetHints":{"allow":["GET"]}}],"collection":[{"href":"https:\/\/catolicanet.net\/wp-cnet\/wp-json\/wp\/v2\/posts"}],"about":[{"href":"https:\/\/catolicanet.net\/wp-cnet\/wp-json\/wp\/v2\/types\/post"}],"author":[{"embeddable":true,"href":"https:\/\/catolicanet.net\/wp-cnet\/wp-json\/wp\/v2\/users\/1"}],"replies":[{"embeddable":true,"href":"https:\/\/catolicanet.net\/wp-cnet\/wp-json\/wp\/v2\/comments?post=48393"}],"version-history":[{"count":2,"href":"https:\/\/catolicanet.net\/wp-cnet\/wp-json\/wp\/v2\/posts\/48393\/revisions"}],"predecessor-version":[{"id":48397,"href":"https:\/\/catolicanet.net\/wp-cnet\/wp-json\/wp\/v2\/posts\/48393\/revisions\/48397"}],"wp:featuredmedia":[{"embeddable":true,"href":"https:\/\/catolicanet.net\/wp-cnet\/wp-json\/wp\/v2\/media\/48394"}],"wp:attachment":[{"href":"https:\/\/catolicanet.net\/wp-cnet\/wp-json\/wp\/v2\/media?parent=48393"}],"wp:term":[{"taxonomy":"category","embeddable":true,"href":"https:\/\/catolicanet.net\/wp-cnet\/wp-json\/wp\/v2\/categories?post=48393"},{"taxonomy":"post_tag","embeddable":true,"href":"https:\/\/catolicanet.net\/wp-cnet\/wp-json\/wp\/v2\/tags?post=48393"}],"curies":[{"name":"wp","href":"https:\/\/api.w.org\/{rel}","templated":true}]}}