{"id":48369,"date":"2019-04-17T09:51:44","date_gmt":"2019-04-17T12:51:44","guid":{"rendered":"http:\/\/catolicanet.net\/wp-cnet\/?p=48369"},"modified":"2019-04-17T09:51:44","modified_gmt":"2019-04-17T12:51:44","slug":"edicoes-cnbb-lanca-guia-com-orientacoes-para-o-mes-missionario-extraordinario","status":"publish","type":"post","link":"https:\/\/catolicanet.net\/wp-cnet\/edicoes-cnbb-lanca-guia-com-orientacoes-para-o-mes-missionario-extraordinario\/","title":{"rendered":"Edi\u00e7\u00f5es CNBB lan\u00e7a Guia com orienta\u00e7\u00f5es para o M\u00eas Mission\u00e1rio Extraordin\u00e1rio"},"content":{"rendered":"<p>As comunidades e par\u00f3quias j\u00e1 contam com um guia detalhado de sugest\u00f5es do que fazer para o M\u00eas Mission\u00e1rio Extraordin\u00e1rio, a ser celebrado em outubro deste ano. Fruto do trabalho do Grupo de Trabalho do M\u00eas Mission\u00e1rio Extraordin\u00e1rio 2019, criado no \u00e2mbito da Confer\u00eancia Nacional dos Bispos do Brasil (CNBB), o Guia do M\u00eas Mission\u00e1rio Extraordin\u00e1rio foi publicado pela Edi\u00e7\u00f5es CNBB.<\/p>\n<p>Lan\u00e7ado na 36\u00aa Assembleia do Conselho Mission\u00e1rio Nacional que aconteceu na sede das Pontif\u00edcias Obras Mission\u00e1rias, de 4 a 7 de abril, o Guia brasileiro \u00e9 composto de 100 p\u00e1ginas e composto por cinco cap\u00edtulos. O primeiro deles, apresenta a motiva\u00e7\u00e3o do papa Francisco na realiza\u00e7\u00e3o deste m\u00eas especial no discurso aos participantes da Assembleia das Pontif\u00edcias Obras Mission\u00e1rias, em 3 de junho de 2017.<\/p>\n<p>O m\u00eas extraordin\u00e1rio mission\u00e1rio, na avalia\u00e7\u00e3o do Pont\u00edfice, prop\u00f5e-se a renovar o ardor e paix\u00e3o, motor espiritual da atividade apost\u00f3lica de numerosos santos e m\u00e1rtires mission\u00e1rios. Trata-se, nas palavras do papa, de um \u201ctempo extraordin\u00e1rio de ora\u00e7\u00e3o e reflex\u00e3o sobre a missio ad gentes\u201d.\u00a0Os outros cap\u00edtulos aprofundam os temas: Aprofundando a Miss\u00e3o; Testemunhando a miss\u00e3o; Vivenciando a miss\u00e3o e celebrando a miss\u00e3o. O Guia apresenta sugest\u00f5es pr\u00e1ticas do que pode ser feito em diferentes \u00e2mbitos da a\u00e7\u00e3o da Igreja e tamb\u00e9m no campo do trabalho das Comiss\u00f5es Episcopais Pastorais da Confer\u00eancia Nacional dos Bispos do Brasil (CNBB).<\/p>\n<div id=\"attachment_218041\" class=\"wp-caption alignright\"><a href=\"http:\/\/www.cnbb.org.br\/arte-e-guia-a-serem-usados-para-dinamizar-o-mes-missionario-extraordinario-sao-lancados-em-brasilia\/guiamm\/\"><img loading=\"lazy\" decoding=\"async\" class=\"size-medium wp-image-218041\" src=\"http:\/\/www.cnbb.org.br\/wp-content\/uploads\/sites\/32\/2019\/04\/GuiaMM-300x212.png\" srcset=\"http:\/\/www.cnbb.org.br\/wp-content\/uploads\/sites\/32\/2019\/04\/GuiaMM-300x212.png 300w, http:\/\/www.cnbb.org.br\/wp-content\/uploads\/sites\/32\/2019\/04\/GuiaMM-184x130.png 184w, http:\/\/www.cnbb.org.br\/wp-content\/uploads\/sites\/32\/2019\/04\/GuiaMM.png 622w\" alt=\"\" width=\"300\" height=\"212\" aria-describedby=\"caption-attachment-218041\" \/><\/a><\/p>\n<p id=\"caption-attachment-218041\" class=\"wp-caption-text\">Dom Odelir Jos\u00e9 Magri, coordenador do Grupo de Trabalho do M\u00eas Mission\u00e1rio Extraordin\u00e1rio 2019.<\/p>\n<\/div>\n<p><strong>Sentido eclesial<\/strong> \u2013 O bispo de Chapec\u00f3 (SC), dom Odelir Jos\u00e9 Magri, coordenador do Grupo de Trabalho do M\u00eas Mission\u00e1rio Extraordin\u00e1rio 2019, falou sobre o lan\u00e7amento do Guia, em parceria com a Edi\u00e7\u00f5es da CNBB.\u00a0Segundo ele, o guia pretende ser um instrumento de ajuda para que a Igreja no Brasil possa se preparar para viver o m\u00eas mission\u00e1rio com orienta\u00e7\u00f5es e sugest\u00f5es de a\u00e7\u00f5es nacionais, regionais, diocesanas, paroquiais e comunit\u00e1rias. Dom Odelir destaca que o Guia busca dinamizar a viv\u00eancia do m\u00eas mission\u00e1rio como um sentido eclesial que buscar\u00e1 envolver todas as for\u00e7as da Igreja.<\/p>\n<p>\u00c9 importante lembrar que o Vaticano, por meio da Congrega\u00e7\u00e3o para a Evangeliza\u00e7\u00e3o dos Povos, e das Pontif\u00edcias Obras Mission\u00e1rias (POM) lan\u00e7ou uma vers\u00e3o em portugu\u00eas, do Guia para o M\u00eas Mission\u00e1rio Extraordin\u00e1rio. O objetivo do Guia \u00e9 servir \u00e0s dioceses em suas necessidades de forma\u00e7\u00e3o e anima\u00e7\u00e3o mission\u00e1ria, preparando os fi\u00e9is ao redor do mundo para se viver o M\u00eas Mission\u00e1rio Extraordin\u00e1rio, convocado pelo Papa Francisco, para outubro deste ano, por ocasi\u00e3o do centen\u00e1rio da promulga\u00e7\u00e3o da Carta Apost\u00f3lica Maximum Illud do Papa Bento XV.<\/p>\n<p>O Guia do M\u00eas Mission\u00e1rio Extraordin\u00e1rio pode ser adquirido pelo site da neste link <a href=\"https:\/\/www.edicoescnbb.com.br\/\">Edi\u00e7\u00f5es CNBB.<\/a><\/p>\n","protected":false},"excerpt":{"rendered":"<p>As comunidades e par\u00f3quias j\u00e1 contam com um guia detalhado de sugest\u00f5es do que fazer para o M\u00eas Mission\u00e1rio Extraordin\u00e1rio, a ser celebrado em outubro deste ano. Fruto do trabalho do Grupo de Trabalho do M\u00eas Mission\u00e1rio Extraordin\u00e1rio 2019, criado no \u00e2mbito da Confer\u00eancia Nacional dos Bispos do Brasil (CNBB), o Guia do M\u00eas Mission\u00e1rio [&hellip;]<\/p>\n","protected":false},"author":1,"featured_media":48370,"comment_status":"open","ping_status":"closed","sticky":false,"template":"","format":"standard","meta":{"footnotes":""},"categories":[7],"tags":[],"class_list":["post-48369","post","type-post","status-publish","format-standard","has-post-thumbnail","hentry","category-cnbb"],"_links":{"self":[{"href":"https:\/\/catolicanet.net\/wp-cnet\/wp-json\/wp\/v2\/posts\/48369","targetHints":{"allow":["GET"]}}],"collection":[{"href":"https:\/\/catolicanet.net\/wp-cnet\/wp-json\/wp\/v2\/posts"}],"about":[{"href":"https:\/\/catolicanet.net\/wp-cnet\/wp-json\/wp\/v2\/types\/post"}],"author":[{"embeddable":true,"href":"https:\/\/catolicanet.net\/wp-cnet\/wp-json\/wp\/v2\/users\/1"}],"replies":[{"embeddable":true,"href":"https:\/\/catolicanet.net\/wp-cnet\/wp-json\/wp\/v2\/comments?post=48369"}],"version-history":[{"count":1,"href":"https:\/\/catolicanet.net\/wp-cnet\/wp-json\/wp\/v2\/posts\/48369\/revisions"}],"predecessor-version":[{"id":48371,"href":"https:\/\/catolicanet.net\/wp-cnet\/wp-json\/wp\/v2\/posts\/48369\/revisions\/48371"}],"wp:featuredmedia":[{"embeddable":true,"href":"https:\/\/catolicanet.net\/wp-cnet\/wp-json\/wp\/v2\/media\/48370"}],"wp:attachment":[{"href":"https:\/\/catolicanet.net\/wp-cnet\/wp-json\/wp\/v2\/media?parent=48369"}],"wp:term":[{"taxonomy":"category","embeddable":true,"href":"https:\/\/catolicanet.net\/wp-cnet\/wp-json\/wp\/v2\/categories?post=48369"},{"taxonomy":"post_tag","embeddable":true,"href":"https:\/\/catolicanet.net\/wp-cnet\/wp-json\/wp\/v2\/tags?post=48369"}],"curies":[{"name":"wp","href":"https:\/\/api.w.org\/{rel}","templated":true}]}}