{"id":48367,"date":"2019-04-17T09:39:42","date_gmt":"2019-04-17T12:39:42","guid":{"rendered":"http:\/\/catolicanet.net\/wp-cnet\/?p=48367"},"modified":"2019-04-17T09:41:39","modified_gmt":"2019-04-17T12:41:39","slug":"cristo-ressuscitou-ele-que-e-a-minha-esperanca","status":"publish","type":"post","link":"https:\/\/catolicanet.net\/wp-cnet\/cristo-ressuscitou-ele-que-e-a-minha-esperanca\/","title":{"rendered":"Cristo ressuscitou, Ele que \u00e9 a minha esperan\u00e7a!"},"content":{"rendered":"<p>A liturgia deste domingo celebra a ressurrei\u00e7\u00e3o de Nosso Senhor Jesus Cristo e garante-nos que a vida em plenitude resulta de uma exist\u00eancia feita dom e servi\u00e7o em favor dos irm\u00e3os. A ressurrei\u00e7\u00e3o de Cristo \u00e9 o exemplo concreto que confirma tudo isto.<\/p>\n<p>A primeira leitura(Cf. At 10,34a.37-43) apresenta o exemplo de Cristo que \u201cpassou pelo mundo fazendo o bem\u201d e que, por amor, Se deu at\u00e9 \u00e0 morte; por isso, Deus ressuscitou-O. Os disc\u00edpulos, testemunhas desta din\u00e2mica, devem anunciar este \u201ccaminho\u201d a todos os homens.<\/p>\n<p>O Evangelho(Cf. Jo 20,1-9) coloca-nos diante de duas atitudes face \u00e0 ressurrei\u00e7\u00e3o: a do disc\u00edpulo obstinado, que se recusa a aceit\u00e1-la porque, na sua l\u00f3gica, o amor total e a doa\u00e7\u00e3o da vida n\u00e3o podem nunca ser geradores de vida nova; e o disc\u00edpulo ideal, que ama Jesus e que, por isso, entende o seu caminho e a sua proposta \u2013 a esse n\u00e3o o escandaliza nem o espanta que da cruz tenha nascido a vida plena, a vida verdadeira. \u201cTiraram o Senhor do t\u00famulo, e n\u00e3o sabemos onde o colocaram\u201d(Cf. Jo 20,13). O evento mais importante da nosa f\u00e9 crist\u00e3 \u00e9 um mist\u00e9rio. A morte de Cristo foi um aparente fracasso, ningu\u00e9m o v\u00ea Ressuscitar, os relatos de suas apari\u00e7\u00f5es aparentemente podem parecer contradit\u00f3rios, mas n\u00e3o s\u00e3o. Para compreender isso, precisamos n\u00e3o apenas de f\u00e9, mas tamb\u00e9m, de amor. De um amor que nos ajude a nos colocarmos no lugar de Jesus, que nos ajude a tentar imitar a maneira como ele viveu \u2013 como nos narram a primeira e a segunda leituras. Pois \u00e9 \u00e0 medida que nos esfor\u00e7amos por \u201calcan\u00e7ar as coisas do alto\u201d(Cf. Cl 3,1), que buscamos entender os tantos mist\u00e9rios que perpassam a nossa vida cotidiana \u2013 com suas luzes e trevas \u2013, \u00e9 que vamos entendendo como Cristo pode viver e morrer como viveu e moreu e ressustitar depois. A raz\u00e3o n\u00e3o basta para nos dar as respostas mais importantes da vida. S\u00f3 um amor oblativo, disposto a se entregar sem reservas pela salva\u00e7\u00e3o de todos, \u00e9 que pode faz\u00ea-lo. Que em nosos esfor\u00e7os di\u00e1rios por amar a Deus e o pr\u00f3ximo e crer na presen\u00e7a \u2013 muitas vezes invis\u00edvel \u2013 de Deus em nossas vidas, possamos ser testemunhas da ressurrei\u00e7\u00e3o do Senhor em nosso mundo t\u00e3o sedento de gra\u00e7a e de paz!<\/p>\n<p>A segunda leitura(Cf. Cl 3,1-4) convida os crist\u00e3os, revestidos de Cristo pelo Baptismo, a continuarem a sua caminhada de vida nova, at\u00e9 \u00e0 transforma\u00e7\u00e3o plena que acontecer\u00e1 quando, pela morte, tivermos ultrapassado a \u00faltima fronteira da nossa finitude.<\/p>\n<p>Se a morte de Jesus trouxe desesperan\u00e7a para os seus disc\u00edpulos, sua ressurrei\u00e7\u00e3o originou uma torrente de esperan\u00e7a, capaz de enxergar atrav\u00e9s de nuvens espessas. J\u00e1 que Cristo ressuscitou n\u00e3o h\u00e1 mais barreira que impe\u00e7a a efetiva\u00e7\u00e3o de suas promessas.<\/p>\n<p>S\u00f3 o milagre do t\u00famulo vazio poderia encher o cora\u00e7\u00e3o dos disc\u00edpulos da certeza da salva\u00e7\u00e3o. A regenera\u00e7\u00e3o do homem pecador \u00e9 um produto da ressurrei\u00e7\u00e3o de Jesus Cristo dentre os mortos. Bendito o Deus e Pai de nosso Senhor Jesus Cristo, que, segundo a sua muita miseric\u00f3rdia, nos regenerou para uma viva esperan\u00e7a, mediante a ressurrei\u00e7\u00e3o de Jesus Cristo dentre os mortos. 1 Pedro 1,3.<\/p>\n<p>S\u00e3o Jo\u00e3o Paulo II, em seu primeiro domingo de P\u00e1scoa, como Sumo Pont\u00edfice, sintetizou a festa de hoje: \u201c4.\u00a0<em>Surrexit Christus, spes mea<\/em>! Cristo ressuscitou, Ele que \u00e9 a minha esperan\u00e7a! \u00d3 queridos Irm\u00e3os e Irm\u00e3s! Quanto \u00e9 eloquente para n\u00f3s este Dia, que fala com toda a verdade da nossa origem. Pedra angular de toda a nossa constru\u00e7\u00e3o \u00e9 o pr\u00f3prio Cristo Jesus (Cfr.\u00a0<em>Ef<\/em>. 2, 20-21). Esta pedra, rejeitada pelos construtores e que Deus irradiou com a luz da ressurrei\u00e7\u00e3o, encontra-se colocada nos pr\u00f3prios alicerces da nossa f\u00e9, da nossa esperan\u00e7a e da nossa caridade. \u00c9 ela a primeira raz\u00e3o da nossa voca\u00e7\u00e3o e da miss\u00e3o que cada um de n\u00f3s recebe j\u00e1 no Baptismo. Hoje desejamos descobrir de novo esta voca\u00e7\u00e3o, assumir novamente, como algo pr\u00f3prio, esta miss\u00e3o. \u00c9 nosso desejo fazer que ela seja penetrada de novo pela alegria da ressurrei\u00e7\u00e3o. Deseja-mos aproxim\u00e1-la novamente de todos os homens, daqueles que est\u00e3o perto e daqueles que est\u00e3o longe de n\u00f3s. Compartilhemos reciprocamente uns com os outros esta alegria. Compartilhemo-la com os Ap\u00f3stolos, com as Mulheres que foram as primeiras portadoras do an\u00fancio da ressurrei\u00e7\u00e3o. Unamo-nos a Maria. <em>Regina caeli, laetare<\/em>! (Alegrai-vos, Rainha do c\u00e9u!). O homem jamais poder\u00e1 perder a esperan\u00e7a da vit\u00f3ria do bem. Torne-se este Dia para n\u00f3s, j\u00e1 desde hoje, o ex\u00f3rdio da nova esperan\u00e7a!\u201d (<a href=\"https:\/\/w2.vatican.va\/content\/john-paul-ii\/pt\/messages\/urbi\/documents\/hf_jp-ii_mes_19790415_easter-urbi.html\">https:\/\/w2.vatican.va\/content\/john-paul-ii\/pt\/messages\/urbi\/documents\/hf_jp-ii_mes_19790415_easter-urbi.html<\/a>, \u00faltimo acesso em 05 de abril de 2019)<\/p>\n<p>Desejo, de cora\u00e7\u00e3o, a todos os meus leitores uma Santa e Aben\u00e7oada P\u00e1scoa! Jesus Cristo ressuscitou verdadeiramente, aleluia, aleluia, aleluia!<\/p>\n","protected":false},"excerpt":{"rendered":"<p>A liturgia deste domingo celebra a ressurrei\u00e7\u00e3o de Nosso Senhor Jesus Cristo e garante-nos que a vida em plenitude resulta de uma exist\u00eancia feita dom e servi\u00e7o em favor dos irm\u00e3os. A ressurrei\u00e7\u00e3o de Cristo \u00e9 o exemplo concreto que confirma tudo isto. A primeira leitura(Cf. At 10,34a.37-43) apresenta o exemplo de Cristo que \u201cpassou [&hellip;]<\/p>\n","protected":false},"author":10,"featured_media":32785,"comment_status":"open","ping_status":"closed","sticky":false,"template":"","format":"standard","meta":{"footnotes":""},"categories":[9],"tags":[],"class_list":["post-48367","post","type-post","status-publish","format-standard","has-post-thumbnail","hentry","category-artigos"],"_links":{"self":[{"href":"https:\/\/catolicanet.net\/wp-cnet\/wp-json\/wp\/v2\/posts\/48367","targetHints":{"allow":["GET"]}}],"collection":[{"href":"https:\/\/catolicanet.net\/wp-cnet\/wp-json\/wp\/v2\/posts"}],"about":[{"href":"https:\/\/catolicanet.net\/wp-cnet\/wp-json\/wp\/v2\/types\/post"}],"author":[{"embeddable":true,"href":"https:\/\/catolicanet.net\/wp-cnet\/wp-json\/wp\/v2\/users\/10"}],"replies":[{"embeddable":true,"href":"https:\/\/catolicanet.net\/wp-cnet\/wp-json\/wp\/v2\/comments?post=48367"}],"version-history":[{"count":1,"href":"https:\/\/catolicanet.net\/wp-cnet\/wp-json\/wp\/v2\/posts\/48367\/revisions"}],"predecessor-version":[{"id":48368,"href":"https:\/\/catolicanet.net\/wp-cnet\/wp-json\/wp\/v2\/posts\/48367\/revisions\/48368"}],"wp:featuredmedia":[{"embeddable":true,"href":"https:\/\/catolicanet.net\/wp-cnet\/wp-json\/wp\/v2\/media\/32785"}],"wp:attachment":[{"href":"https:\/\/catolicanet.net\/wp-cnet\/wp-json\/wp\/v2\/media?parent=48367"}],"wp:term":[{"taxonomy":"category","embeddable":true,"href":"https:\/\/catolicanet.net\/wp-cnet\/wp-json\/wp\/v2\/categories?post=48367"},{"taxonomy":"post_tag","embeddable":true,"href":"https:\/\/catolicanet.net\/wp-cnet\/wp-json\/wp\/v2\/tags?post=48367"}],"curies":[{"name":"wp","href":"https:\/\/api.w.org\/{rel}","templated":true}]}}