{"id":48359,"date":"2019-04-16T15:18:10","date_gmt":"2019-04-16T18:18:10","guid":{"rendered":"http:\/\/catolicanet.net\/wp-cnet\/?p=48359"},"modified":"2019-04-16T15:18:10","modified_gmt":"2019-04-16T18:18:10","slug":"abortistas-usam-situacoes-extremas-para-impor-o-aborto-adverte-sacerdote-medico","status":"publish","type":"post","link":"https:\/\/catolicanet.net\/wp-cnet\/abortistas-usam-situacoes-extremas-para-impor-o-aborto-adverte-sacerdote-medico\/","title":{"rendered":"Abortistas usam situa\u00e7\u00f5es extremas para impor o aborto, adverte sacerdote m\u00e9dico"},"content":{"rendered":"<p>Pe. Augusto Meloni, sacerdote e m\u00e9dico que ocupou um alto cargo na Organiza\u00e7\u00e3o Mundial de Sa\u00fade (OMS), advertiu que grupos abortistas usam situa\u00e7\u00f5es extremas como gravidez por estupro, a fim de manipular afetiva e emocionalmente a opini\u00e3o p\u00fablica para conseguir a legaliza\u00e7\u00e3o de uma pr\u00e1tica que n\u00e3o tem justificativa.<\/p>\n<p>&#8220;Essas pessoas devem dizer o que pensam com clareza, que a vida do concebido n\u00e3o tem valor&#8221;, disse o sacerdote em declara\u00e7\u00f5es a EWTN Noticias.<\/p>\n<p>Antes de se tornar sacerdote, Pablo Augusto Meloni Navarro trabalhou como um renomado m\u00e9dico. Possui mestrados internacionais, experi\u00eancia no ensino universit\u00e1rio e no Minist\u00e9rio da Sa\u00fade do Peru. Tamb\u00e9m trabalhou durante anos em ag\u00eancias de coopera\u00e7\u00e3o internacional at\u00e9 se tornar vice-presidente do Conselho Executivo da Organiza\u00e7\u00e3o Mundial da Sa\u00fade (OMS), um dos cargos mais altos neste \u00f3rg\u00e3o mundial.<\/p>\n<p>&#8220;Promover o aborto e buscar situa\u00e7\u00f5es extremas como, por exemplo, a situa\u00e7\u00e3o de estupro, onde aquela crian\u00e7a \u00e9 inocente, n\u00e3o \u00e9 o estuprador, n\u00e3o resolve nenhum problema; pelo contr\u00e1rio, acrescenta um problema at\u00e9 mesmo maior que o estupro, porque n\u00e3o \u00e9 prejudicial apenas para a integridade emocional, afetiva ou f\u00edsica de uma pessoa, que \u00e9 a m\u00e3e, mas vai contra uma segunda pessoa que \u00e9 a crian\u00e7a&#8221;, assinalou.<\/p>\n<p>O sacerdote recordou que aqueles que promovem a cultura da morte &#8220;acreditam que a maternidade n\u00e3o faz parte da natureza e das possibilidades de desenvolvimento integral das mulheres, mas \u00e9 um \u2018empecilho biol\u00f3gico, injusto e imposto \u00e0s m\u00e3es, e que a sociedade patriarcal se encarregou de promover\u2019\u201d.<\/p>\n<p>&#8220;Na realidade, essas pessoas n\u00e3o dizem o que pensam com clareza, porque para elas, a maternidade e at\u00e9 mesmo os filhos desejados s\u00e3o uma escravid\u00e3o e algo que deve ser erradicado&#8221;, advertiu.<\/p>\n<p>Durante a entrevista, o sacerdote tamb\u00e9m chamou os pais a educar e informar as crian\u00e7as sobre as condi\u00e7\u00f5es que devem ser cumpridas pelo ser humano para formar uma fam\u00edlia e assim evitar, por exemplo, a gravidez na adolesc\u00eancia.<\/p>\n<p>&#8220;Ter a capacidade biol\u00f3gica de procriar a uma idade determinada n\u00e3o significa que a pessoa tem a prepara\u00e7\u00e3o em todas as outras dimens\u00f5es humanas que s\u00e3o necess\u00e1rias para constituir uma fam\u00edlia, para garantir o cuidado das crian\u00e7as&#8221;, alertou o sacerdote.<\/p>\n<p>Deste modo, assinalou que a gravidez na adolesc\u00eancia ocorre porque \u201cpromovem os supostos \u2018direitos sexuais\u2019, incentivando o in\u00edcio precoce das rela\u00e7\u00f5es sexuais entre jovens. Sabe-se que nenhum destes chamados \u2018m\u00e9todos anticoncepcionais\u2019, que na realidade s\u00e3o abortivos, \u00e9 100% seguro. Ent\u00e3o, acontecem as gravidezes\u201d.<\/p>\n<p>Advertiu tamb\u00e9m que os abortistas &#8220;buscam incluir o assassinato da crian\u00e7a dentro destes chamados m\u00e9todos de planejamento familiar&#8221; e isso significa &#8220;adicionar um problema muito mais grave aos problemas j\u00e1 existentes por causa do uso indiscriminado destes medicamentos\u201d, que s\u00e3o inclusive cancer\u00edgenos.<\/p>\n<p>Educar e falar com a verdade<\/p>\n<p>Padre Meloni tamb\u00e9m prop\u00f4s algumas solu\u00e7\u00f5es para evitar cair no terr\u00edvel crime do aborto quando ocorre uma gravidez por estupro. &#8220;A primeira alternativa seria educar e falar com a verdade. A segunda coisa \u00e9 que essas crian\u00e7as podem ser dadas para ado\u00e7\u00e3o&#8221;, assinalou.<\/p>\n<p>O sacerdote criticou que os meios de comunica\u00e7\u00e3o e as partes interessadas em descriminalizar a pr\u00e1tica digam \u00e0s &#8220;crian\u00e7as e jovens que \u00e9 &#8216;bom&#8217;, que \u2018o aborto n\u00e3o \u00e9 ruim&#8217;, &#8216;que n\u00e3o est\u00e1 errado tirar a vida\u2019&#8221;, gerando confus\u00e3o entre eles.<\/p>\n<p>&#8220;Mas, talvez mais tarde, com mais serenidade, eles percebam que (por n\u00e3o abortar) foram salvos de cometer um crime realmente terr\u00edvel de tirar a vida de seu pr\u00f3prio filho, com o seu consentimento ou aprova\u00e7\u00e3o&#8221;, destacou.<\/p>\n<p>&#8220;Acho que a ado\u00e7\u00e3o \u00e9 uma boa alternativa, que nem se compara \u00e0 solu\u00e7\u00e3o pragm\u00e1tica, utilitarista e de conveni\u00eancia de tirar a vida do nascituro\u201d, ressaltou.<\/p>\n<p>Aborto terap\u00eautico<\/p>\n<p>Em rela\u00e7\u00e3o ao aborto &#8220;terap\u00eautico&#8221;, afirmou que sob &#8220;nenhum caso \u00e9 moral e eticamente justific\u00e1vel tirar a vida quando as pessoas t\u00eam uma consci\u00eancia reta. A vida \u00e9 o primeiro direito e ningu\u00e9m tem o direito de tirar a vida de outra pessoa&#8221;.<\/p>\n<p>Tamb\u00e9m explicou que ambos os termos s\u00e3o contradit\u00f3rios, uma vez que &#8220;o aborto \u00e9 tirar a vida de um ser humano e nunca, em nenhum caso, tirar a vida de um ser humano se torna uma medida terap\u00eautica&#8221;.<\/p>\n<p>&#8220;Matar uma crian\u00e7a n\u00e3o cura nenhuma doen\u00e7a, porque se matar crian\u00e7as curasse doen\u00e7as, ent\u00e3o, matariam as crian\u00e7as e desapareceria o c\u00e2ncer e os problemas de sa\u00fade que a ci\u00eancia m\u00e9dica atualmente n\u00e3o pode enfrentar\u201d, assinalou.<\/p>\n<p>O sacerdote comentou que em alguns casos raros acontecem situa\u00e7\u00f5es extremas onde ocorrem dilemas \u00e9ticos porque a ci\u00eancia, a tecnologia e a medicina, em alguns casos extremos, n\u00e3o podem salvar a vida dos dois seres humanos que participam do processo gestacional, que s\u00e3o a m\u00e3e e o filho.<\/p>\n<p>Pe. Meloni esclareceu que, nesses casos infrequentes, \u00e0s vezes, para salvar a vida, um dos dois falece. &#8220;Isso \u00e9 o que se conhece como o princ\u00edpio \u00e9tico do \u2018mal menor\u2019. Mas isso n\u00e3o \u00e9 um aborto, o objetivo n\u00e3o era matar ou eliminar a vida de um deles diretamente, mas foi uma consequ\u00eancia indesejada, na tentativa de salvar a vida de ambos, que um n\u00e3o conseguisse ser salvo\u201d.<\/p>\n<p>O sacerdote lembrou as palavras que o Papa Francisco falou durante uma entrevista, quando perguntado sobre sua posi\u00e7\u00e3o sobre o aborto em casos de estupro.<\/p>\n<p>&#8220;O Papa Francisco apontou que \u00e9 &#8216;como contratar um matador de aluguel para tentar resolver um problema&#8217;. De fato, n\u00e3o podemos fazer com que nossos profissionais m\u00e9dicos que s\u00e3o chamados a cuidar da vida e da sa\u00fade se tornem matadores de aluguel dessas crian\u00e7as por nascer&#8221;, expressou.<\/p>\n","protected":false},"excerpt":{"rendered":"<p>Pe. Augusto Meloni, sacerdote e m\u00e9dico que ocupou um alto cargo na Organiza\u00e7\u00e3o Mundial de Sa\u00fade (OMS), advertiu que grupos abortistas usam situa\u00e7\u00f5es extremas como gravidez por estupro, a fim de manipular afetiva e emocionalmente a opini\u00e3o p\u00fablica para conseguir a legaliza\u00e7\u00e3o de uma pr\u00e1tica que n\u00e3o tem justificativa. &#8220;Essas pessoas devem dizer o que [&hellip;]<\/p>\n","protected":false},"author":1,"featured_media":48364,"comment_status":"open","ping_status":"closed","sticky":false,"template":"","format":"standard","meta":{"footnotes":""},"categories":[4],"tags":[],"class_list":["post-48359","post","type-post","status-publish","format-standard","has-post-thumbnail","hentry","category-cotidiano"],"_links":{"self":[{"href":"https:\/\/catolicanet.net\/wp-cnet\/wp-json\/wp\/v2\/posts\/48359","targetHints":{"allow":["GET"]}}],"collection":[{"href":"https:\/\/catolicanet.net\/wp-cnet\/wp-json\/wp\/v2\/posts"}],"about":[{"href":"https:\/\/catolicanet.net\/wp-cnet\/wp-json\/wp\/v2\/types\/post"}],"author":[{"embeddable":true,"href":"https:\/\/catolicanet.net\/wp-cnet\/wp-json\/wp\/v2\/users\/1"}],"replies":[{"embeddable":true,"href":"https:\/\/catolicanet.net\/wp-cnet\/wp-json\/wp\/v2\/comments?post=48359"}],"version-history":[{"count":1,"href":"https:\/\/catolicanet.net\/wp-cnet\/wp-json\/wp\/v2\/posts\/48359\/revisions"}],"predecessor-version":[{"id":48365,"href":"https:\/\/catolicanet.net\/wp-cnet\/wp-json\/wp\/v2\/posts\/48359\/revisions\/48365"}],"wp:featuredmedia":[{"embeddable":true,"href":"https:\/\/catolicanet.net\/wp-cnet\/wp-json\/wp\/v2\/media\/48364"}],"wp:attachment":[{"href":"https:\/\/catolicanet.net\/wp-cnet\/wp-json\/wp\/v2\/media?parent=48359"}],"wp:term":[{"taxonomy":"category","embeddable":true,"href":"https:\/\/catolicanet.net\/wp-cnet\/wp-json\/wp\/v2\/categories?post=48359"},{"taxonomy":"post_tag","embeddable":true,"href":"https:\/\/catolicanet.net\/wp-cnet\/wp-json\/wp\/v2\/tags?post=48359"}],"curies":[{"name":"wp","href":"https:\/\/api.w.org\/{rel}","templated":true}]}}