{"id":48330,"date":"2019-04-15T09:48:47","date_gmt":"2019-04-15T12:48:47","guid":{"rendered":"http:\/\/catolicanet.net\/wp-cnet\/?p=48330"},"modified":"2019-04-16T09:51:05","modified_gmt":"2019-04-16T12:51:05","slug":"comissao-bilateral-de-dialogo-catolico-luterano-avanca-na-comunhao-entre-igrejas","status":"publish","type":"post","link":"https:\/\/catolicanet.net\/wp-cnet\/comissao-bilateral-de-dialogo-catolico-luterano-avanca-na-comunhao-entre-igrejas\/","title":{"rendered":"Comiss\u00e3o Bilateral de Di\u00e1logo Cat\u00f3lico-Luterano avan\u00e7a na comunh\u00e3o entre Igrejas"},"content":{"rendered":"<p>A Comiss\u00e3o Bilateral de Di\u00e1logo Cat\u00f3lico-Luterano esteve reunida dia 9 de abril na Igreja Evang\u00e9lica de Confiss\u00e3o Luterano no Brasil, em Porto Alegre (RS). Os participantes destacaram o profundo sentimento de comunh\u00e3o que marcou o encontro da Comiss\u00e3o com uma hist\u00f3ria de mais de meio s\u00e9culo. Depois de uma rodada de apresenta\u00e7\u00f5es, ficou clara a import\u00e2ncia do ecumenismo na vida e minist\u00e9rio das pessoas presentes. \u201cEcumenismo \u00e9 profecia, voa nas asas do Esp\u00edrito\u201d, foi uma das afirma\u00e7\u00f5es feitas na abertura.<\/p>\n<p>Dentre os assuntos tratados esteve o hist\u00f3rico da Campanha da Fraternidade, a atual CF de 2019 e uma consulta sobre a continuidade da CF ter car\u00e1ter ecum\u00eanico. O tema do ano da Igreja Evang\u00e9lica de Confiss\u00e3o Luterana no Brasil (IECLB) para 2019 foi igualmente apresentado. Tamb\u00e9m houve di\u00e1logos sobre o dif\u00edcil momento pelo qual atravessa o Brasil e as manifesta\u00e7\u00f5es das Igrejas sobre o mesmo. Relatou-se acerca do encontro celebrativo dos 120 anos da Ordem Auxiliadora das Senhoras Evang\u00e9licas (principal movimento de mulheres da IECLB) e o lan\u00e7amento, durante evento em Blumenau, de cartilha que aborda o tema viol\u00eancia contra as mulheres. Conversou-se tamb\u00e9m sobre possibilidades e dificuldades que a miss\u00e3o enfrenta nos dias atuais.<\/p>\n<p>Mais preocupante que a perda de membros, na verdade, \u00e9 a poss\u00edvel perda da relev\u00e2ncia, do significado, do papel das Igrejas na vida das pessoas e da sociedade. Como Igrejas, ainda estamos tentando entender as r\u00e1pidas mudan\u00e7as culturais que t\u00eam exercido papel importante na vida e nos valores das pessoas.\u00a0O pr\u00f3ximo encontro da Comiss\u00e3o ficou agendado para o dia 6\/9\/19 em Porto Alegre (RS). Decidiu-se que a Comiss\u00e3o ser\u00e1 presidida pela IECLB no bi\u00eanio 2019-2020, e que bispo dom Rodolfo e pastor Mauro s\u00e3o as pessoas de refer\u00eancia para os contato com a Comiss\u00e3o.<\/p>\n<p>Estiveram presentes: Silvia Genz, pastora presidente da IECLB; Paula Naegele, pastora em Farroupilha (RS); dom Francesco Biasin, presidente da Comiss\u00e3o Episcopal <a href=\"http:\/\/www.cnbb.org.br\/comissao-bilateral-de-dialogo-catolico-luterano-realiza-avanca-na-comunhao-entre-igrejas\/reuniaocl\/\"><img loading=\"lazy\" decoding=\"async\" class=\"size-medium wp-image-218292 alignleft\" src=\"http:\/\/www.cnbb.org.br\/wp-content\/uploads\/sites\/32\/2019\/04\/reuni\u00e3oCL-300x199.jpg\" srcset=\"http:\/\/www.cnbb.org.br\/wp-content\/uploads\/sites\/32\/2019\/04\/reuni\u00e3oCL-300x199.jpg 300w, http:\/\/www.cnbb.org.br\/wp-content\/uploads\/sites\/32\/2019\/04\/reuni\u00e3oCL.jpg 700w\" alt=\"\" width=\"300\" height=\"199\" \/><\/a>Pastoral para o Ecumenismo e Di\u00e1logo Inter-Religioso da CNBB; Cl\u00e1udia Pacheco, pastora em Dois Irm\u00e3os (RS); dom Manoel Jo\u00e3o Francisco, bispo de Corn\u00e9lio Proc\u00f3pio (PR); Mauro Souza, pastor 2\u00ba vice-presidente e assessor para Miss\u00e3o Global e Ecumenismo da IECLB; dom H\u00e9lio Adelar Rubert, arcebispo de Santa Maria (RS); dom Rodolfo Lu\u00eds Weber, bispo de Passo Fundo (RS); pastor Em\u00edlio Voigt, assessor teol\u00f3gico da Presid\u00eancia; pastor vice-sinodal do S\u00ednodo Vale do Taquari Luis Sievers; pastor Sinodal do S\u00ednodo Centro-Campanha-Sul D\u00e9cio Weber; pastor Sinodal do S\u00ednodo Planalto Rio-Grandense Ricardo Cassen; pastor vice-Sinodal do S\u00ednodo Paranapanema Alfredo Hagsma e a\u00a0assessora da Comiss\u00e3o Bilateral irm\u00e3 Cleusa Maria Andreatta, de Porto Alegre (RS).<\/p>\n<p>Com informa\u00e7\u00f5es do pastor Mauro Souza, 2\u00ba vice-presidente da IECLB<\/p>\n","protected":false},"excerpt":{"rendered":"<p>A Comiss\u00e3o Bilateral de Di\u00e1logo Cat\u00f3lico-Luterano esteve reunida dia 9 de abril na Igreja Evang\u00e9lica de Confiss\u00e3o Luterano no Brasil, em Porto Alegre (RS). Os participantes destacaram o profundo sentimento de comunh\u00e3o que marcou o encontro da Comiss\u00e3o com uma hist\u00f3ria de mais de meio s\u00e9culo. Depois de uma rodada de apresenta\u00e7\u00f5es, ficou clara a [&hellip;]<\/p>\n","protected":false},"author":1,"featured_media":48331,"comment_status":"open","ping_status":"closed","sticky":false,"template":"","format":"standard","meta":{"footnotes":""},"categories":[7],"tags":[],"class_list":["post-48330","post","type-post","status-publish","format-standard","has-post-thumbnail","hentry","category-cnbb"],"_links":{"self":[{"href":"https:\/\/catolicanet.net\/wp-cnet\/wp-json\/wp\/v2\/posts\/48330","targetHints":{"allow":["GET"]}}],"collection":[{"href":"https:\/\/catolicanet.net\/wp-cnet\/wp-json\/wp\/v2\/posts"}],"about":[{"href":"https:\/\/catolicanet.net\/wp-cnet\/wp-json\/wp\/v2\/types\/post"}],"author":[{"embeddable":true,"href":"https:\/\/catolicanet.net\/wp-cnet\/wp-json\/wp\/v2\/users\/1"}],"replies":[{"embeddable":true,"href":"https:\/\/catolicanet.net\/wp-cnet\/wp-json\/wp\/v2\/comments?post=48330"}],"version-history":[{"count":1,"href":"https:\/\/catolicanet.net\/wp-cnet\/wp-json\/wp\/v2\/posts\/48330\/revisions"}],"predecessor-version":[{"id":48332,"href":"https:\/\/catolicanet.net\/wp-cnet\/wp-json\/wp\/v2\/posts\/48330\/revisions\/48332"}],"wp:featuredmedia":[{"embeddable":true,"href":"https:\/\/catolicanet.net\/wp-cnet\/wp-json\/wp\/v2\/media\/48331"}],"wp:attachment":[{"href":"https:\/\/catolicanet.net\/wp-cnet\/wp-json\/wp\/v2\/media?parent=48330"}],"wp:term":[{"taxonomy":"category","embeddable":true,"href":"https:\/\/catolicanet.net\/wp-cnet\/wp-json\/wp\/v2\/categories?post=48330"},{"taxonomy":"post_tag","embeddable":true,"href":"https:\/\/catolicanet.net\/wp-cnet\/wp-json\/wp\/v2\/tags?post=48330"}],"curies":[{"name":"wp","href":"https:\/\/api.w.org\/{rel}","templated":true}]}}