{"id":48321,"date":"2019-04-16T09:30:13","date_gmt":"2019-04-16T12:30:13","guid":{"rendered":"http:\/\/catolicanet.net\/wp-cnet\/?p=48321"},"modified":"2019-04-16T09:30:13","modified_gmt":"2019-04-16T12:30:13","slug":"3-chaves-para-viver-intensamente-a-semana-santa","status":"publish","type":"post","link":"https:\/\/catolicanet.net\/wp-cnet\/3-chaves-para-viver-intensamente-a-semana-santa\/","title":{"rendered":"3 chaves para viver intensamente a Semana Santa"},"content":{"rendered":"<p>Com a celebra\u00e7\u00e3o do Domingo de Ramos teve in\u00edcio a Semana Santa, o tempo mais importante do ano no qual os cat\u00f3licos recordam a Paix\u00e3o, Morte e Ressurrei\u00e7\u00e3o de Jesus Cristo.<\/p>\n<p>Por isso, a fim de viver adequadamente estes mist\u00e9rios, oferecemos aos fieis tr\u00eas chaves compartilhadas pelo Cardeal Norberto Rivera Carrera durante a Missa de Domingo de Ramos celebrada em 2016, quando era Arcebispo Primaz do M\u00e9xico:<\/p>\n<p>1. Escolher o personagem com cuja atitude queremos viver a Semana Santa<\/p>\n<p>No relato da Paix\u00e3o, afirma o Arcebispo, \u201cn\u00f3s estamos ali representados de alguma maneira\u201d e se pode escolher o personagem com cuja atitude queremos viver a Semana Santa.<\/p>\n<p>\u201cPodemos tomar a t\u00fanica do Cireneu para nos aproximarmos de Cristo para ajud\u00e1-lo a carregar a Cruz, podemos tomar o len\u00e7o das mulheres que choram ao contemplar o condenado, podemos bater no peito como o centuri\u00e3o ou estar junto com Maria em sil\u00eancio aos p\u00e9s da cruz ou, talvez, nos caia melhor a veste de Judas, de Pedro, de Pilatos ou daqueles que \u2018contemplavam de longe\u2019 esperando ver como terminaria a trag\u00e9dia\u201d.<\/p>\n<p>2. Enxugar o pranto dos irm\u00e3os que sofrem<\/p>\n<p>\u201cSabemos que a hist\u00f3ria da Paix\u00e3o n\u00e3o terminou (&#8230;). A Paix\u00e3o de Cristo se renova em todo disc\u00edpulo de Jesus que \u00e9 perseguido pela justi\u00e7a. Nesta Semana Santa, fa\u00e7amos nossas as palavras de S\u00e3o Paulo: \u2018O que falta \u00e0s tribula\u00e7\u00f5es de Cristo, completo na minha carne, por seu corpo que \u00e9 a Igreja\u2019. Saibamos converter nossa dor, aparentemente infecunda, em meio de reden\u00e7\u00e3o para n\u00f3s e para os demais\u201d.<\/p>\n<p>O Cardeal Rivera prop\u00f5e n\u00e3o se contentar \u201cem recordar piedosamente a paix\u00e3o hist\u00f3rica de Jesus, mas que nos esforcemos por mitigar ativamente as paix\u00f5es pr\u00f3ximas dos homens que cruzam nosso caminho\u201d, enxugando \u201cefetivamente o pranto dos homens que sofrem: \u2018O que fizerem com qualquer um deles, fazem comigo\u2019\u201d.<\/p>\n<p>3. F\u00e9 na Ressurrei\u00e7\u00e3o<\/p>\n<p>\u201cA Semana Santa ser\u00e1 incompleta se n\u00e3o se vive na f\u00e9 e na esperan\u00e7a da Ressurrei\u00e7\u00e3o (&#8230;). Toda nossa vida, em certo sentido, deve ser Semana Santa, perseguidos pela dor e pela morte, mas vivendo a alegria do triunfo definitivo que alcan\u00e7aremos na ressurrei\u00e7\u00e3o\u201d.<\/p>\n<p>\u201cA narra\u00e7\u00e3o da Paix\u00e3o \u2013 disse o Cardeal \u2013 aparentemente termina com a pedra que fecha o sepulcro, mas n\u00f3s sabemos que a dor e a morte n\u00e3o s\u00e3o a \u00faltima palavra, Jesus ressuscitou e est\u00e1 sentado \u00e0 direito do Pai\u201d.<\/p>\n","protected":false},"excerpt":{"rendered":"<p>Com a celebra\u00e7\u00e3o do Domingo de Ramos teve in\u00edcio a Semana Santa, o tempo mais importante do ano no qual os cat\u00f3licos recordam a Paix\u00e3o, Morte e Ressurrei\u00e7\u00e3o de Jesus Cristo. Por isso, a fim de viver adequadamente estes mist\u00e9rios, oferecemos aos fieis tr\u00eas chaves compartilhadas pelo Cardeal Norberto Rivera Carrera durante a Missa de [&hellip;]<\/p>\n","protected":false},"author":1,"featured_media":48322,"comment_status":"open","ping_status":"closed","sticky":false,"template":"","format":"standard","meta":{"footnotes":""},"categories":[4],"tags":[],"class_list":["post-48321","post","type-post","status-publish","format-standard","has-post-thumbnail","hentry","category-cotidiano"],"_links":{"self":[{"href":"https:\/\/catolicanet.net\/wp-cnet\/wp-json\/wp\/v2\/posts\/48321","targetHints":{"allow":["GET"]}}],"collection":[{"href":"https:\/\/catolicanet.net\/wp-cnet\/wp-json\/wp\/v2\/posts"}],"about":[{"href":"https:\/\/catolicanet.net\/wp-cnet\/wp-json\/wp\/v2\/types\/post"}],"author":[{"embeddable":true,"href":"https:\/\/catolicanet.net\/wp-cnet\/wp-json\/wp\/v2\/users\/1"}],"replies":[{"embeddable":true,"href":"https:\/\/catolicanet.net\/wp-cnet\/wp-json\/wp\/v2\/comments?post=48321"}],"version-history":[{"count":1,"href":"https:\/\/catolicanet.net\/wp-cnet\/wp-json\/wp\/v2\/posts\/48321\/revisions"}],"predecessor-version":[{"id":48323,"href":"https:\/\/catolicanet.net\/wp-cnet\/wp-json\/wp\/v2\/posts\/48321\/revisions\/48323"}],"wp:featuredmedia":[{"embeddable":true,"href":"https:\/\/catolicanet.net\/wp-cnet\/wp-json\/wp\/v2\/media\/48322"}],"wp:attachment":[{"href":"https:\/\/catolicanet.net\/wp-cnet\/wp-json\/wp\/v2\/media?parent=48321"}],"wp:term":[{"taxonomy":"category","embeddable":true,"href":"https:\/\/catolicanet.net\/wp-cnet\/wp-json\/wp\/v2\/categories?post=48321"},{"taxonomy":"post_tag","embeddable":true,"href":"https:\/\/catolicanet.net\/wp-cnet\/wp-json\/wp\/v2\/tags?post=48321"}],"curies":[{"name":"wp","href":"https:\/\/api.w.org\/{rel}","templated":true}]}}