{"id":48293,"date":"2019-04-15T10:50:18","date_gmt":"2019-04-15T13:50:18","guid":{"rendered":"http:\/\/catolicanet.net\/wp-cnet\/?p=48293"},"modified":"2019-04-15T10:50:18","modified_gmt":"2019-04-15T13:50:18","slug":"cristo-ressuscitou","status":"publish","type":"post","link":"https:\/\/catolicanet.net\/wp-cnet\/cristo-ressuscitou\/","title":{"rendered":"Cristo ressuscitou"},"content":{"rendered":"<p>Por entre o j\u00fabilo pascal fulge a magna verdade da f\u00e9 dos disc\u00edpulos de Cristo, pois se n\u00e3o existisse a ressurrei\u00e7\u00e3o de Jesus, n\u00e3o existiria o cristianismo. Grandiosa a mensagem que fluiu de um t\u00famulo vazio. Diz o Evangelista que Pedro diante do sepulcro no qual n\u00e3o estava o corpo do Mestre, \u201cviu e acreditou\u201d (Jo 20, 1-9).\u00a0\u00a0 Jesus havia dito a Marta \u201cEu sou a ressurei\u00e7\u00e3o e a vida\u201d (Jo 22,25) e Ele, de fato, depois morto e sepultado, ressuscitou imortal e impass\u00edvel. Sua vit\u00f3ria sobre a morte inaugurou um mundo novo no qual a morte foi vencida, tendo raiada para seus seguidores a certeza de id\u00eantico triunfo. S\u00e3o Paulo, portanto, com toda a raz\u00e3o interrogou: &#8220;Onde est\u00e1 \u00f3 morte a tua vit\u00f3ria, o teu aguilh\u00e3o?&#8221; [,,,] e concluiu: \u201cGra\u00e7as sejam dadas a Deus que nos deu a vit\u00f3ria por meio de nosso senhor Jesus Cristo\u201d (1 Cor 15, 58.-59). Todas as gera\u00e7\u00f5es crist\u00e3s proclamariam esta realidade sublime, pois \u00e0 Ressurei\u00e7\u00e3o de Cristo \u00e9 o fundamento da esperan\u00e7a na felicidade al\u00e9m-t\u00famulo. Com efeito, o divino Ressuscitado \u00e9 o mesmo que foi Crucificado. \u00c9 que a festa de P\u00e1scoa supera de muito a dor da Sexta Feira Santa. N\u00e3o houve Ressurrei\u00e7\u00e3o sem a Cruz. Na verdade Cristo levou ao extremo seu imenso amor para com todos os homens atrav\u00e9s do pre\u00e7o do sofrimento e da morte para que raiasse a gl\u00f3ria da Ressurrei\u00e7\u00e3o, ostentando seu poder grandioso em toda a sua plenitude. \u00c9 o mist\u00e9rio sublime do humano e do divino e a Ressurrei\u00e7\u00e3o de Cristo vem decifrar e iluminar as vicissitudes humanas, proclamando que nada que \u00e9 humano \u00e9 banal, pois se torna semente da eternidade. O Ressuscitado abriu as portas da beatitude perene para todos que seguissem o seu caminho de Cruz o qual se tornaria um caminho de f\u00e9 rumo a uma inef\u00e1vel alegria. Nos planos insond\u00e1veis de Deus foi necess\u00e1ria a morte de sexta feira santa, seguida do sil\u00eancio do t\u00famulo onde o corpo do morto divino fora depositado, para que depois brilhasse a luz de seu esplendoroso triunfo. Sua ressurrei\u00e7\u00e3o foi o final glorioso, o c\u00famulo de sua admir\u00e1vel dile\u00e7\u00e3o por n\u00f3s, amor em profus\u00e3o. Hoje cada um pode se ufanar e dizer que n\u00e3o \u00e9 um vivo destinado \u00e0 morte, mas um mortal ao qual est\u00e1 prometida uma vida sem fim junto de seu Redentor nas del\u00edcias do c\u00e9u. \u00c9 esta verdade que d\u00e1 sentido \u00e0 vida do crist\u00e3o, n\u00e3o obstante as ang\u00fastias, os sofrimentos e as dificuldades do dia a dia. Cumpre ent\u00e3o irradiar por toda parte a f\u00e9 no amor infinito de Deus, amor mais forte que toda a morte, acima de todo o mal que campeia mundo afora. Entretanto, a Ressurrei\u00e7\u00e3o de Cristo ficaria inacabada se ela n\u00e3o fosse vivida intensamente no seu Corpo M\u00edstico, em cada um de n\u00f3s. Cristo ressuscitado exige disposi\u00e7\u00e3o interior, pois seu t\u00famulo aberto mostra a necessidade que todos os crist\u00e3os tenham cora\u00e7\u00f5es abertos, receptivos \u00e0s inef\u00e1veis mensagens da P\u00e1scoa. Nas brumas do cotidiano Cristo Ressuscitado est\u00e1 a lembrar a todos que o Amor e a Vida s\u00e3o os \u00fanicos valores eternos, marcados com o selo de eternidade. Faz ent\u00e3o jorrar a plenitude da ades\u00e3o amorosa a todas as virtudes e a repulsa corajosa ao pecado. Em Cristo Ressuscitado \u00e9 toda a vida do crist\u00e3o que se encontra renovada. \u00c9 preciso, por\u00e9m, deixar Jesus agir atrav\u00e9s de sua gra\u00e7a, de seu poder, de sua miseric\u00f3rdia. Trata-se da presen\u00e7a de Cristo sempre atual, capaz de fazer rolar por terra os muros dos impasses que impedem viver em plenitude o mist\u00e9rio pascal, acolhendo-O como o eterno amigo e salvador. Para quem souber viver o mist\u00e9rio pascal, resplandece a esperan\u00e7a de um dia, no ocaso da passagem por este mundo, poder escutar estas palavras do Mestre divino: \u201cMuito bem servo bom e fiel, entra no gozo do teu Senhor\u201d (Mt 25,21). Isto significar\u00e1 ent\u00e3o a vit\u00f3ria da Vida e do Amor sobre todas as for\u00e7as da morte do corpo e da alma. P\u00e1scoa, deste modo, lan\u00e7a uma mensagem de coragem, de aud\u00e1cia e de alegria que, levada por toda parte, irradiar\u00e1 naqueles que titubeiam na f\u00e9 a procura das veredas da aut\u00eantica ventura. Ent\u00e3o o crist\u00e3o se torna de fato te\u00f3foro, isto \u00e9, portador de Deus, filho de Deus, deificado pela presen\u00e7a do Ressuscitado. O mundo estar\u00e1 ent\u00e3o mais iluminado! Isto porque no dia glorioso da sua ressurrei\u00e7\u00e3o Cristo convida a todos a recome\u00e7ar a viver plenamente, a passar do medo \u00e0 alegria, das trevas \u00e0 luz, da morte \u00e0 vida.<\/p>\n","protected":false},"excerpt":{"rendered":"<p>Por entre o j\u00fabilo pascal fulge a magna verdade da f\u00e9 dos disc\u00edpulos de Cristo, pois se n\u00e3o existisse a ressurrei\u00e7\u00e3o de Jesus, n\u00e3o existiria o cristianismo. Grandiosa a mensagem que fluiu de um t\u00famulo vazio. Diz o Evangelista que Pedro diante do sepulcro no qual n\u00e3o estava o corpo do Mestre, \u201cviu e acreditou\u201d [&hellip;]<\/p>\n","protected":false},"author":7,"featured_media":32782,"comment_status":"open","ping_status":"closed","sticky":false,"template":"","format":"standard","meta":{"footnotes":""},"categories":[9],"tags":[],"class_list":["post-48293","post","type-post","status-publish","format-standard","has-post-thumbnail","hentry","category-artigos"],"_links":{"self":[{"href":"https:\/\/catolicanet.net\/wp-cnet\/wp-json\/wp\/v2\/posts\/48293","targetHints":{"allow":["GET"]}}],"collection":[{"href":"https:\/\/catolicanet.net\/wp-cnet\/wp-json\/wp\/v2\/posts"}],"about":[{"href":"https:\/\/catolicanet.net\/wp-cnet\/wp-json\/wp\/v2\/types\/post"}],"author":[{"embeddable":true,"href":"https:\/\/catolicanet.net\/wp-cnet\/wp-json\/wp\/v2\/users\/7"}],"replies":[{"embeddable":true,"href":"https:\/\/catolicanet.net\/wp-cnet\/wp-json\/wp\/v2\/comments?post=48293"}],"version-history":[{"count":1,"href":"https:\/\/catolicanet.net\/wp-cnet\/wp-json\/wp\/v2\/posts\/48293\/revisions"}],"predecessor-version":[{"id":48294,"href":"https:\/\/catolicanet.net\/wp-cnet\/wp-json\/wp\/v2\/posts\/48293\/revisions\/48294"}],"wp:featuredmedia":[{"embeddable":true,"href":"https:\/\/catolicanet.net\/wp-cnet\/wp-json\/wp\/v2\/media\/32782"}],"wp:attachment":[{"href":"https:\/\/catolicanet.net\/wp-cnet\/wp-json\/wp\/v2\/media?parent=48293"}],"wp:term":[{"taxonomy":"category","embeddable":true,"href":"https:\/\/catolicanet.net\/wp-cnet\/wp-json\/wp\/v2\/categories?post=48293"},{"taxonomy":"post_tag","embeddable":true,"href":"https:\/\/catolicanet.net\/wp-cnet\/wp-json\/wp\/v2\/tags?post=48293"}],"curies":[{"name":"wp","href":"https:\/\/api.w.org\/{rel}","templated":true}]}}