{"id":48290,"date":"2019-04-15T10:24:32","date_gmt":"2019-04-15T13:24:32","guid":{"rendered":"http:\/\/catolicanet.net\/wp-cnet\/?p=48290"},"modified":"2019-04-15T10:24:32","modified_gmt":"2019-04-15T13:24:32","slug":"papa-francisco-jesus-permanece-fiel-ao-caminho-da-humildade","status":"publish","type":"post","link":"https:\/\/catolicanet.net\/wp-cnet\/papa-francisco-jesus-permanece-fiel-ao-caminho-da-humildade\/","title":{"rendered":"Papa Francisco: Jesus permanece fiel ao caminho da humildade"},"content":{"rendered":"<div class=\"article__subTitle\">&#8220;Uma forma sutil de triunfalismo \u00e9 a mundanidade espiritual, que \u00e9 o maior perigo, a mais p\u00e9rfida tenta\u00e7\u00e3o que amea\u00e7a a Igreja. Jesus destruiu o triunfalismo com a sua Paix\u00e3o\u201d, disse Francisco, convidando os jovens, nesta Jornada Mundial da Juventude diocesana, a n\u00e3o terem vergonha de manifestar o seu entusiasmo por Jesus.<\/div>\n<div class=\"title__separator\"><\/div>\n<div class=\"article__text\">\n<p><b>Mariangela Jaguraba &#8211; Cidade do Vaticano<\/b><\/p>\n<p>O Papa Francisco presidiu a missa, deste Domingo de Ramos e da Paix\u00e3o do Senhor (14\/04), na Pra\u00e7a S\u00e3o Pedro, que contou com a participa\u00e7\u00e3o de milhares de fi\u00e9is.<\/p>\n<p>A liturgia solene da Paix\u00e3o do Senhor come\u00e7ou com a b\u00ean\u00e7\u00e3o dos ramos de oliveira, perto do obelisco situado no centro da Pra\u00e7a S\u00e3o Pedro. A seguir, houve a prociss\u00e3o at\u00e9 o adro da Bas\u00edlica de S\u00e3o Pedro.<\/p>\n<p>Em sua <a href=\"https:\/\/nemo.vaticannews.va\/editor.html\/content\/vaticannews\/pt\/papa\/news\/2019-04\/integra-homilia-papa-missa-domingo-ramos.html\" target=\"_blank\" rel=\"external nofollow noopener noreferrer\">homilia<\/a>, Francisco destacou que Jesus nos mostra no Evangelho deste domingo \u201ccomo enfrentar os momentos dif\u00edceis e as tenta\u00e7\u00f5es mais insidiosas, guardando no cora\u00e7\u00e3o uma paz que n\u00e3o \u00e9 isolamento, n\u00e3o \u00e9 ficar impass\u00edvel nem fazer o super-homem, mas confiante abandono ao Pai e \u00e0 sua vontade de salva\u00e7\u00e3o, de vida e miseric\u00f3rdia\u201d.<\/p>\n<div>\n<div class=\"article__embed article__embed--unwrap article__embed--dark\">\n<div class=\"article__innerTitle\">Ou\u00e7a a reportagem<\/div>\n<!--[if lt IE 9]><script>document.createElement('audio');<\/script><![endif]-->\n<audio class=\"wp-audio-shortcode\" id=\"audio-48290-1\" preload=\"none\" style=\"width: 100%;\" controls=\"controls\"><source type=\"audio\/mpeg\" src=\"https:\/\/media.vaticannews.va\/media\/audio\/s1\/2019\/04\/14\/16\/134965449_F134965449.mp3?_=1\" \/><a href=\"https:\/\/media.vaticannews.va\/media\/audio\/s1\/2019\/04\/14\/16\/134965449_F134965449.mp3\">https:\/\/media.vaticannews.va\/media\/audio\/s1\/2019\/04\/14\/16\/134965449_F134965449.mp3<\/a><\/audio>\n<\/div>\n<\/div>\n<h2>Jesus nos mostra o caminho<\/h2>\n<p>Na sua entrada em Jerusal\u00e9m, Jesus \u201ctamb\u00e9m nos mostra o caminho. Nesse acontecimento, o maligno, o pr\u00edncipe deste mundo, tinha uma carta para jogar: a carta do <i>triunfalismo<\/i>, e o Senhor respondeu permanecendo fiel ao seu caminho, <i>o caminho da humildade\u201d<\/i>.<\/p>\n<p>Segundo o Papa, \u201co triunfalismo procura tornar a meta mais pr\u00f3xima por meio de atalhos, falsos comprometimentos. Aposta na subida para o carro do vencedor. O triunfalismo vive de gestos e palavras, que n\u00e3o passaram pelo cadinho da cruz; alimenta-se da compara\u00e7\u00e3o com os outros, julgando-os sempre piores, defeituosos e falhos&#8230; Uma forma sutil de triunfalismo \u00e9 a mundanidade espiritual, que \u00e9 o maior perigo, a mais p\u00e9rfida tenta\u00e7\u00e3o que amea\u00e7a a Igreja. Jesus destruiu o triunfalismo com a sua Paix\u00e3o\u201d.<\/p>\n<div>\n<aside class=\"article__readmore\">\n<div class=\"teaser--labelEvidence teaser teaser--type-angelus\">\n<article>\n<div class=\"teaser__labelWrapper\"><\/div>\n<\/article>\n<\/div>\n<\/aside>\n<\/div>\n<\/div>\n<div>\n<aside class=\"article__readmore\">\n<div class=\"teaser--labelEvidence teaser teaser--type-angelus\">\n<article>\n<div class=\"teaser__contentWrapper\">\n<div><\/div>\n<\/div>\n<\/article>\n<\/div>\n<\/aside>\n<\/div>\n<p>\u201cO Senhor realmente aceitou e alegrou-se com a iniciativa do povo, com os jovens que gritavam o seu nome, aclamando-o Rei e Messias. O seu cora\u00e7\u00e3o rejubilava ao ver o entusiasmo e a festa dos pobres de Israel, de tal maneira que, aos fariseus que lhe pediam para censurar os disc\u00edpulos pelas suas escandalosas aclama\u00e7\u00f5es, Jesus respondeu: \u00abSe eles se calarem, as pedras gritar\u00e3o\u00bb. Humildade n\u00e3o significa negar a realidade, e Jesus \u00e9 realmente o Messias, o Rei.\u201d<\/p>\n<p>O Pont\u00edfice frisou que \u201c<i>ao mesmo tempo<\/i> o cora\u00e7\u00e3o de Cristo encontra-se noutro caminho, no caminho santo que s\u00f3 Ele e o Pai conhecem: aquele que vai da \u00abcondi\u00e7\u00e3o divina\u00bb \u00e0 \u00abcondi\u00e7\u00e3o de servo\u00bb, o caminho da humilha\u00e7\u00e3o na obedi\u00eancia \u00abat\u00e9 \u00e0 morte e morte de cruz\u00bb.\u201d<\/p>\n<h2>Dar espa\u00e7o a Deus<\/h2>\n<p>Jesus \u201csabe que, para chegar ao verdadeiro triunfo, deve <i>dar espa\u00e7o a Deus<\/i>; e, para dar espa\u00e7o a Deus, h\u00e1 somente uma maneira: o <i>despojamento<\/i>, o <i>esvaziamento de si mesmo<\/i>. Calar, rezar, humilhar-se. Com a cruz, n\u00e3o se pode negociar: se deve abra\u00e7\u00e1-la ou recus\u00e1-la. E, com a sua humilha\u00e7\u00e3o, Jesus quis abrir-nos <i>o caminho da f\u00e9<\/i> e preceder-nos nele\u201d.<\/p>\n<p>O Papa recordou que, atr\u00e1s de Jesus, a primeira a percorreu esse caminho \u201cfoi a sua <b>M\u00e3e, Maria, a primeira disc\u00edpula<\/b>. A Virgem e os santos tiveram que padecer para caminhar na f\u00e9 e na vontade de Deus. No meio dos acontecimentos duros e dolorosos da vida, responder com a f\u00e9 custa \u00ab<i>um particular aperto do cora\u00e7\u00e3o<\/i>\u00bb. \u00c9 a noite da f\u00e9. Mas, s\u00f3 desta noite \u00e9 que desponta a aurora da ressurrei\u00e7\u00e3o. Aos p\u00e9s da cruz, Maria repensou nas palavras com as quais o Anjo lhe anunciou o seu Filho: \u00abEle ser\u00e1 grande (\u2026). O Senhor Deus dar\u00e1 a ele o trono de seu pai Davi, reinar\u00e1 para sempre sobre a casa de Jac\u00f3 e o seu reino n\u00e3o ter\u00e1 fim\u00bb.\u201d<\/p>\n<p>Francisco sublinhou que \u201cno G\u00f3lgota, Maria se depara com a nega\u00e7\u00e3o total daquela promessa: o seu Filho agoniza numa cruz como um malfeitor. Deste modo o triunfalismo, destru\u00eddo pela humilha\u00e7\u00e3o de Jesus, foi igualmente destru\u00eddo no cora\u00e7\u00e3o da M\u00e3e; ambos souberam calar\u201d. Depois de Maria, v\u00e1rios santos e santas \u201cseguiram Jesus pelo caminho da humildade e da obedi\u00eancia\u201d.<\/p>\n<h2>Jornada Mundial da Juventude diocesana<\/h2>\n<p>Celebra-se tamb\u00e9m neste domingo a 34\u00aa Jornada Mundial da Juventude. As JMJ s\u00e3o realizadas anualmente no \u00e2mbito diocesano, no Domingo de Ramos. Este ano, o tema da Jornada Mundial da Juventude diocesana \u00e9 \u201cEis aqui a serva do Senhor. Fa\u00e7a-se em mim segundo a tua palavra (Lc 1, 38)\u201d. A esse prop\u00f3sito o Papa disse:<\/p>\n<p>\u201cHoje, Jornada Mundial da Juventude, quero lembrar os in\u00fameros santos e santas jovens, especialmente os da \u00abporta ao lado\u00bb, que s\u00f3 Deus conhece e que \u00e0s vezes Ele gosta de nos revelar de surpresa. Queridos jovens, n\u00e3o tenham vergonha de manifestar o seu entusiasmo por Jesus, gritar que <i>Ele vive<\/i>, que \u00e9 a sua vida. Mas, ao mesmo tempo n\u00e3o tenham medo de segui-lo pelo caminho da cruz. E quando sentirem que Ele lhes pede para renunciar a si mesmos, para se despojar das pr\u00f3prias seguran\u00e7as confiando completamente no Pai que est\u00e1 nos c\u00e9us, ent\u00e3o alegrem-se e exultem! Voc\u00eas est\u00e3o no caminho do Reino de Deus.\u201d<\/p>\n<h2>Sil\u00eancio de Jesus<\/h2>\n<p>Segundo o Papa, \u201c\u00e9 impressionante <i>o sil\u00eancio de Jesus<\/i> na sua Paix\u00e3o. Vence inclusivamente a tenta\u00e7\u00e3o de responder, de ser \u00abmidi\u00e1tico\u00bb. Nos momentos de escurid\u00e3o e grande tribula\u00e7\u00e3o, \u00e9 preciso ficar calado, ter a coragem de calar, contanto que seja um calar manso e n\u00e3o rancoroso\u201d.<\/p>\n<p>\u201cA mansid\u00e3o do sil\u00eancio nos far\u00e1 parecer ainda mais fr\u00e1geis, mais humilhados, e ent\u00e3o o dem\u00f4nio, ganhando coragem, sair\u00e1. Ser\u00e1 necess\u00e1rio resistir-lhe em sil\u00eancio, \u00abconservando a posi\u00e7\u00e3o\u00bb, mas com a mesma atitude de Jesus. Ele sabe que a guerra \u00e9 entre Deus e o pr\u00edncipe deste mundo, e n\u00e3o se trata de empunhar a espada, mas de permanecer calmos, firmes na f\u00e9. Enquanto esperamos que o Senhor venha e acalme a tempestade, com o nosso testemunho silencioso na ora\u00e7\u00e3o, demos a n\u00f3s mesmos e aos outros a \u00abraz\u00e3o da esperan\u00e7a que est\u00e1 em [n\u00f3s]\u00bb\u201d, concluiu Francisco.<\/p>\n","protected":false},"excerpt":{"rendered":"<p>&#8220;Uma forma sutil de triunfalismo \u00e9 a mundanidade espiritual, que \u00e9 o maior perigo, a mais p\u00e9rfida tenta\u00e7\u00e3o que amea\u00e7a a Igreja. Jesus destruiu o triunfalismo com a sua Paix\u00e3o\u201d, disse Francisco, convidando os jovens, nesta Jornada Mundial da Juventude diocesana, a n\u00e3o terem vergonha de manifestar o seu entusiasmo por Jesus. Mariangela Jaguraba &#8211; [&hellip;]<\/p>\n","protected":false},"author":1,"featured_media":48291,"comment_status":"open","ping_status":"closed","sticky":false,"template":"","format":"standard","meta":{"footnotes":""},"categories":[3],"tags":[],"class_list":["post-48290","post","type-post","status-publish","format-standard","has-post-thumbnail","hentry","category-vaticano"],"_links":{"self":[{"href":"https:\/\/catolicanet.net\/wp-cnet\/wp-json\/wp\/v2\/posts\/48290","targetHints":{"allow":["GET"]}}],"collection":[{"href":"https:\/\/catolicanet.net\/wp-cnet\/wp-json\/wp\/v2\/posts"}],"about":[{"href":"https:\/\/catolicanet.net\/wp-cnet\/wp-json\/wp\/v2\/types\/post"}],"author":[{"embeddable":true,"href":"https:\/\/catolicanet.net\/wp-cnet\/wp-json\/wp\/v2\/users\/1"}],"replies":[{"embeddable":true,"href":"https:\/\/catolicanet.net\/wp-cnet\/wp-json\/wp\/v2\/comments?post=48290"}],"version-history":[{"count":1,"href":"https:\/\/catolicanet.net\/wp-cnet\/wp-json\/wp\/v2\/posts\/48290\/revisions"}],"predecessor-version":[{"id":48292,"href":"https:\/\/catolicanet.net\/wp-cnet\/wp-json\/wp\/v2\/posts\/48290\/revisions\/48292"}],"wp:featuredmedia":[{"embeddable":true,"href":"https:\/\/catolicanet.net\/wp-cnet\/wp-json\/wp\/v2\/media\/48291"}],"wp:attachment":[{"href":"https:\/\/catolicanet.net\/wp-cnet\/wp-json\/wp\/v2\/media?parent=48290"}],"wp:term":[{"taxonomy":"category","embeddable":true,"href":"https:\/\/catolicanet.net\/wp-cnet\/wp-json\/wp\/v2\/categories?post=48290"},{"taxonomy":"post_tag","embeddable":true,"href":"https:\/\/catolicanet.net\/wp-cnet\/wp-json\/wp\/v2\/tags?post=48290"}],"curies":[{"name":"wp","href":"https:\/\/api.w.org\/{rel}","templated":true}]}}