{"id":4816,"date":"2014-07-07T16:28:35","date_gmt":"2014-07-07T19:28:35","guid":{"rendered":"http:\/\/catolicanet.net\/wp-cnet\/onu-alerta-para-falta-de-verbas-para-socorrer-refugiados-sirios\/"},"modified":"2017-04-06T09:47:19","modified_gmt":"2017-04-06T12:47:19","slug":"onu-alerta-para-falta-de-verbas-para-socorrer-refugiados-sirios","status":"publish","type":"post","link":"https:\/\/catolicanet.net\/wp-cnet\/onu-alerta-para-falta-de-verbas-para-socorrer-refugiados-sirios\/","title":{"rendered":"ONU alerta para falta de verbas para socorrer refugiados s\u00edrios"},"content":{"rendered":"<p style=\"text-align: justify;\"><img decoding=\"async\" src=\"http:\/\/catolicanet.com.br\/images\/stories\/refugiadossirios.jpg\" border=\"0\" align=\"left\" \/>O Alto Comissariado das Na\u00e7\u00f5es Unidas para Refugiados, Acnur, lan\u00e7ou um alerta sobre a falta de recursos para socorrer as v\u00edtimas da guerra civil na S\u00edria. Segundo a ONU, a crise est\u00e1 se tornando o maior deslocamento de pessoas em todo o mundo.<\/p>\n<p>Em comunicado, o chefe do Acnur, Ant\u00f3nio Guterres, disse que a falta de verbas pode resultar em terr\u00edveis consequ\u00eancias para os refugiados e tamb\u00e9m em instabilidade de toda a regi\u00e3o.<\/p>\n<p>Na \u00faltima sexta-feira, o Acnur divulgou uma atualiza\u00e7\u00e3o do apelo feito para o Plano Regional de Resposta \u00e0 S\u00edria. Foram pedidos US$ 3,7 bilh\u00f5es, equivalentes a mais de R$ 8,5 bilh\u00f5es. Mas apenas cerca de um ter\u00e7o deste total foi entregue at\u00e9 agora.<\/p>\n<p>A ajuda deve financiar programas para refugiados em pa\u00edses como Egito, L\u00edbano, Iraque, Jord\u00e2nia, Turquia e S\u00edria.<\/p>\n<p>Guterres falou ainda sobre o conflito no Iraque e os movimentos constantes de refugiados, o que segundo ele t\u00eam implica\u00e7\u00f5es nas quest\u00f5es humanit\u00e1ria e de seguran\u00e7a.<\/p>\n<p>At\u00e9 o momento, o Acnur recebeu cerca de US$ 1,1 bilh\u00e3o para o plano de resposta. A ag\u00eancia da ONU estima que at\u00e9 o fim deste ano, 3,6 milh\u00f5es de refugiados estejam vivendo na regi\u00e3o.<\/p>\n<p>O Acnur acredita que o risco de viol\u00eancia para meninas e mulheres possa aumentar com a falta de verba assim como os \u00edndices de m\u00e1 nutri\u00e7\u00e3o por causa da redu\u00e7\u00e3o do n\u00famero de ra\u00e7\u00f5es.<\/p>\n<p>Um outro problema \u00e9 a superlota\u00e7\u00e3o das escolas nos pa\u00edses vizinhos. Mais de 350 mil crian\u00e7as s\u00edrias est\u00e3o matriculadas em col\u00e9gios da regi\u00e3o. Doen\u00e7as como diarreia, poliomielite e outras infec\u00e7\u00f5es causadas por \u00e1gua contaminada tamb\u00e9m preocupam as ag\u00eancias humanit\u00e1rias.<\/p>\n<p>Segundo o Acnur, 100 mil refugiados chegam todos os meses aos pa\u00edses vizinhos da S\u00edria para fugir da viol\u00eancia e da guerra.<\/p>\n<p>Fonte: R\u00e1dio Vaticano<br \/>Local: Genebra<\/p>\n","protected":false},"excerpt":{"rendered":"<p>O Alto Comissariado das Na\u00e7\u00f5es Unidas para Refugiados, Acnur, lan\u00e7ou um alerta sobre a falta de recursos para socorrer as v\u00edtimas da guerra civil na S\u00edria. Segundo a ONU, a crise est\u00e1 se tornando o maior deslocamento de pessoas em todo o mundo. Em comunicado, o chefe do Acnur, Ant\u00f3nio Guterres, disse que a falta [&hellip;]<\/p>\n","protected":false},"author":1,"featured_media":0,"comment_status":"closed","ping_status":"closed","sticky":false,"template":"","format":"standard","meta":{"footnotes":""},"categories":[3],"tags":[],"class_list":["post-4816","post","type-post","status-publish","format-standard","hentry","category-vaticano"],"_links":{"self":[{"href":"https:\/\/catolicanet.net\/wp-cnet\/wp-json\/wp\/v2\/posts\/4816","targetHints":{"allow":["GET"]}}],"collection":[{"href":"https:\/\/catolicanet.net\/wp-cnet\/wp-json\/wp\/v2\/posts"}],"about":[{"href":"https:\/\/catolicanet.net\/wp-cnet\/wp-json\/wp\/v2\/types\/post"}],"author":[{"embeddable":true,"href":"https:\/\/catolicanet.net\/wp-cnet\/wp-json\/wp\/v2\/users\/1"}],"replies":[{"embeddable":true,"href":"https:\/\/catolicanet.net\/wp-cnet\/wp-json\/wp\/v2\/comments?post=4816"}],"version-history":[{"count":1,"href":"https:\/\/catolicanet.net\/wp-cnet\/wp-json\/wp\/v2\/posts\/4816\/revisions"}],"predecessor-version":[{"id":9735,"href":"https:\/\/catolicanet.net\/wp-cnet\/wp-json\/wp\/v2\/posts\/4816\/revisions\/9735"}],"wp:attachment":[{"href":"https:\/\/catolicanet.net\/wp-cnet\/wp-json\/wp\/v2\/media?parent=4816"}],"wp:term":[{"taxonomy":"category","embeddable":true,"href":"https:\/\/catolicanet.net\/wp-cnet\/wp-json\/wp\/v2\/categories?post=4816"},{"taxonomy":"post_tag","embeddable":true,"href":"https:\/\/catolicanet.net\/wp-cnet\/wp-json\/wp\/v2\/tags?post=4816"}],"curies":[{"name":"wp","href":"https:\/\/api.w.org\/{rel}","templated":true}]}}