{"id":48138,"date":"2019-04-10T13:08:20","date_gmt":"2019-04-10T16:08:20","guid":{"rendered":"http:\/\/catolicanet.net\/wp-cnet\/?p=48138"},"modified":"2019-04-10T13:12:16","modified_gmt":"2019-04-10T16:12:16","slug":"somos-todos-devedores-do-amor-de-deus-ele-jamais-deixara-de-nos-amar","status":"publish","type":"post","link":"https:\/\/catolicanet.net\/wp-cnet\/somos-todos-devedores-do-amor-de-deus-ele-jamais-deixara-de-nos-amar\/","title":{"rendered":"&#8220;Somos todos devedores do amor de Deus. Ele jamais deixar\u00e1 de nos amar&#8221;"},"content":{"rendered":"<div>\n<p><iframe loading=\"lazy\" width=\"696\" height=\"392\" src=\"https:\/\/www.youtube.com\/embed\/jbt6rJXW7z4?feature=oembed\" frameborder=\"0\" allow=\"accelerometer; autoplay; encrypted-media; gyroscope; picture-in-picture\" allowfullscreen><\/iframe><\/p>\n<\/div>\n<div class=\"article__subTitle\">Falando aos fi\u00e9is na Pra\u00e7a S\u00e3o Pedro, o Papa prosseguiu o ciclo de aprofundamento sobre a ora\u00e7\u00e3o do Pai Nosso, lembrando que &#8216;assim como temos necessidade do p\u00e3o, precisamos tamb\u00e9m do perd\u00e3o&#8217;.<\/div>\n<div class=\"title__separator\"><\/div>\n<div class=\"article__text\">\n<p><b>Cristiane Murray &#8211; Cidade do Vaticano<\/b><\/p>\n<p>Nesta chuvosa quarta-feira de primavera, cerca de 15 mil pessoas participaram da audi\u00eancia geral com o <b>Papa Francisco<\/b> na Pra\u00e7a S\u00e3o Pedro. Em sua catequese, o Pont\u00edfice prosseguiu o ciclo de aprofundamento sobre a ora\u00e7\u00e3o do <b>Pai nosso<\/b>.<\/p>\n<p>Depois de pedir \u2018o p\u00e3o nosso de cada dia\u2019, a ora\u00e7\u00e3o entra no campo das nossas rela\u00e7\u00f5es com os outros: \u00abPerdoai-nos as nossas ofensas assim como n\u00f3s perdoamos a quem nos tem ofendido\u00bb.<\/p>\n<h2>Assim como temos necessidade do p\u00e3o, precisamos do perd\u00e3o. Todos os dias<\/h2>\n<p>Em seguida, o Papa ressaltou que a posi\u00e7\u00e3o mais perigosa da vida \u00e9 a do orgulho: a atitude de quem se coloca diante de Deus pensando que as suas contas com Ele est\u00e3o em ordem\u201d.<\/p>\n<p>O Papa citou o fariseu narrado na par\u00e1bola de Lucas que, no templo, pensava que estava rezando, quando na verdade estava apenas louvando-se a si mesmo diante de Deus. Por sua vez, o publicano \u2013 um pecador desprezado por todos \u2013 n\u00e3o se sente digno sequer de entrar no templo, fica ao fundo e confia-se \u00e0 miseric\u00f3rdia de Deus. Ent\u00e3o Jesus comenta: \u201cEste, o publicano, voltou para casa justificado (isto \u00e9, perdoado, salvo); e o outro, n\u00e3o\u201d.<\/p>\n<p>\u201c H\u00e1 pecados que se veem e outros que passam despercebidos aos olhos dos demais e, por vezes, nem n\u00f3s pr\u00f3prios nos damos conta. O pior destes \u00e9 a soberba, o orgulho: o pecado que rompe a fraternidade, levando-nos a presumir que somos melhores do que os outros, que nos faz crer que somos iguais a Deus. \u201d<\/p>\n<p>Diante de Deus, frisou o Papa, somos todos pecadores; e n\u00e3o faltam motivos para batermos no peito, como aquele publicano no templo.<\/p>\n<div>\n<div class=\"article__embed article__embed--unwrap article__embed--dark\">\n<div class=\"article__innerTitle\">Ou\u00e7a a reportagem completa com a voz do Papa<\/div>\n<div>\n<!--[if lt IE 9]><script>document.createElement('audio');<\/script><![endif]-->\n<audio class=\"wp-audio-shortcode\" id=\"audio-48138-1\" preload=\"none\" style=\"width: 100%;\" controls=\"controls\"><source type=\"audio\/mpeg\" src=\"https:\/\/media.vaticannews.va\/media\/audio\/s1\/2019\/04\/10\/10\/134958286_F134958286.mp3?_=1\" \/><a href=\"https:\/\/media.vaticannews.va\/media\/audio\/s1\/2019\/04\/10\/10\/134958286_F134958286.mp3\">https:\/\/media.vaticannews.va\/media\/audio\/s1\/2019\/04\/10\/10\/134958286_F134958286.mp3<\/a><\/audio>\n<\/div>\n<\/div>\n<\/div>\n<p>\u201cSomos devedores porque recebemos tanto nesta vida: a exist\u00eancia, um pai e uma m\u00e3e, a amizade, as maravilhas da Cria\u00e7\u00e3o\u2026 Embora aconte\u00e7a com todos de ter dias dif\u00edceis, temos sempre que lembrar que a vida \u00e9 uma gra\u00e7a, \u00e9 o milagre que Deus tirou do nada\u201d.<\/p>\n<h2>Amamos porque fomos amados<\/h2>\n<p>E ainda: somos devedores tamb\u00e9m porque nenhum de n\u00f3s brilha de luz pr\u00f3pria, ningu\u00e9m \u00e9 capaz de amar com suas pr\u00f3prias for\u00e7as. Se amamos, \u00e9 porque algu\u00e9m nos sorriu quando \u00e9ramos pequenos e nos ensinou a responder com o sorriso. Algu\u00e9m perto de n\u00f3s nos despertou ao amor. \u00c9 o <i>mysterium lunae<\/i>: amamos, antes de tudo, porque fomos amados; perdoamos porque fomos perdoados. E se uma pessoa n\u00e3o foi iluminada pela luz do sol, fica g\u00e9lida como o terreno no inverno.<\/p>\n<\/div>\n<p>\u201cA verdade \u2013 concluiu o Papa \u2013 \u00e9 que ningu\u00e9m ama tanto a Deus como Ele nos amou a n\u00f3s. Basta fixar Jesus crucificado para vermos a despropor\u00e7\u00e3o: amou-nos primeiro e n\u00e3o deixar\u00e1 jamais de nos amar\u201d.<\/p>\n","protected":false},"excerpt":{"rendered":"<p>Falando aos fi\u00e9is na Pra\u00e7a S\u00e3o Pedro, o Papa prosseguiu o ciclo de aprofundamento sobre a ora\u00e7\u00e3o do Pai Nosso, lembrando que &#8216;assim como temos necessidade do p\u00e3o, precisamos tamb\u00e9m do perd\u00e3o&#8217;. Cristiane Murray &#8211; Cidade do Vaticano Nesta chuvosa quarta-feira de primavera, cerca de 15 mil pessoas participaram da audi\u00eancia geral com o Papa [&hellip;]<\/p>\n","protected":false},"author":1,"featured_media":48158,"comment_status":"open","ping_status":"closed","sticky":false,"template":"","format":"standard","meta":{"footnotes":""},"categories":[13],"tags":[],"class_list":["post-48138","post","type-post","status-publish","format-standard","has-post-thumbnail","hentry","category-featured"],"_links":{"self":[{"href":"https:\/\/catolicanet.net\/wp-cnet\/wp-json\/wp\/v2\/posts\/48138","targetHints":{"allow":["GET"]}}],"collection":[{"href":"https:\/\/catolicanet.net\/wp-cnet\/wp-json\/wp\/v2\/posts"}],"about":[{"href":"https:\/\/catolicanet.net\/wp-cnet\/wp-json\/wp\/v2\/types\/post"}],"author":[{"embeddable":true,"href":"https:\/\/catolicanet.net\/wp-cnet\/wp-json\/wp\/v2\/users\/1"}],"replies":[{"embeddable":true,"href":"https:\/\/catolicanet.net\/wp-cnet\/wp-json\/wp\/v2\/comments?post=48138"}],"version-history":[{"count":3,"href":"https:\/\/catolicanet.net\/wp-cnet\/wp-json\/wp\/v2\/posts\/48138\/revisions"}],"predecessor-version":[{"id":48159,"href":"https:\/\/catolicanet.net\/wp-cnet\/wp-json\/wp\/v2\/posts\/48138\/revisions\/48159"}],"wp:featuredmedia":[{"embeddable":true,"href":"https:\/\/catolicanet.net\/wp-cnet\/wp-json\/wp\/v2\/media\/48158"}],"wp:attachment":[{"href":"https:\/\/catolicanet.net\/wp-cnet\/wp-json\/wp\/v2\/media?parent=48138"}],"wp:term":[{"taxonomy":"category","embeddable":true,"href":"https:\/\/catolicanet.net\/wp-cnet\/wp-json\/wp\/v2\/categories?post=48138"},{"taxonomy":"post_tag","embeddable":true,"href":"https:\/\/catolicanet.net\/wp-cnet\/wp-json\/wp\/v2\/tags?post=48138"}],"curies":[{"name":"wp","href":"https:\/\/api.w.org\/{rel}","templated":true}]}}