{"id":48025,"date":"2019-04-05T08:55:37","date_gmt":"2019-04-05T11:55:37","guid":{"rendered":"http:\/\/catolicanet.net\/wp-cnet\/?p=48025"},"modified":"2019-04-05T08:55:37","modified_gmt":"2019-04-05T11:55:37","slug":"frei-cantalamessa-adoraras-ao-senhor-teu-deus","status":"publish","type":"post","link":"https:\/\/catolicanet.net\/wp-cnet\/frei-cantalamessa-adoraras-ao-senhor-teu-deus\/","title":{"rendered":"Frei Cantalamessa: \u201cAdorar\u00e1s ao Senhor teu Deus!\u201d"},"content":{"rendered":"<div class=\"article__subTitle\">\u201cA adora\u00e7\u00e3o Eucar\u00edstica \u00e9 uma das formas mais eficazes de evangeliza\u00e7\u00e3o\u201d. Palavras do Frei Raniero Cantalamessa na Quarta Prega\u00e7\u00e3o da Quaresma para o Santo Padre e a C\u00faria Romana na manh\u00e3 desta sexta-feira (05\/04) na Capela Redemptoris Mater, no Vaticano<\/div>\n<div class=\"title__separator\"><\/div>\n<div class=\"article__text\">\n<p><b>Manoel Tavares &#8211; Cidade do Vaticano<\/b><\/p>\n<p>O Padre Raniero Cantalamessa, Pregador oficial da Casa Pontif\u00edcia, continuou, na manh\u00e3 desta sexta-feira (05\/4), na Capela \u201cRedemptoris Mater\u201d, no Vaticano, as suas medita\u00e7\u00f5es de Quaresma, das quais participam o Santo Padre e a C\u00faria Roma.<\/p>\n<div>\n<div class=\"article__embed article__embed--unwrap article__embed--dark\">\n<div class=\"article__innerTitle\">Ou\u00e7a e compartilhe<\/div>\n<\/div>\n<\/div>\n<div>\n<p>Nesta quarta prega\u00e7\u00e3o, do per\u00edodo quaresmal, o Capuchinho continuou a aprofundar o tema: \u201c<i>Voltar para dentro de si mesmo<\/i>\u201d, extra\u00eddo do pensamento de Santo Agostinho.<\/p>\n<h2><b>Deus vivo<\/b><\/h2>\n<p>Frei Cantalamessa iniciou sua medita\u00e7\u00e3o recordando que, este ano, celebramos o oitavo centen\u00e1rio do encontro de S\u00e3o Francisco de Assis com o Sult\u00e3o do Egito al-Kamil, ocorrido em 1219, ao regressar da sua viagem ao Oriente.<\/p>\n<p>Este evento, disse o Pregador, tem um detalhe que diz respeito ao tema das medita\u00e7\u00f5es quaresmais sobre o \u201cDeus vivo\u201d.<\/p>\n<p>Ao voltar do Oriente, o Pobrezinho de Assis escreveu uma carta de exorta\u00e7\u00e3o aos Poderosos das Na\u00e7\u00f5es.<\/p>\n<p>Acredita-se que o Santo tenha se inspirado na sua viagem ao Oriente, onde ouviu a ora\u00e7\u00e3o vespertina dos muezins atrav\u00e9s dos minaretes. Um belo exemplo, n\u00e3o s\u00f3 de di\u00e1logo entre as diferentes religi\u00f5es, mas tamb\u00e9m de enriquecimento m\u00fatuo.<\/p>\n<p>N\u00f3s, crist\u00e3os, &#8211; disse o Pregador da Casa Pontif\u00edcia &#8211; temos uma imagem diferente de Deus: um Deus que \u00e9 amor infinito, al\u00e9m de poder infinito, ao qual temos a obriga\u00e7\u00e3o primordial de adorar: \u201c<i>Vir\u00e1 a hora, e j\u00e1 chegou, em que os verdadeiros adoradores dever\u00e3o adorar o Pai em esp\u00edrito e verdade<\/i>\u201d, diz o evangelista Jo\u00e3o.<\/p>\n<div>\n<aside class=\"article__readmore\">\n<div class=\"teaser--labelEvidence teaser teaser--type-article\">\n<article>\n<div class=\"teaser__labelWrapper\"><\/div>\n<\/article>\n<\/div>\n<\/aside>\n<\/div>\n<h2><b>Adora\u00e7\u00e3o<\/b><\/h2>\n<p>O Novo Testamento deu maior dignidade \u00e0 palavra \u201cadora\u00e7\u00e3o\u201d. De fato, \u201c<i>Est\u00e1 escrito: ao Senhor, teu Deus adorar\u00e1s, s\u00f3 a ele prestar\u00e1s culto<\/i>&#8220;.<\/p>\n<p>A Igreja \u2013 disse Cantalamessa &#8211; retomou este ensinamento, fazendo da adora\u00e7\u00e3o o ato por excel\u00eancia do culto. A adora\u00e7\u00e3o \u00e9 o \u00fanico ato religioso que n\u00e3o pode ser oferecido a ningu\u00e9m, em todo o universo, nem sequer a Nossa Senhora, mas apenas a Deus.<\/p>\n<p>A atitude externa, que corresponde \u00e0 adora\u00e7\u00e3o, \u00e9, geralmente, a genuflex\u00e3o, o gesto de dobrar os joelhos.<\/p>\n<p>Mas, o que significa, realmente, adorar, perguntou o Frei Capuchinho. A express\u00e3o de adora\u00e7\u00e3o mais eficaz, do que qualquer palavra, afirmou, \u00e9 o sil\u00eancio, na presen\u00e7a do Senhor Deus!&#8221; Adorar, segundo a maravilhosa afirma\u00e7\u00e3o de S\u00e3o Greg\u00f3rio de Nazianzeno, significa \u201celevar a Deus um hino de sil\u00eancio&#8221;! \u00c9 consentir a Deus ser Deus.<\/p>\n<p>Mas, adorar a Deus n\u00e3o \u00e9 tanto um dever, uma obriga\u00e7\u00e3o, mas um privil\u00e9gio, uma necessidade. O homem precisa de algo majestoso para amar e adorar! Ele foi criado para isto.\u00a0 N\u00e3o \u00e9 Deus que precisa ser adorado, mas o homem que precisa adorar. No entanto, adora\u00e7\u00e3o deve ser um ato livre.<\/p>\n<p>O Padre Raniero Cantalamessa concluiu sua quarta prega\u00e7\u00e3o de Quaresma dizendo que a Igreja Cat\u00f3lica tem uma forma particular de adora\u00e7\u00e3o: adora\u00e7\u00e3o Eucar\u00edstica, o culto eucar\u00edstico, a contempla\u00e7\u00e3o de Cristo e do seu mist\u00e9rio. Enfim, a adora\u00e7\u00e3o Eucar\u00edstica \u00e9 uma das formas mais eficazes de evangeliza\u00e7\u00e3o.<\/p>\n<p>O Pregador terminou sua medita\u00e7\u00e3o com o Salmo: \u201cVinde, inclinemo-nos em adora\u00e7\u00e3o; ajoelhemo-nos diante do Senhor que nos criou. Ele \u00e9 nosso Deus! N\u00f3s somos as suas ovelhas e ele o nosso Pastor\u201d!<\/p>\n<\/div>\n<\/div>\n","protected":false},"excerpt":{"rendered":"<p>\u201cA adora\u00e7\u00e3o Eucar\u00edstica \u00e9 uma das formas mais eficazes de evangeliza\u00e7\u00e3o\u201d. Palavras do Frei Raniero Cantalamessa na Quarta Prega\u00e7\u00e3o da Quaresma para o Santo Padre e a C\u00faria Romana na manh\u00e3 desta sexta-feira (05\/04) na Capela Redemptoris Mater, no Vaticano Manoel Tavares &#8211; Cidade do Vaticano O Padre Raniero Cantalamessa, Pregador oficial da Casa Pontif\u00edcia, [&hellip;]<\/p>\n","protected":false},"author":1,"featured_media":48026,"comment_status":"open","ping_status":"closed","sticky":false,"template":"","format":"standard","meta":{"footnotes":""},"categories":[3],"tags":[],"class_list":["post-48025","post","type-post","status-publish","format-standard","has-post-thumbnail","hentry","category-vaticano"],"_links":{"self":[{"href":"https:\/\/catolicanet.net\/wp-cnet\/wp-json\/wp\/v2\/posts\/48025","targetHints":{"allow":["GET"]}}],"collection":[{"href":"https:\/\/catolicanet.net\/wp-cnet\/wp-json\/wp\/v2\/posts"}],"about":[{"href":"https:\/\/catolicanet.net\/wp-cnet\/wp-json\/wp\/v2\/types\/post"}],"author":[{"embeddable":true,"href":"https:\/\/catolicanet.net\/wp-cnet\/wp-json\/wp\/v2\/users\/1"}],"replies":[{"embeddable":true,"href":"https:\/\/catolicanet.net\/wp-cnet\/wp-json\/wp\/v2\/comments?post=48025"}],"version-history":[{"count":1,"href":"https:\/\/catolicanet.net\/wp-cnet\/wp-json\/wp\/v2\/posts\/48025\/revisions"}],"predecessor-version":[{"id":48027,"href":"https:\/\/catolicanet.net\/wp-cnet\/wp-json\/wp\/v2\/posts\/48025\/revisions\/48027"}],"wp:featuredmedia":[{"embeddable":true,"href":"https:\/\/catolicanet.net\/wp-cnet\/wp-json\/wp\/v2\/media\/48026"}],"wp:attachment":[{"href":"https:\/\/catolicanet.net\/wp-cnet\/wp-json\/wp\/v2\/media?parent=48025"}],"wp:term":[{"taxonomy":"category","embeddable":true,"href":"https:\/\/catolicanet.net\/wp-cnet\/wp-json\/wp\/v2\/categories?post=48025"},{"taxonomy":"post_tag","embeddable":true,"href":"https:\/\/catolicanet.net\/wp-cnet\/wp-json\/wp\/v2\/tags?post=48025"}],"curies":[{"name":"wp","href":"https:\/\/api.w.org\/{rel}","templated":true}]}}