{"id":48020,"date":"2019-04-05T08:44:10","date_gmt":"2019-04-05T11:44:10","guid":{"rendered":"http:\/\/catolicanet.net\/wp-cnet\/?p=48020"},"modified":"2019-04-05T10:37:33","modified_gmt":"2019-04-05T13:37:33","slug":"dom-vilsom-dedicar-tempo-energias-e-recursos-financeiros-a-juventude-e-o-que-pede-o-sinodo","status":"publish","type":"post","link":"https:\/\/catolicanet.net\/wp-cnet\/dom-vilsom-dedicar-tempo-energias-e-recursos-financeiros-a-juventude-e-o-que-pede-o-sinodo\/","title":{"rendered":"Dom Vilsom: \u2018Dedicar tempo, energias e recursos financeiros \u00e0 juventude\u2019 \u00e9 o que pede o S\u00ednodo"},"content":{"rendered":"<p>No calor da divulga\u00e7\u00e3o da Exorta\u00e7\u00e3o P\u00f3s Sinodal <em>Christus Vivit<\/em>\u00a0(cujo link encontra-se abaixo nesta mat\u00e9ria) dirigida aos jovens e a todo povo de Deus pelo papa Francisco, o bispo de Imperatriz (MA) e presidente da Comiss\u00e3o Episcopal Pastoral para a Juventude da Confer\u00eancia Nacional dos Bispos do Brasil (CNBB), dom Vilsom Basso, fala sobre o que as Igrejas, comunidades e par\u00f3quias podem fazer para acolher a mensagem do papa e as delibera\u00e7\u00f5es do S\u00ednodo dos Bispos de 2018.<\/p>\n<div id=\"attachment_208875\" class=\"wp-caption alignright\">\n<p><a href=\"http:\/\/www.cnbb.org.br\/projetos-pastorais-marcam-quadrienio-da-comissao-para-a-juventude-da-cnbb\/dom-vilsom-2\/\"><img loading=\"lazy\" decoding=\"async\" class=\"wp-image-208875 size-medium\" src=\"http:\/\/www.cnbb.org.br\/wp-content\/uploads\/sites\/32\/2019\/03\/Dom-Vilsom-300x190.jpg\" srcset=\"http:\/\/www.cnbb.org.br\/wp-content\/uploads\/sites\/32\/2019\/03\/Dom-Vilsom-300x190.jpg 300w, http:\/\/www.cnbb.org.br\/wp-content\/uploads\/sites\/32\/2019\/03\/Dom-Vilsom-768x487.jpg 768w, http:\/\/www.cnbb.org.br\/wp-content\/uploads\/sites\/32\/2019\/03\/Dom-Vilsom-1024x650.jpg 1024w, http:\/\/www.cnbb.org.br\/wp-content\/uploads\/sites\/32\/2019\/03\/Dom-Vilsom.jpg 1040w\" alt=\"\" width=\"300\" height=\"190\" aria-describedby=\"caption-attachment-208875\" \/><\/a><\/p>\n<p id=\"caption-attachment-208875\" class=\"wp-caption-text\">Dom Vilsom Basso, presidente da Comiss\u00e3o Episcopal Pastoral para a Juventude da CNBB. Foto: Assessoria de Imprensa da CNBB\/Daniel Flores<\/p>\n<\/div>\n<p>Segundo o religioso, para acolher a mensagem do S\u00ednodo e viver a op\u00e7\u00e3o pelos jovens as comunidades precisam dedicar tempo, energias e recursos financeiros. \u201cO desafio agora \u00e9 acolher, apoiar, ouvir e escutar a juventude em nossas comunidades. Tudo que pudermos fazer, com certeza, ainda ser\u00e1 pouco. Porque a juventude \u00e9 o hoje, o amanh\u00e3 e o futuro de nossa Igreja\u201d, disse.<\/p>\n<p>Para dom Vilsom, o gesto tem que partir, em primeiro lugar, dos bispos, dos padres e das lideran\u00e7as. \u201c\u00c9 preciso dedicar tempo, aten\u00e7\u00e3o e apoiar todas as causas juvenis em nossas comunidades. \u00c9 o caminho que o papa Francisco e o S\u00ednodo dos bispos nos pedem\u201d, disse. O bispo refor\u00e7a que o documento final do S\u00ednodo afirma que todos os jovens est\u00e3o no cora\u00e7\u00e3o de Deus e que \u00e9 hora da Igreja torna-los parte de seu cora\u00e7\u00e3o.<\/p>\n<p>O bispo reconhece que j\u00e1 h\u00e1 uma grande caminhada da Igreja na Am\u00e9rica Latina que, em 1979, em Puebla, fez a op\u00e7\u00e3o pelos jovens no continente e a partir da qual muitas experi\u00eancias foram vividas e escritas. Contudo, refor\u00e7a que o desafio agora \u00e9 continuar escrevendo esta hist\u00f3ria, demonstrando amor especial e carinho para a juventude.<\/p>\n<p>Exorta\u00e7\u00e3o Apost\u00f3lica <em>Cristo vive<\/em> \u2013 \u201cEle a nossa esperan\u00e7a e a mais bela juventude deste mundo! Tudo o que toca torna-se jovem, fica novo, enche-se de vida. Por isso as primeiras palavras, que quero dirigir a cada jovem crist\u00e3o, s\u00e3o estas: Ele vive e quer-te vivo!\u201d\u00a0Assim come\u00e7a a Exorta\u00e7\u00e3o Apost\u00f3lica p\u00f3s-sinodal \u201cChristus vivit\u201d do papa Francisco, assinada segunda-feira, 25 de mar\u00e7o, na Santa Casa de Loreto, e dirigida \u201caos jovens e a todo o povo de Deus\u201d.\u00a0No documento, composto por nove cap\u00edtulos divididos em 299 par\u00e1grafos, o Papa explica que se deixou \u201cinspirar pela riqueza das reflex\u00f5es e di\u00e1logos do S\u00ednodo dos jovens\u201d, celebrado no Vaticano em outubro de 2018.<\/p>\n<p>Conhe\u00e7a o a exorta\u00e7\u00e3o clicando aqui <a href=\"http:\/\/w2.vatican.va\/content\/francesco\/pt\/apost_exhortations\/documents\/papa-francesco_esortazione-ap_20190325_christus-vivit.html\">Cristo Vive<\/a><\/p>\n<div class=\"article-main-next-prev\">\n<div class=\"paragraph-row\"><\/div>\n<\/div>\n","protected":false},"excerpt":{"rendered":"<p>No calor da divulga\u00e7\u00e3o da Exorta\u00e7\u00e3o P\u00f3s Sinodal Christus Vivit\u00a0(cujo link encontra-se abaixo nesta mat\u00e9ria) dirigida aos jovens e a todo povo de Deus pelo papa Francisco, o bispo de Imperatriz (MA) e presidente da Comiss\u00e3o Episcopal Pastoral para a Juventude da Confer\u00eancia Nacional dos Bispos do Brasil (CNBB), dom Vilsom Basso, fala sobre o [&hellip;]<\/p>\n","protected":false},"author":1,"featured_media":48030,"comment_status":"open","ping_status":"closed","sticky":false,"template":"","format":"standard","meta":{"footnotes":""},"categories":[7],"tags":[],"class_list":["post-48020","post","type-post","status-publish","format-standard","has-post-thumbnail","hentry","category-cnbb"],"_links":{"self":[{"href":"https:\/\/catolicanet.net\/wp-cnet\/wp-json\/wp\/v2\/posts\/48020","targetHints":{"allow":["GET"]}}],"collection":[{"href":"https:\/\/catolicanet.net\/wp-cnet\/wp-json\/wp\/v2\/posts"}],"about":[{"href":"https:\/\/catolicanet.net\/wp-cnet\/wp-json\/wp\/v2\/types\/post"}],"author":[{"embeddable":true,"href":"https:\/\/catolicanet.net\/wp-cnet\/wp-json\/wp\/v2\/users\/1"}],"replies":[{"embeddable":true,"href":"https:\/\/catolicanet.net\/wp-cnet\/wp-json\/wp\/v2\/comments?post=48020"}],"version-history":[{"count":2,"href":"https:\/\/catolicanet.net\/wp-cnet\/wp-json\/wp\/v2\/posts\/48020\/revisions"}],"predecessor-version":[{"id":48031,"href":"https:\/\/catolicanet.net\/wp-cnet\/wp-json\/wp\/v2\/posts\/48020\/revisions\/48031"}],"wp:featuredmedia":[{"embeddable":true,"href":"https:\/\/catolicanet.net\/wp-cnet\/wp-json\/wp\/v2\/media\/48030"}],"wp:attachment":[{"href":"https:\/\/catolicanet.net\/wp-cnet\/wp-json\/wp\/v2\/media?parent=48020"}],"wp:term":[{"taxonomy":"category","embeddable":true,"href":"https:\/\/catolicanet.net\/wp-cnet\/wp-json\/wp\/v2\/categories?post=48020"},{"taxonomy":"post_tag","embeddable":true,"href":"https:\/\/catolicanet.net\/wp-cnet\/wp-json\/wp\/v2\/tags?post=48020"}],"curies":[{"name":"wp","href":"https:\/\/api.w.org\/{rel}","templated":true}]}}