{"id":48004,"date":"2019-04-04T11:07:15","date_gmt":"2019-04-04T14:07:15","guid":{"rendered":"http:\/\/catolicanet.net\/wp-cnet\/?p=48004"},"modified":"2019-04-04T11:07:15","modified_gmt":"2019-04-04T14:07:15","slug":"bispos-argentinos-expressam-tristeza-por-aborto-e-esterilizacao-praticados-a-uma-menina","status":"publish","type":"post","link":"https:\/\/catolicanet.net\/wp-cnet\/bispos-argentinos-expressam-tristeza-por-aborto-e-esterilizacao-praticados-a-uma-menina\/","title":{"rendered":"Bispos argentinos expressam tristeza por aborto e esteriliza\u00e7\u00e3o praticados a uma menina"},"content":{"rendered":"<p>Tr\u00eas bispos da prov\u00edncia de Corrientes, na Argentina, expressaram sua tristeza pelo aborto praticado a uma menina de 13 anos, no dia 26 de mar\u00e7o, que engravidou ap\u00f3s ser estuprada.<\/p>\n<p>A Justi\u00e7a de Santo Tom\u00e9 autorizou a pr\u00e1tica do aborto n\u00e3o pun\u00edvel a uma menina de 13 anos, na 17\u00aa semana de gesta\u00e7\u00e3o, por causa de um estupro.<\/p>\n<p>O pedido foi feito pela m\u00e3e da menor. O exame do Instituto M\u00e9dico Forense, Social e Psicol\u00f3gico confirmou o diagn\u00f3stico de &#8220;retardo mental moderado, epilepsia com convuls\u00f5es t\u00f4nico-cl\u00f4nicas&#8221; da menina.<\/p>\n<p>Ap\u00f3s a decis\u00e3o do tribunal, os m\u00e9dicos procederam com o aborto atrav\u00e9s de medicamentos, mas como este m\u00e9todo falhou, optaram pela esteriliza\u00e7\u00e3o cir\u00fargica ou laqueadura de trompas.<\/p>\n<p>&#8220;Para n\u00f3s, este fim nos entristece. A morte nunca pode ser a melhor solu\u00e7\u00e3o&#8221;, expressaram o Bispo de Santo Tom\u00e9, Dom Gustavo Montini, o Bispo de Goya, Dom Adolfo Canec\u00edn, e o Arcebispo de Corrientes, Dom Andr\u00e9s Stanovnik.<\/p>\n<p>&#8220;Acontecimentos dessa magnitude merecem serenidade e considera\u00e7\u00e3o, porque est\u00e1 em jogo a vida e seres humanos&#8221;, disseram os bispos.<\/p>\n<p>Tamb\u00e9m expressaram que, &#8220;assim como trabalharam r\u00e1pido neste doloroso fato&#8221;, que as pessoas implicadas &#8220;atuem da mesma forma procurando e condenando a quem tenha sido o suposto estuprador&#8221;, porque &#8220;sua presen\u00e7a amea\u00e7a a integridade de toda a comunidade e especialmente daquelas pessoas que s\u00e3o mais vulner\u00e1veis \u200b\u200be indefesas&#8221;.<\/p>\n<p>Por fim, os bispos questionaram se a esteriliza\u00e7\u00e3o cir\u00fargica &#8220;n\u00e3o coloca essa crian\u00e7a novamente em uma condi\u00e7\u00e3o ainda mais suscet\u00edvel de novos atos de viol\u00eancia f\u00edsica e sexual&#8221;.<\/p>\n<p>&#8220;Acreditamos que os diversos organismos do Estado estar\u00e3o atentos para que fatos como estes n\u00e3o voltem a acontecer entre n\u00f3s&#8221;, conclu\u00edram.<\/p>\n","protected":false},"excerpt":{"rendered":"<p>Tr\u00eas bispos da prov\u00edncia de Corrientes, na Argentina, expressaram sua tristeza pelo aborto praticado a uma menina de 13 anos, no dia 26 de mar\u00e7o, que engravidou ap\u00f3s ser estuprada. A Justi\u00e7a de Santo Tom\u00e9 autorizou a pr\u00e1tica do aborto n\u00e3o pun\u00edvel a uma menina de 13 anos, na 17\u00aa semana de gesta\u00e7\u00e3o, por causa [&hellip;]<\/p>\n","protected":false},"author":1,"featured_media":48005,"comment_status":"open","ping_status":"closed","sticky":false,"template":"","format":"standard","meta":{"footnotes":""},"categories":[13],"tags":[],"class_list":["post-48004","post","type-post","status-publish","format-standard","has-post-thumbnail","hentry","category-featured"],"_links":{"self":[{"href":"https:\/\/catolicanet.net\/wp-cnet\/wp-json\/wp\/v2\/posts\/48004","targetHints":{"allow":["GET"]}}],"collection":[{"href":"https:\/\/catolicanet.net\/wp-cnet\/wp-json\/wp\/v2\/posts"}],"about":[{"href":"https:\/\/catolicanet.net\/wp-cnet\/wp-json\/wp\/v2\/types\/post"}],"author":[{"embeddable":true,"href":"https:\/\/catolicanet.net\/wp-cnet\/wp-json\/wp\/v2\/users\/1"}],"replies":[{"embeddable":true,"href":"https:\/\/catolicanet.net\/wp-cnet\/wp-json\/wp\/v2\/comments?post=48004"}],"version-history":[{"count":1,"href":"https:\/\/catolicanet.net\/wp-cnet\/wp-json\/wp\/v2\/posts\/48004\/revisions"}],"predecessor-version":[{"id":48006,"href":"https:\/\/catolicanet.net\/wp-cnet\/wp-json\/wp\/v2\/posts\/48004\/revisions\/48006"}],"wp:featuredmedia":[{"embeddable":true,"href":"https:\/\/catolicanet.net\/wp-cnet\/wp-json\/wp\/v2\/media\/48005"}],"wp:attachment":[{"href":"https:\/\/catolicanet.net\/wp-cnet\/wp-json\/wp\/v2\/media?parent=48004"}],"wp:term":[{"taxonomy":"category","embeddable":true,"href":"https:\/\/catolicanet.net\/wp-cnet\/wp-json\/wp\/v2\/categories?post=48004"},{"taxonomy":"post_tag","embeddable":true,"href":"https:\/\/catolicanet.net\/wp-cnet\/wp-json\/wp\/v2\/tags?post=48004"}],"curies":[{"name":"wp","href":"https:\/\/api.w.org\/{rel}","templated":true}]}}