{"id":47959,"date":"2019-04-03T10:47:30","date_gmt":"2019-04-03T13:47:30","guid":{"rendered":"http:\/\/catolicanet.net\/wp-cnet\/?p=47959"},"modified":"2019-04-03T10:47:30","modified_gmt":"2019-04-03T13:47:30","slug":"papa-deus-quer-a-fraternidade-entre-nos-e-os-muculmanos","status":"publish","type":"post","link":"https:\/\/catolicanet.net\/wp-cnet\/papa-deus-quer-a-fraternidade-entre-nos-e-os-muculmanos\/","title":{"rendered":"Papa: &#8220;Deus quer a fraternidade entre n\u00f3s e os mu\u00e7ulmanos&#8221;"},"content":{"rendered":"<p><iframe loading=\"lazy\" width=\"696\" height=\"392\" src=\"https:\/\/www.youtube.com\/embed\/blKt5Ire98k?feature=oembed\" frameborder=\"0\" allow=\"accelerometer; autoplay; encrypted-media; gyroscope; picture-in-picture\" allowfullscreen><\/iframe><\/p>\n<div class=\"article__subTitle\">Na primeira audi\u00eancia geral de abril, o Papa Francisco relembrou com milhares de pessoas presentes na Pra\u00e7a S\u00e3o Pedro sua recente viagem ao Marrocos.<\/div>\n<div class=\"title__separator\"><\/div>\n<div class=\"article__text\">\n<p><b>Cristiane Murray &#8211; Cidade do Vaticano<\/b><\/p>\n<p>Na primeira audi\u00eancia geral deste m\u00eas de abril, o <b>Papa Francisco<\/b> relembrou, junto com milhares de pessoas presentes na Pra\u00e7a S\u00e3o Pedro, sua recente viagem ao Marrocos. Convidado pelo <b>Rei Mohammed VI<\/b>, o Pont\u00edfice passou s\u00e1bado e domingo no pa\u00eds norte-africano.<\/p>\n<div>\n<div class=\"article__embed article__embed--unwrap article__embed--dark\">\n<div class=\"article__innerTitle\">Ou\u00e7a e compartilhe!<\/div>\n<!--[if lt IE 9]><script>document.createElement('audio');<\/script><![endif]-->\n<audio class=\"wp-audio-shortcode\" id=\"audio-47959-1\" preload=\"none\" style=\"width: 100%;\" controls=\"controls\"><source type=\"audio\/mpeg\" src=\"https:\/\/media.vaticannews.va\/media\/audio\/s1\/2019\/04\/03\/11\/134947612_F134947612.mp3?_=1\" \/><a href=\"https:\/\/media.vaticannews.va\/media\/audio\/s1\/2019\/04\/03\/11\/134947612_F134947612.mp3\">https:\/\/media.vaticannews.va\/media\/audio\/s1\/2019\/04\/03\/11\/134947612_F134947612.mp3<\/a><\/audio>\n<\/div>\n<\/div>\n<p>Para Francisco, tratou-se de \u201cum novo passo no caminho do di\u00e1logo e do encontro com os irm\u00e3os e irm\u00e3s mu\u00e7ulmanos como \u201cServidor de esperan\u00e7a\u201d. Foi uma viagem inspirada em dois santos: <b>Francisco de Assis<\/b> \u2013 que h\u00e1 800 anos levou a mensagem de paz e fraternidade ao<b> Sult\u00e3o al-Malik al-Kamil<\/b> \u2013 e <b>Jo\u00e3o Paulo II,<\/b> que depois de receber no Vaticano pela primeira vez um Chefe de Estado mu\u00e7ulmano, <b>Rei Hassan II,<\/b> realizou uma memor\u00e1vel visita ao Marrocos.<\/p>\n<h2>Jerusal\u00e9m seja preservada<\/h2>\n<p>Francisco come\u00e7ou sua catequese agradecendo o povo e as autoridades que o receberam, e em seguida, ilustrou os momentos mais significativos do fim de semana.<br \/>\nCom o <b>Rei Mohammed VI,<\/b> o Papa sublinhou que as religi\u00f5es t\u00eam um papel fundamental, defendendo a dignidade humana, promovendo a paz, a justi\u00e7a e o cuidado da cria\u00e7\u00e3o. Tamb\u00e9m assinaram um <i>Apelo por Jerusal\u00e9m<\/i>, para que a Cidade Santa seja preservada como patrim\u00f4nio da humanidade e lugar de encontro pac\u00edfico para os fi\u00e9is das tr\u00eas religi\u00f5es monote\u00edstas:<\/p>\n<p>Mas algu\u00e9m poderia se perguntar, observa Francisco:<i><\/i><\/p>\n<p><i>\u201cMas por que o Papa encontra os mu\u00e7ulmanos e n\u00e3o somente os cat\u00f3licos? Por que existem tantas religi\u00f5es, como \u00e9 poss\u00edvel existir tantas religi\u00f5es? Mas com os mu\u00e7ulmanos somos descendentes do mesmo Pai, Abra\u00e3o: mas por que Deus permite que existam tantas religi\u00f5es? Deus quis permitir isso: os te\u00f3logos da Escol\u00e1stica diziam a \u201cvolutas permissiva\u201d de Deus. Ele quis permitir essa realidade: existem muitas religi\u00f5es; algumas nascem da cultura, mas sempre olham para o c\u00e9u, olham para Deus. Mas o que Deus quer \u00e9 a fraternidade entre n\u00f3s. E de maneira especial \u2013 por isto essa viagem &#8211; com nossos irm\u00e3os filhos de Abra\u00e3o como n\u00f3s, os mu\u00e7ulmanos. N\u00e3o devemos temer a diferen\u00e7a: Deus permitiu isso. Mas devemos nos assustar se n\u00e3o trabalharmos em fraternidade, para caminharmos juntos na vida&#8221;.<\/i><\/p>\n<p>Durante um encontro com migrantes, ouviu-se o testemunho de como a vida muda quando quem emigra encontra uma comunidade que o acolhe como pessoa, mostrando assim como \u00e9 importante estar abertos \u00e0 diferen\u00e7a, sem deixar de conservar a identidade cultural e religiosa, sabendo valorizar a fraternidade humana.<\/p>\n<p>Falando sobre o engajamento e da proximidade da Igreja marroquina aos migrantes, o Papa improvisou:<\/p>\n<p>\u201cN\u00e3o gosto de dizer \u2018migrantes\u2019. Gosto mais de dizer \u2018pessoas migrantes\u2019. Sabem por que? Porque \u2018migrante\u2019 \u00e9 um adjetivo; ao inv\u00e9s, \u2018pessoa\u2019 \u00e9 um substantivo. N\u00f3s ca\u00edmos na \u2018cultura do adjetivo\u2019. Usamos tantos adjetivos e muitas vezes nos esquecemos dos substantivos, ou seja, da subst\u00e2ncia. O adjetivo vai junto com o substantivo, a uma \u2018pessoa\u2019. Isto \u00e9: \u2018migrante\u2019 n\u00e3o, \u2018pessoa migrante\u2019 sim. Assim se respeita, para n\u00e3o cair na \u2018cultura do adjetivo\u2019, que \u00e9 \u2018l\u00edquida\u2019 demais, \u2018gasosa\u2019 demais\u201d.<\/p>\n<h2>Um novo passo no caminho do encontro<\/h2>\n<p>Durante o encontro com sacerdotes, consagrados e membros do <i>Conselho Mundial de Igrejas<\/i>, lembrou-se que a comunidade crist\u00e3 nessas terras, mesmo sendo um pequeno rebanho, \u00e9 chamada a ser sal, luz e fermento, dando testemunho do amor fraterno.<\/p>\n<p>Por fim, o Papa mencionou a missa celebrada no domingo, com fi\u00e9is de mais de 60 nacionalidades:<\/p>\n<p>\u201c Uma singular epifania do Povo de Deus no cora\u00e7\u00e3o de uma pa\u00eds isl\u00e2mico: uma festa dos filhos que se sabem abra\u00e7ados pelo Pai celestial e por isso podem ser servidores da esperan\u00e7a \u201d<\/p>\n<p>Depois que os tradutores leram um resumo da catequese em v\u00e1rias l\u00ednguas, o Papa cumprimentou os grupos, inclusive os brasileiros, e concedeu a todos a sua ben\u00e7\u00e3o apost\u00f3lica.<br \/>\nAntes de se despedir dos fi\u00e9is, Francisco recordou o VI Dia Mundial do Esporte pela Paz e o Desenvolvimento:<\/p>\n<p>\u201cO esporte \u00e9 uma linguagem universal que abra\u00e7a todos os povos e ajuda a superar conflitos e a unir as pessoas. O esporte \u00e9 tamb\u00e9m fonte de alegria e de grande emo\u00e7\u00e3o, e \u00e9 uma escola onde \u00e3o forjadas virtudes para o crescimento humano e social dos indiv\u00edduos e das comunidades. Desejo a todos que se \u2018coloquem em jogo\u2019, na vida como no esporte\u201d.<\/p>\n<\/div>\n","protected":false},"excerpt":{"rendered":"<p>Na primeira audi\u00eancia geral de abril, o Papa Francisco relembrou com milhares de pessoas presentes na Pra\u00e7a S\u00e3o Pedro sua recente viagem ao Marrocos. Cristiane Murray &#8211; Cidade do Vaticano Na primeira audi\u00eancia geral deste m\u00eas de abril, o Papa Francisco relembrou, junto com milhares de pessoas presentes na Pra\u00e7a S\u00e3o Pedro, sua recente viagem [&hellip;]<\/p>\n","protected":false},"author":1,"featured_media":47960,"comment_status":"open","ping_status":"closed","sticky":false,"template":"","format":"standard","meta":{"footnotes":""},"categories":[13],"tags":[],"class_list":["post-47959","post","type-post","status-publish","format-standard","has-post-thumbnail","hentry","category-featured"],"_links":{"self":[{"href":"https:\/\/catolicanet.net\/wp-cnet\/wp-json\/wp\/v2\/posts\/47959","targetHints":{"allow":["GET"]}}],"collection":[{"href":"https:\/\/catolicanet.net\/wp-cnet\/wp-json\/wp\/v2\/posts"}],"about":[{"href":"https:\/\/catolicanet.net\/wp-cnet\/wp-json\/wp\/v2\/types\/post"}],"author":[{"embeddable":true,"href":"https:\/\/catolicanet.net\/wp-cnet\/wp-json\/wp\/v2\/users\/1"}],"replies":[{"embeddable":true,"href":"https:\/\/catolicanet.net\/wp-cnet\/wp-json\/wp\/v2\/comments?post=47959"}],"version-history":[{"count":1,"href":"https:\/\/catolicanet.net\/wp-cnet\/wp-json\/wp\/v2\/posts\/47959\/revisions"}],"predecessor-version":[{"id":47961,"href":"https:\/\/catolicanet.net\/wp-cnet\/wp-json\/wp\/v2\/posts\/47959\/revisions\/47961"}],"wp:featuredmedia":[{"embeddable":true,"href":"https:\/\/catolicanet.net\/wp-cnet\/wp-json\/wp\/v2\/media\/47960"}],"wp:attachment":[{"href":"https:\/\/catolicanet.net\/wp-cnet\/wp-json\/wp\/v2\/media?parent=47959"}],"wp:term":[{"taxonomy":"category","embeddable":true,"href":"https:\/\/catolicanet.net\/wp-cnet\/wp-json\/wp\/v2\/categories?post=47959"},{"taxonomy":"post_tag","embeddable":true,"href":"https:\/\/catolicanet.net\/wp-cnet\/wp-json\/wp\/v2\/tags?post=47959"}],"curies":[{"name":"wp","href":"https:\/\/api.w.org\/{rel}","templated":true}]}}