{"id":4794,"date":"2014-07-01T18:43:37","date_gmt":"2014-07-01T21:43:37","guid":{"rendered":"http:\/\/catolicanet.net\/wp-cnet\/minha-pequena-grande-conversao-escreva-precisam-saber-que-os-amo\/"},"modified":"2017-04-06T09:19:26","modified_gmt":"2017-04-06T12:19:26","slug":"minha-pequena-grande-conversao-escreva-precisam-saber-que-os-amo","status":"publish","type":"post","link":"https:\/\/catolicanet.net\/wp-cnet\/minha-pequena-grande-conversao-escreva-precisam-saber-que-os-amo\/","title":{"rendered":"Minha pequena grande convers\u00e3o: \u201cEscreva, precisam saber que os amo\u201d"},"content":{"rendered":"<p style=\"text-align: justify;\">\n<p><strong>O testemunho de um escritor que vive para Deus h\u00e1 24 anos: \u00e9 maravilhoso caminhar na presen\u00e7a de Deus, busc\u00e1-lo, am\u00e1-lo, senti-lo perto<br \/><\/strong><br \/><img decoding=\"async\" src=\"http:\/\/catolicanet.com.br\/images\/stories\/seguidorcristo.jpg\" border=\"0\" align=\"left\" \/>Dentro de alguns dias, cumprirei 57 anos. Valeu a pena? Cada dia precisa ser comemorado, porque s\u00e3o os presentes que Deus nos d\u00e1.<\/p>\n<p>\u00c0s vezes, sinto saudade daqueles dias em que come\u00e7ava minha busca de Deus. Percebi que vivemos da sua Gra\u00e7a, para fortalecer-nos. Depois, o bom Deus nos solta, como um pai ao seu filho, para que caminhemos pelo mundo. Dessa vez, a f\u00e9 nos sustenta.<\/p>\n<p>J\u00e1 vi tantas vezes&#8230; Pessoas que mudam de um dia para o outro; decidem dedicar a Deus o que lhes resta de vida. E iniciam um caminho maravilhoso. Descobriram a grandeza do seu amor e agora s\u00f3 Deus pode saciar esta sede.<\/p>\n<p>Decidi contar suas hist\u00f3rias e a minha, por isso lhe escrevo. \u201cVai para casa, para junto dos teus e anuncia-lhes tudo o que o Senhor fez por ti, e como se compadeceu de ti\u201d (Mc 5, 19).<\/p>\n<p>No meu caso, aconteceu h\u00e1 24 anos. Lembro-me bem. Eu dirigia at\u00e9 o trabalho, despreocupado, e, de repente, senti algo dif\u00edcil de explicar, que preenchia toda a minha alma.<\/p>\n<p>N\u00e3o sabia bem o que era. Fiquei impactado e n\u00e3o consegui continuar dirigindo. Estacionei na frente de um parque, desci do carro e me sentei em um daqueles bancos umedecidos pelo orvalho da manh\u00e3.<\/p>\n<p>Olhei para os que dirigiam apressados rumo ao trabalho. Vi seus rostos, a inquietude que os consumia, e me disse: \u201cN\u00e3o quero continuar assim. Deve haver algo al\u00e9m disso\u201d.<\/p>\n<p>Nesse momento, lembrei de um livro que estava lendo sobre a vida do Dr. Albert Schweitzer. Era um grande m\u00fasico, reconhecido em toda a Europa, e um dia, ele disse a si mesmo: \u201cFarei tudo o que tiver pendente at\u00e9 os 33 anos, depois dedicarei minha vida \u00e0s pessoas carentes\u201d. Estudou medicina e foi embora para a \u00c1frica, junto \u00e0 sua esposa. Teve uma vida excepcional.<\/p>\n<p>Eu estava prestes a cumprir 33 anos. Naquele momento, tomei a decis\u00e3o mais transcendente da minha vida. A partir dos 33 anos, dedicaria minha vida a Deus. E lhe fiz este oferecimento: \u201cMinha vida ser\u00e1 tua\u201d.<\/p>\n<p>Subitamente, senti uma paz interior que nunca havia sentido. Percebi que era Ele. Ainda no carro, eu sorria, feliz, recordando tudo, e disse a mim mesmo: \u201cVoc\u00ea est\u00e1 louco de pedra\u201d. Fiel \u00e0 minha promessa, fiz uma boa confiss\u00e3o e comecei a ir \u00e0 Missa diariamente. Era uma mudan\u00e7a radical para mim.<\/p>\n<p>Comecei a ser um \u201cbicho estranho\u201d, que se comportava de um jeito diferente. Tinha uma necessidade imensa, uma fome de Deus. Queria saber tudo sobre Ele. Me aproximei da ora\u00e7\u00e3o e comecei a ler livros que me mostrassem o caminho.<\/p>\n<p>Eu sabia, naquele momento, que Deus queria algo de mim, mas n\u00e3o sabia o que era. Os anos se passaram e, em uma manh\u00e3, depois da Missa, acompanhei-O no orat\u00f3rio onde guardam as H\u00f3stias consagradas, em um lindo sacr\u00e1rio.<\/p>\n<p>Olhei decidido para Ele e me atrevi a perguntar: \u201cO que queres de mim, Senhor?\u201d. Naquele instante, o tempo parou. Est\u00e1vamos s\u00f3 Jesus e eu. Meu grande amigo da inf\u00e2ncia. Eu sabia que era Ele.<\/p>\n<p>E escutei uma doce voz, serena, em meu interior, que me pedia: \u201cEscreva, precisam saber que os amo\u201d. Foi t\u00e3o claro, que n\u00e3o pude duvidar. Sa\u00ed daquele orat\u00f3rio e comecei a escrever. E desde ent\u00e3o, nunca mais parei.<\/p>\n<p>Cada vez que me desanimo, o bom Deus envia uma alma boa que me incentiva e me diz: \u201cVamos, voc\u00ea precisa escrever\u201d. Lembro-me que, h\u00e1 pouco tempo, coloquei uma mesa com meus livros do lado de fora de uma igreja e, enquanto acomodava os livros, cansado, pensava: \u201cSer\u00e1 que isso vale a pena?\u201d. No mesmo instante, uma senhora da capela do Sant\u00edssimo se aproximou de mim e me disse com amabilidade: \u201cClaudio, vale a pena. Continue em frente\u201d.<\/p>\n<p>Soltei amarras e agora navego no mar insond\u00e1vel de Deus, com minha fam\u00edlia e meus livros. Soltei as velas da minha alma e deixo que Ele sopre e me leve para onde Ele quiser. <\/p>\n<p>Cada dia \u00e9 uma nova e grande aventura. Eu nunca havia me divertido tanto, nem havia sido t\u00e3o feliz.<\/p>\n<p>\u00c9 fabuloso caminhar na presen\u00e7a de Deus, busca-lo, am\u00e1-lo, senti-lo perto. Nada vai te faltar. Deus n\u00e3o te abandona. Voc\u00ea s\u00f3 precisa confiar. A Provid\u00eancia chega generosa justamente nos momentos em que voc\u00ea mais precisa.<\/p>\n<p>Quando comecei a escrever, fiz este pacto com Deus: \u201cEu escrevo, Tu tocas os cora\u00e7\u00f5es\u201d. E Ele fez isso maravilhosamente. Recebemos centenas de testemunhos de leitores, de todos os lugares. Remito todos ao sacr\u00e1rio: \u201cD\u00ea gra\u00e7as a Deus\u201d, costumo dizer-lhes.<\/p>\n<p>Voc\u00ea pode perguntar: \u201cMas e os seus escritos?\u201d. Bem, h\u00e1 11 anos, fundamos uma editora cat\u00f3lica e familiar, Ediciones Anab. Continuamos escrevendo, contando nossas aventuras e as dos outros, com o bom Deus.<\/p>\n<p>Os livros est\u00e3o em livrarias de mais de 15 pa\u00edses. A maioria superou 20 edi\u00e7\u00f5es cont\u00ednuas. Este ano, publicaremos uma cole\u00e7\u00e3o grande dedicada a Nossa Senhora de Guadalupe.<\/p>\n<p>Isso \u00e9 apenas o come\u00e7o. Deus espera muito de todos n\u00f3s, e precisamos caminhar em sua presen\u00e7a. Acho que foi S\u00e3o Josemaria Escriv\u00e1 quem disse, certa vez: \u201cSonhem, e ainda assim ser\u00e1 insuficiente\u201d. Eu quis sonhar alto, e ainda foi pouco; continuo impactado com as maravilhas de Deus, com o seu amor infinito, com a sua ternura. <\/p>\n<p>Fonte: Aleteia<\/p>\n","protected":false},"excerpt":{"rendered":"<p>O testemunho de um escritor que vive para Deus h\u00e1 24 anos: \u00e9 maravilhoso caminhar na presen\u00e7a de Deus, busc\u00e1-lo, am\u00e1-lo, senti-lo pertoDentro de alguns dias, cumprirei 57 anos. Valeu a pena? Cada dia precisa ser comemorado, porque s\u00e3o os presentes que Deus nos d\u00e1. \u00c0s vezes, sinto saudade daqueles dias em que come\u00e7ava minha [&hellip;]<\/p>\n","protected":false},"author":1,"featured_media":0,"comment_status":"closed","ping_status":"closed","sticky":false,"template":"","format":"standard","meta":{"footnotes":""},"categories":[4],"tags":[],"class_list":["post-4794","post","type-post","status-publish","format-standard","hentry","category-cotidiano"],"_links":{"self":[{"href":"https:\/\/catolicanet.net\/wp-cnet\/wp-json\/wp\/v2\/posts\/4794","targetHints":{"allow":["GET"]}}],"collection":[{"href":"https:\/\/catolicanet.net\/wp-cnet\/wp-json\/wp\/v2\/posts"}],"about":[{"href":"https:\/\/catolicanet.net\/wp-cnet\/wp-json\/wp\/v2\/types\/post"}],"author":[{"embeddable":true,"href":"https:\/\/catolicanet.net\/wp-cnet\/wp-json\/wp\/v2\/users\/1"}],"replies":[{"embeddable":true,"href":"https:\/\/catolicanet.net\/wp-cnet\/wp-json\/wp\/v2\/comments?post=4794"}],"version-history":[{"count":1,"href":"https:\/\/catolicanet.net\/wp-cnet\/wp-json\/wp\/v2\/posts\/4794\/revisions"}],"predecessor-version":[{"id":9704,"href":"https:\/\/catolicanet.net\/wp-cnet\/wp-json\/wp\/v2\/posts\/4794\/revisions\/9704"}],"wp:attachment":[{"href":"https:\/\/catolicanet.net\/wp-cnet\/wp-json\/wp\/v2\/media?parent=4794"}],"wp:term":[{"taxonomy":"category","embeddable":true,"href":"https:\/\/catolicanet.net\/wp-cnet\/wp-json\/wp\/v2\/categories?post=4794"},{"taxonomy":"post_tag","embeddable":true,"href":"https:\/\/catolicanet.net\/wp-cnet\/wp-json\/wp\/v2\/tags?post=4794"}],"curies":[{"name":"wp","href":"https:\/\/api.w.org\/{rel}","templated":true}]}}