{"id":47919,"date":"2019-04-02T09:07:25","date_gmt":"2019-04-02T12:07:25","guid":{"rendered":"http:\/\/catolicanet.net\/wp-cnet\/?p=47919"},"modified":"2019-04-02T09:07:25","modified_gmt":"2019-04-02T12:07:25","slug":"documento-do-papa-aos-jovens-deus-os-ama-e-a-igreja-necessita-da-juventude","status":"publish","type":"post","link":"https:\/\/catolicanet.net\/wp-cnet\/documento-do-papa-aos-jovens-deus-os-ama-e-a-igreja-necessita-da-juventude\/","title":{"rendered":"Documento do Papa aos jovens: Deus os ama e a Igreja necessita da juventude"},"content":{"rendered":"<div class=\"article__subTitle\">O documento \u00e9 composto por nove cap\u00edtulos divididos em 299 par\u00e1grafos. O Papa explica que se deixou \u201cinspirar pela riqueza das reflex\u00f5es e di\u00e1logos do S\u00ednodo dos jovens\u201d, celebrado no Vaticano em outubro de 2018.<\/div>\n<div class=\"title__separator\"><\/div>\n<div class=\"article__text\">\n<p><b>Cidade do Vaticano<\/b><\/p>\n<p>\u201cCristo vive: \u00e9 Ele a nossa esperan\u00e7a e a mais bela juventude deste mundo! Tudo o que toca torna-se jovem, fica novo, enche-se de vida. Por isso as primeiras palavras, que quero dirigir a cada jovem crist\u00e3o, s\u00e3o estas: Ele vive e quer-te vivo!\u201d<\/p>\n<p>Assim come\u00e7a a Exorta\u00e7\u00e3o Apost\u00f3lica p\u00f3s-sinodal &#8220;Christus vivit&#8221; do Papa Francisco, assinada segunda-feira, 25 de mar\u00e7o, na Santa Casa de Loreto, e dirigida \u201caos jovens e a todo o povo de Deus\u201d.<\/p>\n<p>No documento, composto por nove cap\u00edtulos divididos em 299 par\u00e1grafos, o Papa explica que se deixou \u201cinspirar pela riqueza das reflex\u00f5es e di\u00e1logos do S\u00ednodo dos jovens\u201d, celebrado no Vaticano em outubro de 2018.<\/p>\n<h2>A vida de Cristo<\/h2>\n<p>Francisco aborda o tema dos primeiros anos de Jesus. Para ele, estes aspectos de Sua vida n\u00e3o deveriam ser ignorados na pastoral juvenil, \u201cpara n\u00e3o criar projetos que isolem os jovens da fam\u00edlia e do mundo\u201d.<\/p>\n<p>O Pont\u00edfice retoma um de seus ensinamentos e explica que \u00e9 necess\u00e1rio apresentar a figura de Jesus \u201cde modo atraente e eficaz\u201d e diz: \u201cPor isso \u00e9 necess\u00e1rio que a Igreja n\u00e3o esteja demasiado debru\u00e7ada sobre si mesma, mas procure sobretudo refletir Jesus Cristo. Isto implica reconhecer humildemente que algumas coisas concretas devem mudar\u201d.<\/p>\n<p>Na Exorta\u00e7\u00e3o, se reconhece que h\u00e1 jovens que sentem a presen\u00e7a da Igreja \u201ccomo importuna e at\u00e9 mesmo irritante\u201d. H\u00e1 jovens que \u201creclamam uma Igreja que escute mais, que n\u00e3o passe o tempo a condenar o mundo. N\u00e3o querem ver uma Igreja calada e t\u00edmida, mas tampouco desejam que esteja sempre em guerra por dois ou tr\u00eas assuntos que a obcecam\u201d.<\/p>\n<p>Sobre a realidade juvenil, o Papa recorda os jovens que vivem em contextos de guerra, explorados e v\u00edtimas de sequestros, criminalidade organizada, tr\u00e1fico de seres humanos, escravid\u00e3o e explora\u00e7\u00e3o sexual, estupros. \u201cN\u00e3o podemos ser uma Igreja que n\u00e3o chora \u00e0 vista destes dramas dos seus filhos jovens. N\u00e3o devemos jamais habituar-nos a isto\u201d, escreve.<\/p>\n<p>Acenando a \u201cdesejos, feridas e buscas\u201d, Francisco fala da sexualidade: \u201cnum mundo que destaca excessivamente a sexualidade, \u00e9 dif\u00edcil manter uma boa rela\u00e7\u00e3o com o pr\u00f3prio corpo e viver serenamente as rela\u00e7\u00f5es afetivas\u201d, mas lamenta que os jovens vejam na Igreja um espa\u00e7o de julgamento e condena\u00e7\u00e3o.<\/p>\n<p>A Exorta\u00e7\u00e3o se det\u00e9m em seguida sobre o tema do \u201cambiente digital\u201d, que criou \u201cuma nova maneira de comunicar\u201d, mas \u00e9 tamb\u00e9m um territ\u00f3rio de solid\u00e3o, manipula\u00e7\u00e3o, explora\u00e7\u00e3o e viol\u00eancia. \u201cA reputa\u00e7\u00e3o das pessoas \u00e9 comprometida atrav\u00e9s de processos sum\u00e1rios on-line. O fen\u00f4meno diz respeito tamb\u00e9m \u00e0 Igreja e seus pastores.\u201d<\/p>\n<h2>Migra\u00e7\u00e3o, prote\u00e7\u00e3o dos menores, empenho social<\/h2>\n<p>Outro tema tocado pelo Pont\u00edfice s\u00e3o os migrantes e como os jovens est\u00e3o diretamente envolvidos nas migra\u00e7\u00f5es. O Papa os alerta para a difus\u00e3o de uma mentalidade xen\u00f3foba, contrapondo-os entre si.<\/p>\n<p>O Papa fala tamb\u00e9m dos abusos sobre menores e expressa gratid\u00e3o \u201ca quantos t\u00eam a coragem de denunciar o mal sofrido\u201d.<\/p>\n<p>O abuso n\u00e3o \u00e9 o \u00fanico pecado dos membros da Igreja, recorda o Papa. Mas ela n\u00e3o recorre a cirurgias est\u00e9ticas. \u201cLembremo-nos, por\u00e9m, que n\u00e3o se abandona a M\u00e3e quando est\u00e1 ferida.\u201d Com a ajuda preciosa dos jovens, este momento pode ser uma oportunidade \u201cpara uma reforma de alcance hist\u00f3rico para se abrir a um novo Pentecostes\u201d.<\/p>\n<p>A todos os jovens, o Papa anuncia tr\u00eas grandes verdades. A primeira: \u201cDeus que \u00e9 amor\u201d. A segunda: \u201cCristo salva-te\u201d. A terceira verdade \u00e9 que \u201cEle vive!\u201d. Nestas verdades, aparece o Pai e aparece Jesus. E onde est\u00e3o o Pai e Jesus, tamb\u00e9m est\u00e1 o Esp\u00edrito Santo, escreve Francisco, aconselhando os jovens a invocarem todos os dias o Esp\u00edrito Santo: \u201cN\u00e3o perdes nada e Ele pode mudar a tua vida\u201d.<\/p>\n<p>Francisco recorda ainda que a juventude n\u00e3o pode ser um \u201ctempo suspenso\u201d, porque \u00e9 \u201ca idade das escolhas\u201d, por isso \u00e9 importante buscar \u00abum desenvolvimento espiritual. O Papa prop\u00f5e \u201cpercursos de fraternidade\u201d e a import\u00e2ncia de ser jovens comprometidos, que buscam o bem comum.<\/p>\n<p>\u201cO empenho social e o contato direto com os pobres continuam a ser uma oportunidade fundamental para descobrir ou aprofundar a f\u00e9 e para discernir a pr\u00f3pria voca\u00e7\u00e3o\u201d. Em outras palavras, os jovens s\u00e3o chamados a ser \u201cmission\u00e1rios corajosos\u201d.<\/p>\n<p>N\u00e3o poderia faltar a refer\u00eancia \u00e0 \u201crela\u00e7\u00e3o com os idosos\u201d. Se \u201cos jovens se enraizarem nos sonhos dos idosos, conseguem ver o futuro\u201d. \u00c9 preciso, portanto, \u201carriscar juntos\u201d.<\/p>\n<h2>Pastoral juvenil<\/h2>\n<p>Um inteiro cap\u00edtulo \u00e9 dedicado \u00e0 \u201cPastoral dos jovens\u201d. A pastoral juvenil precisa de adquirir outra flexibilidade, explica, sendo um espa\u00e7o onde n\u00e3o s\u00f3 recebam uma forma\u00e7\u00e3o, mas lhes permitam tamb\u00e9m compartilhar a vida.<\/p>\n<p>Serve \u201cuma pastoral juvenil popular\u201d, \u201cmais ampla e flex\u00edvel que estimula, nos distintos lugares onde se movem concretamente os jovens, as lideran\u00e7as naturais e os carismas que o Esp\u00edrito Santo j\u00e1 semeou entre eles\u201d.<\/p>\n<p>Outro ponto fundamental \u00e9 o discernimento, seja para a vida familiar, seja para a consagra\u00e7\u00e3o a Deus.<\/p>\n<p>No que diz respeito ao trabalho, o Papa recorda que \u201c\u00e9 uma necessidade, faz parte do sentido da vida nesta terra, \u00e9 caminho de matura\u00e7\u00e3o, desenvolvimento humano e realiza\u00e7\u00e3o pessoal\u201d.<\/p>\n<p>A Exorta\u00e7\u00e3o se conclui com \u201cum desejo\u201d do Papa Francisco:<\/p>\n<p>\u201c \u201cQueridos jovens, ficarei feliz vendo-vos correr mais r\u00e1pido do que os lentos e medrosos. Correi atra\u00eddos por aquele Rosto t\u00e3o amado, que adoramos na sagrada Eucaristia e reconhecemos na carne do irm\u00e3o que sofre\u2026A Igreja precisa do vosso \u00edmpeto, das vossas intui\u00e7\u00f5es, da vossa f\u00e9&#8230;E quando chegardes aonde n\u00f3s ainda n\u00e3o chegamos, tende a paci\u00eancia de esperar por n\u00f3s\u201d. \u201d<\/p>\n<div>\n<div class=\"article__embed article__embed--border embed_style\">\n<blockquote><p>&nbsp;<\/p><\/blockquote>\n<\/div>\n<\/div>\n<p>&nbsp;<\/p>\n<\/div>\n","protected":false},"excerpt":{"rendered":"<p>O documento \u00e9 composto por nove cap\u00edtulos divididos em 299 par\u00e1grafos. O Papa explica que se deixou \u201cinspirar pela riqueza das reflex\u00f5es e di\u00e1logos do S\u00ednodo dos jovens\u201d, celebrado no Vaticano em outubro de 2018. Cidade do Vaticano \u201cCristo vive: \u00e9 Ele a nossa esperan\u00e7a e a mais bela juventude deste mundo! Tudo o que [&hellip;]<\/p>\n","protected":false},"author":1,"featured_media":47920,"comment_status":"open","ping_status":"closed","sticky":false,"template":"","format":"standard","meta":{"footnotes":""},"categories":[13],"tags":[],"class_list":["post-47919","post","type-post","status-publish","format-standard","has-post-thumbnail","hentry","category-featured"],"_links":{"self":[{"href":"https:\/\/catolicanet.net\/wp-cnet\/wp-json\/wp\/v2\/posts\/47919","targetHints":{"allow":["GET"]}}],"collection":[{"href":"https:\/\/catolicanet.net\/wp-cnet\/wp-json\/wp\/v2\/posts"}],"about":[{"href":"https:\/\/catolicanet.net\/wp-cnet\/wp-json\/wp\/v2\/types\/post"}],"author":[{"embeddable":true,"href":"https:\/\/catolicanet.net\/wp-cnet\/wp-json\/wp\/v2\/users\/1"}],"replies":[{"embeddable":true,"href":"https:\/\/catolicanet.net\/wp-cnet\/wp-json\/wp\/v2\/comments?post=47919"}],"version-history":[{"count":1,"href":"https:\/\/catolicanet.net\/wp-cnet\/wp-json\/wp\/v2\/posts\/47919\/revisions"}],"predecessor-version":[{"id":47921,"href":"https:\/\/catolicanet.net\/wp-cnet\/wp-json\/wp\/v2\/posts\/47919\/revisions\/47921"}],"wp:featuredmedia":[{"embeddable":true,"href":"https:\/\/catolicanet.net\/wp-cnet\/wp-json\/wp\/v2\/media\/47920"}],"wp:attachment":[{"href":"https:\/\/catolicanet.net\/wp-cnet\/wp-json\/wp\/v2\/media?parent=47919"}],"wp:term":[{"taxonomy":"category","embeddable":true,"href":"https:\/\/catolicanet.net\/wp-cnet\/wp-json\/wp\/v2\/categories?post=47919"},{"taxonomy":"post_tag","embeddable":true,"href":"https:\/\/catolicanet.net\/wp-cnet\/wp-json\/wp\/v2\/tags?post=47919"}],"curies":[{"name":"wp","href":"https:\/\/api.w.org\/{rel}","templated":true}]}}