{"id":47903,"date":"2019-04-01T14:28:40","date_gmt":"2019-04-01T17:28:40","guid":{"rendered":"http:\/\/catolicanet.net\/wp-cnet\/?p=47903"},"modified":"2019-04-01T14:28:40","modified_gmt":"2019-04-01T17:28:40","slug":"diocese-de-coroata-no-maranhao-recebe-retiro-anual-do-clero","status":"publish","type":"post","link":"https:\/\/catolicanet.net\/wp-cnet\/diocese-de-coroata-no-maranhao-recebe-retiro-anual-do-clero\/","title":{"rendered":"Diocese de Coroat\u00e1, no Maranh\u00e3o, recebe retiro anual do clero"},"content":{"rendered":"<p class=\"font_8\">Aconteceu em Bacabal, nos dias 26 a 29 de mar\u00e7o, o retiro anual do clero da Diocese de Coroat\u00e1, que foi presidido por dom Jacinto Brito, arcebispo de Teresina. Este ano de 2019 o tema abordado no retiro foi \u201cA identidade e miss\u00e3o dos presb\u00edteros no mundo de hoje\u201d<\/p>\n<p class=\"font_8\">O retiro anual, \u00e9 uma oportunidade para o crescimento espiritual dos presb\u00edteros e para refor\u00e7ar a unidade com seu bispo, al\u00e9m de ser uma obriga\u00e7\u00e3o can\u00f4nica (est\u00e1 previsto pelo C\u00f3digo de Direito Can\u00f4nico, c\u00e2non 276 \u00a7 2 4\u00ba).<\/p>\n<p class=\"font_8\">Confira a <a href=\"https:\/\/www.cnbbne5.org\/single-post\/2019\/04\/01\/Retiro-anual-do-clero-da-Diocese-de-Coroat%C3%A1\">not\u00edcia na \u00edntegra<\/a>.<\/p>\n","protected":false},"excerpt":{"rendered":"<p>Aconteceu em Bacabal, nos dias 26 a 29 de mar\u00e7o, o retiro anual do clero da Diocese de Coroat\u00e1, que foi presidido por dom Jacinto Brito, arcebispo de Teresina. Este ano de 2019 o tema abordado no retiro foi \u201cA identidade e miss\u00e3o dos presb\u00edteros no mundo de hoje\u201d O retiro anual, \u00e9 uma oportunidade [&hellip;]<\/p>\n","protected":false},"author":1,"featured_media":47904,"comment_status":"open","ping_status":"closed","sticky":false,"template":"","format":"standard","meta":{"footnotes":""},"categories":[7],"tags":[],"class_list":["post-47903","post","type-post","status-publish","format-standard","has-post-thumbnail","hentry","category-cnbb"],"_links":{"self":[{"href":"https:\/\/catolicanet.net\/wp-cnet\/wp-json\/wp\/v2\/posts\/47903","targetHints":{"allow":["GET"]}}],"collection":[{"href":"https:\/\/catolicanet.net\/wp-cnet\/wp-json\/wp\/v2\/posts"}],"about":[{"href":"https:\/\/catolicanet.net\/wp-cnet\/wp-json\/wp\/v2\/types\/post"}],"author":[{"embeddable":true,"href":"https:\/\/catolicanet.net\/wp-cnet\/wp-json\/wp\/v2\/users\/1"}],"replies":[{"embeddable":true,"href":"https:\/\/catolicanet.net\/wp-cnet\/wp-json\/wp\/v2\/comments?post=47903"}],"version-history":[{"count":1,"href":"https:\/\/catolicanet.net\/wp-cnet\/wp-json\/wp\/v2\/posts\/47903\/revisions"}],"predecessor-version":[{"id":47905,"href":"https:\/\/catolicanet.net\/wp-cnet\/wp-json\/wp\/v2\/posts\/47903\/revisions\/47905"}],"wp:featuredmedia":[{"embeddable":true,"href":"https:\/\/catolicanet.net\/wp-cnet\/wp-json\/wp\/v2\/media\/47904"}],"wp:attachment":[{"href":"https:\/\/catolicanet.net\/wp-cnet\/wp-json\/wp\/v2\/media?parent=47903"}],"wp:term":[{"taxonomy":"category","embeddable":true,"href":"https:\/\/catolicanet.net\/wp-cnet\/wp-json\/wp\/v2\/categories?post=47903"},{"taxonomy":"post_tag","embeddable":true,"href":"https:\/\/catolicanet.net\/wp-cnet\/wp-json\/wp\/v2\/tags?post=47903"}],"curies":[{"name":"wp","href":"https:\/\/api.w.org\/{rel}","templated":true}]}}