{"id":4790,"date":"2014-07-01T18:23:58","date_gmt":"2014-07-01T21:23:58","guid":{"rendered":"http:\/\/catolicanet.net\/wp-cnet\/santo-padre-nomeia-novo-observador-permanente-na-onu\/"},"modified":"2017-04-06T09:22:28","modified_gmt":"2017-04-06T12:22:28","slug":"santo-padre-nomeia-novo-observador-permanente-na-onu","status":"publish","type":"post","link":"https:\/\/catolicanet.net\/wp-cnet\/santo-padre-nomeia-novo-observador-permanente-na-onu\/","title":{"rendered":"Santo Padre nomeia novo Observador Permanente na ONU"},"content":{"rendered":"<p style=\"text-align: justify;\"><img decoding=\"async\" src=\"http:\/\/catolicanet.com.br\/images\/stories\/bispos\/dombernaditocleopas.jpg\" border=\"0\" align=\"left\" \/>O Santo Padre nomeou como Observador Permanente da Santa S\u00e9 junto \u00e0 Organiza\u00e7\u00e3o das Na\u00e7\u00f5es Unidas em Nova Iorque, Dom Bernardito Cleopas Auza, Arcebispo titular de Suacia, at\u00e9 agora N\u00fancio Apost\u00f3lico no Haiti.<\/p>\n<p>Dom Bernardito nasceu em Talibon, Filipinas, em 10 de junho de 1959 e sucede a Dom Francis Chullikatt, nomeado pelo Papa Em\u00e9rito Bento XVI em 17 de julho, assumindo o cargo em 15 de setembro de 2010.<\/p>\n<p>Fonte: R\u00e1dio Vaticano<br \/>Local: Cidade do Vaticano<\/p>\n","protected":false},"excerpt":{"rendered":"<p>O Santo Padre nomeou como Observador Permanente da Santa S\u00e9 junto \u00e0 Organiza\u00e7\u00e3o das Na\u00e7\u00f5es Unidas em Nova Iorque, Dom Bernardito Cleopas Auza, Arcebispo titular de Suacia, at\u00e9 agora N\u00fancio Apost\u00f3lico no Haiti. Dom Bernardito nasceu em Talibon, Filipinas, em 10 de junho de 1959 e sucede a Dom Francis Chullikatt, nomeado pelo Papa Em\u00e9rito [&hellip;]<\/p>\n","protected":false},"author":1,"featured_media":0,"comment_status":"closed","ping_status":"closed","sticky":false,"template":"","format":"standard","meta":{"footnotes":""},"categories":[3],"tags":[],"class_list":["post-4790","post","type-post","status-publish","format-standard","hentry","category-vaticano"],"_links":{"self":[{"href":"https:\/\/catolicanet.net\/wp-cnet\/wp-json\/wp\/v2\/posts\/4790","targetHints":{"allow":["GET"]}}],"collection":[{"href":"https:\/\/catolicanet.net\/wp-cnet\/wp-json\/wp\/v2\/posts"}],"about":[{"href":"https:\/\/catolicanet.net\/wp-cnet\/wp-json\/wp\/v2\/types\/post"}],"author":[{"embeddable":true,"href":"https:\/\/catolicanet.net\/wp-cnet\/wp-json\/wp\/v2\/users\/1"}],"replies":[{"embeddable":true,"href":"https:\/\/catolicanet.net\/wp-cnet\/wp-json\/wp\/v2\/comments?post=4790"}],"version-history":[{"count":1,"href":"https:\/\/catolicanet.net\/wp-cnet\/wp-json\/wp\/v2\/posts\/4790\/revisions"}],"predecessor-version":[{"id":9708,"href":"https:\/\/catolicanet.net\/wp-cnet\/wp-json\/wp\/v2\/posts\/4790\/revisions\/9708"}],"wp:attachment":[{"href":"https:\/\/catolicanet.net\/wp-cnet\/wp-json\/wp\/v2\/media?parent=4790"}],"wp:term":[{"taxonomy":"category","embeddable":true,"href":"https:\/\/catolicanet.net\/wp-cnet\/wp-json\/wp\/v2\/categories?post=4790"},{"taxonomy":"post_tag","embeddable":true,"href":"https:\/\/catolicanet.net\/wp-cnet\/wp-json\/wp\/v2\/tags?post=4790"}],"curies":[{"name":"wp","href":"https:\/\/api.w.org\/{rel}","templated":true}]}}