{"id":4789,"date":"2014-07-01T18:19:48","date_gmt":"2014-07-01T21:19:48","guid":{"rendered":"http:\/\/catolicanet.net\/wp-cnet\/guardas-suicos-querem-ver-jogo-com-o-papa\/"},"modified":"2017-04-06T09:22:48","modified_gmt":"2017-04-06T12:22:48","slug":"guardas-suicos-querem-ver-jogo-com-o-papa","status":"publish","type":"post","link":"https:\/\/catolicanet.net\/wp-cnet\/guardas-suicos-querem-ver-jogo-com-o-papa\/","title":{"rendered":"Guardas su\u00ed\u00e7os querem ver jogo com o Papa"},"content":{"rendered":"<p style=\"text-align: justify;\"><img decoding=\"async\" src=\"http:\/\/catolicanet.com.br\/images\/stories\/guardassuicos.jpg\" border=\"0\" align=\"left\" \/>Os guardas su\u00ed\u00e7os do Vaticano assistem nesta ter\u00e7a, 01, ao jogo de futebol contra a Argentina, das oitavas de final da Copa, em um tel\u00e3o gigante instalado no quartel do Vaticano. E t\u00eam a esperan\u00e7a que o Papa lhes fa\u00e7a companhia.<\/p>\n<p>N\u00e3o est\u00e1 previsto que o Papa v\u00e1 ao tel\u00e3o, montado a poucos metros do Pal\u00e1cio Apost\u00f3lico, mas os soldados pontif\u00edcios \u2018n\u00e3o perderam a esperan\u00e7a que ele apare\u00e7a\u2019.<\/p>\n<p>O Pont\u00edfice argentino, torcedor do San Lorenzo e f\u00e3 do esporte, reiterou em entrevista que \u201cpermanecer\u00e1 neutro\u201d porque o prometeu \u00e0 Presidente do Brasil, Dilma Rousseff.<\/p>\n<p>Os policiais criaram um ambiente prop\u00edcio para seguir os jogos da Copa: al\u00e9m do tel\u00e3o, erguido na frente do refeit\u00f3rio, cobriram o piso do p\u00e1tio com um gramado artificial verde e decoraram os muros com bandeiras dos pa\u00edses participantes.<\/p>\n<p>A Guarda Su\u00ed\u00e7a garante a prote\u00e7\u00e3o do Santo Padre, o controle das entradas do Pal\u00e1cio Apost\u00f3lico Vaticano e da resid\u00eancia Santa Marta, onde mora Francisco. O ex\u00e9rcito se comp\u00f5e de cerca de 110 homens.<\/p>\n<p>Fonte: R\u00e1dio Vaticano<br \/>Local: Cidade do Vaticano<\/p>\n","protected":false},"excerpt":{"rendered":"<p>Os guardas su\u00ed\u00e7os do Vaticano assistem nesta ter\u00e7a, 01, ao jogo de futebol contra a Argentina, das oitavas de final da Copa, em um tel\u00e3o gigante instalado no quartel do Vaticano. E t\u00eam a esperan\u00e7a que o Papa lhes fa\u00e7a companhia. N\u00e3o est\u00e1 previsto que o Papa v\u00e1 ao tel\u00e3o, montado a poucos metros do [&hellip;]<\/p>\n","protected":false},"author":1,"featured_media":0,"comment_status":"closed","ping_status":"closed","sticky":false,"template":"","format":"standard","meta":{"footnotes":""},"categories":[4],"tags":[],"class_list":["post-4789","post","type-post","status-publish","format-standard","hentry","category-cotidiano"],"_links":{"self":[{"href":"https:\/\/catolicanet.net\/wp-cnet\/wp-json\/wp\/v2\/posts\/4789","targetHints":{"allow":["GET"]}}],"collection":[{"href":"https:\/\/catolicanet.net\/wp-cnet\/wp-json\/wp\/v2\/posts"}],"about":[{"href":"https:\/\/catolicanet.net\/wp-cnet\/wp-json\/wp\/v2\/types\/post"}],"author":[{"embeddable":true,"href":"https:\/\/catolicanet.net\/wp-cnet\/wp-json\/wp\/v2\/users\/1"}],"replies":[{"embeddable":true,"href":"https:\/\/catolicanet.net\/wp-cnet\/wp-json\/wp\/v2\/comments?post=4789"}],"version-history":[{"count":1,"href":"https:\/\/catolicanet.net\/wp-cnet\/wp-json\/wp\/v2\/posts\/4789\/revisions"}],"predecessor-version":[{"id":9709,"href":"https:\/\/catolicanet.net\/wp-cnet\/wp-json\/wp\/v2\/posts\/4789\/revisions\/9709"}],"wp:attachment":[{"href":"https:\/\/catolicanet.net\/wp-cnet\/wp-json\/wp\/v2\/media?parent=4789"}],"wp:term":[{"taxonomy":"category","embeddable":true,"href":"https:\/\/catolicanet.net\/wp-cnet\/wp-json\/wp\/v2\/categories?post=4789"},{"taxonomy":"post_tag","embeddable":true,"href":"https:\/\/catolicanet.net\/wp-cnet\/wp-json\/wp\/v2\/tags?post=4789"}],"curies":[{"name":"wp","href":"https:\/\/api.w.org\/{rel}","templated":true}]}}