{"id":47841,"date":"2019-03-28T08:59:07","date_gmt":"2019-03-28T11:59:07","guid":{"rendered":"http:\/\/catolicanet.net\/wp-cnet\/?p=47841"},"modified":"2019-03-28T08:59:07","modified_gmt":"2019-03-28T11:59:07","slug":"caminhoes-capela-a-acn-ajuda-o-evangelho-chegar-mais-longe-ha-70-anos","status":"publish","type":"post","link":"https:\/\/catolicanet.net\/wp-cnet\/caminhoes-capela-a-acn-ajuda-o-evangelho-chegar-mais-longe-ha-70-anos\/","title":{"rendered":"Caminh\u00f5es Capela: A ACN ajuda o Evangelho chegar mais longe h\u00e1 70 anos"},"content":{"rendered":"<p>H\u00e1 setenta anos, a ACN, fundada pelo Padre Werenfried van Straaten (1913-2003), iniciou a campanha \u201cVe\u00edculos para Deus\u201d, iniciativa que lan\u00e7ou os caminh\u00f5es capela. Os chamados \u201cpadres de mochila\u201d receberam ve\u00edculos para ajudar pastoralmente os cat\u00f3licos deslocados na Alemanha ap\u00f3s a Segunda Guerra Mundial.\u201cDou instru\u00e7\u00e3o religiosa em sete escolas e regularmente celebro a Santa Missa em tr\u00eas cidades. Cada semana viajo 215 quil\u00f4metros de bicicleta. Muitas vezes estou na chuva e na neve, ao longo de ruas e caminhos cobertos de gelo ou lama no inverno; com lama na primavera e areia solta no ver\u00e3o\u201d. Cartas como essa inspiraram o Padre Werenfried a fornecer motos aos padres da Alemanha p\u00f3s-guerra.Como resultado dos horrores da guerra e da divis\u00e3o das antigas prov\u00edncias orientais alem\u00e3s, mais de 15 milh\u00f5es de pessoas foram for\u00e7adas a deixar suas casas. Mais da metade das pessoas deslocadas eram cat\u00f3licas.Muitos dos cat\u00f3licos da Alemanha Oriental foram reassentados em regi\u00f5es que eram quase exclusivamente protestantes. Portanto, eles n\u00e3o tinham visto uma igreja cat\u00f3lica em s\u00e9culos. Cerca de 3.000 sacerdotes, \u201cher\u00f3is do cuidado pastoral\u201d, proporcionaram conforto espiritual e administraram os sacramentos nessas regi\u00f5es. Como eles tamb\u00e9m haviam sido expulsos de suas antigas casas, eles viajavam a p\u00e9 de um lugar para outro. Contudo, sempre levavam consigo os objetos lit\u00fargicos para a Santa Missa em suas mochilas.Sacerdotes com roupas velhas e mochilas remendadasOs sacerdotes pareciam pessoas abandonadas, com suas roupas velhas e mochilas remendadas. Ainda assim, eles caminhavam durante horas todos os dias, percorrendo centenas de quil\u00f4metros. Eles enfrentavam o as intemp\u00e9ries clim\u00e1ticas, geralmente a p\u00e9 ou \u2013 muito raramente \u2013 de bicicleta. Severamente enfraquecidos pelas dificuldades enfrentadas durante sua pr\u00f3pria expuls\u00e3o, muitos dos sacerdotes morreram.N\u00e3o muito tempo depois do fim da guerra, em 1947, o Padre Werenfried reconheceu rapidamente as necessidades materiais e espirituais dos deslocados. O sacerdote holand\u00eas, premonstratense da Abadia de Tongerlo, na B\u00e9lgica, era um vision\u00e1rio da caridade. Ele confiava em Deus, na capacidade que as pessoas t\u00eam para o bem e no poder do perd\u00e3o, mesmo entre aqueles que outrora tinham sido inimigos de guerra. Ele trabalhou incansavelmente, primeiro coletando roupas e alimentos na B\u00e9lgica e na Holanda, para as pessoas deslocadas.\u201cCaminh\u00f5es capela\u201dA partir de 1949, os relatos angustiantes dos \u201cpadres de mochila\u201d levaram o Padre Werenfried a estender seus esfor\u00e7os e implorar por \u201cve\u00edculos para Deus\u201d. Surpreendentemente, em apenas dois meses ele conseguiu arrecadar dinheiro suficiente para comprar 120 carros! Logo ap\u00f3s ele planejou as pr\u00f3ximas campanhas com esp\u00edrito empreendedor arrojado: \u201cTemos que levar mais ajuda para o leste. Temos que enviar caminh\u00f5es com padres e ench\u00ea-los de presentes de caridade.\u201dQuando o Padre Werenfried falou sobre \u201cos caminh\u00f5es que ajudam\u201d, foi exatamente isso que ele quis dizer. Setenta caminh\u00f5es, e 14 chamados de \u201ccaminh\u00f5es capela\u201d, foram aben\u00e7oados em 22 de abril de 1952 em K\u00f6nigstein im Taunus, o mais importante centro religioso para cat\u00f3licos deslocados. Hoje, o local se tornou a sede administrativa da ACN internacional. Os caminh\u00f5es capela eram caminh\u00f5es que foram convertidos em capelas m\u00f3veis.A coragem de continuar vivendoDaquele dia em diante, nas duas d\u00e9cadas seguintes, os caminh\u00f5es capela doados pela ACN estavam na estrada com uma equipe de um mission\u00e1rio alem\u00e3o e um estrangeiro, al\u00e9m de um motorista. A Igreja literalmente chegou aos povoados para dar \u00e0s pessoas deslocadas a coragem de continuar vivendo. Um motorista lembrou: \u201cN\u00f3s dirigimos um caminh\u00e3o gigante\u201d. Ele se sentia como um \u201cdomador de le\u00f5es\u201d ao volante. Afinal, cada caminh\u00e3o capela tinha 14 metros de comprimento, dois metros de largura, tr\u00eas metros de altura e pesava cinco toneladas. Uma das laterais podia ser dobrada para montar o altar. A entrada do confession\u00e1rio ficava do outro lado. As acomoda\u00e7\u00f5es dos dois padres haviam sido instaladas na traseira do caminh\u00e3o, enquanto o motorista dormia na frente.Os caminh\u00f5es capela sa\u00edram pela \u00faltima vez em 1970. Os caminh\u00f5es pararam em centenas de lugares na Alemanha e at\u00e9 em alguns lugares no exterior. As capelas m\u00f3veis tornaram-se os ref\u00fagios espirituais para in\u00fameras pessoas deslocadas durante o dif\u00edcil per\u00edodo do p\u00f3s-guerra.A ACN continua empenhada em ajudar com ve\u00edculos ainda hojeFoi assim que a motoriza\u00e7\u00e3o do trabalho pastoral se tornou um dos principais focos da ACN, a obra fundada pelo Padre Werenfried, que foi elevada \u00e0 Funda\u00e7\u00e3o Pontif\u00edcia em 2011, pelo Papa Bento XVI. Do mesmo modo, em muitos pa\u00edses do mundo, ainda hoje as dist\u00e2ncias entre as comunidades e cidades s\u00e3o muito maiores do que na Alemanha. Uma \u00fanica par\u00f3quia pode ser maior que uma diocese inteira. Para garantir que os mission\u00e1rios de Deus n\u00e3o se \u201cencalhem\u201d a caminho da Santa Missa ou visitem uma pessoa doente, a ACN fornece ajuda para ve\u00edculos apropriados \u00e0s condi\u00e7\u00f5es locais, como carros, motos, bicicletas e at\u00e9 mesmo barcos.<\/p>\n","protected":false},"excerpt":{"rendered":"<p>H\u00e1 setenta anos, a ACN, fundada pelo Padre Werenfried van Straaten (1913-2003), iniciou a campanha \u201cVe\u00edculos para Deus\u201d, iniciativa que lan\u00e7ou os caminh\u00f5es capela. Os chamados \u201cpadres de mochila\u201d receberam ve\u00edculos para ajudar pastoralmente os cat\u00f3licos deslocados na Alemanha ap\u00f3s a Segunda Guerra Mundial.\u201cDou instru\u00e7\u00e3o religiosa em sete escolas e regularmente celebro a Santa Missa [&hellip;]<\/p>\n","protected":false},"author":1,"featured_media":47842,"comment_status":"open","ping_status":"closed","sticky":false,"template":"","format":"standard","meta":{"footnotes":""},"categories":[13],"tags":[],"class_list":["post-47841","post","type-post","status-publish","format-standard","has-post-thumbnail","hentry","category-featured"],"_links":{"self":[{"href":"https:\/\/catolicanet.net\/wp-cnet\/wp-json\/wp\/v2\/posts\/47841","targetHints":{"allow":["GET"]}}],"collection":[{"href":"https:\/\/catolicanet.net\/wp-cnet\/wp-json\/wp\/v2\/posts"}],"about":[{"href":"https:\/\/catolicanet.net\/wp-cnet\/wp-json\/wp\/v2\/types\/post"}],"author":[{"embeddable":true,"href":"https:\/\/catolicanet.net\/wp-cnet\/wp-json\/wp\/v2\/users\/1"}],"replies":[{"embeddable":true,"href":"https:\/\/catolicanet.net\/wp-cnet\/wp-json\/wp\/v2\/comments?post=47841"}],"version-history":[{"count":1,"href":"https:\/\/catolicanet.net\/wp-cnet\/wp-json\/wp\/v2\/posts\/47841\/revisions"}],"predecessor-version":[{"id":47843,"href":"https:\/\/catolicanet.net\/wp-cnet\/wp-json\/wp\/v2\/posts\/47841\/revisions\/47843"}],"wp:featuredmedia":[{"embeddable":true,"href":"https:\/\/catolicanet.net\/wp-cnet\/wp-json\/wp\/v2\/media\/47842"}],"wp:attachment":[{"href":"https:\/\/catolicanet.net\/wp-cnet\/wp-json\/wp\/v2\/media?parent=47841"}],"wp:term":[{"taxonomy":"category","embeddable":true,"href":"https:\/\/catolicanet.net\/wp-cnet\/wp-json\/wp\/v2\/categories?post=47841"},{"taxonomy":"post_tag","embeddable":true,"href":"https:\/\/catolicanet.net\/wp-cnet\/wp-json\/wp\/v2\/tags?post=47841"}],"curies":[{"name":"wp","href":"https:\/\/api.w.org\/{rel}","templated":true}]}}