{"id":4784,"date":"2014-07-01T17:57:05","date_gmt":"2014-07-01T20:57:05","guid":{"rendered":"http:\/\/catolicanet.net\/wp-cnet\/papa-francisco-quso-de-minas-antipessoais-e-uma-derrota-de-todosq\/"},"modified":"2017-04-06T09:25:40","modified_gmt":"2017-04-06T12:25:40","slug":"papa-francisco-quso-de-minas-antipessoais-e-uma-derrota-de-todosq","status":"publish","type":"post","link":"https:\/\/catolicanet.net\/wp-cnet\/papa-francisco-quso-de-minas-antipessoais-e-uma-derrota-de-todosq\/","title":{"rendered":"Papa Francisco: &#8220;Uso de minas antipessoais \u00e9 uma derrota de todos&#8221;"},"content":{"rendered":"<p style=\"text-align: justify;\">O Papa Francisco enviou uma mensagem aos participantes da 3\u00aa Confer\u00eancia de Revis\u00e3o da Conven\u00e7\u00e3o de Ottawa, que pro\u00edbe o uso de minas antipessoais, realizada em Maputo, Mo\u00e7ambique, de 23 a 27 de junho passado.<\/p>\n<p>O pont\u00edfice manifesta solidariedade e afeto a todas as pessoas v\u00edtimas das minas antipessoais. &#8220;Elas carregam em seu corpo e na vida os sinais de uma arma desumana, uma arma irrespons\u00e1vel, uma arma de covardes. As suas feridas nos lembram que o uso de armas em geral e de minas antipessoais \u00e9 uma derrota de todos&#8221;, frisa o Papa na mensagem assinada pelo Secret\u00e1rio de Estado, Cardeal Pietro Parolin.<\/p>\n<p>&#8220;As minas antipessoais prolongam a guerra e alimentam o medo at\u00e9 mesmo depois dos conflitos. Acrescentam \u00e0 fal\u00eancia humana provocada pela guerra um sentimento de medo que prevalece no estilo de vida e altera a constru\u00e7\u00e3o da paz&#8221;, frisa Francisco no documento.<\/p>\n<p>O pont\u00edfice destaca que &#8220;se queremos realmente a seguran\u00e7a, estabilidade e paz ent\u00e3o devemos reduzir os nossos estoques de armas, proibir as armas que n\u00e3o t\u00eam raz\u00e3o de existir na sociedade humana e investir na educa\u00e7\u00e3o, na sa\u00fade, na salvaguarda do nosso Planeta, na constru\u00e7\u00e3o de sociedades mais solid\u00e1rias e fraternas com suas diversidades, que s\u00e3o um enriquecimento&#8221;.<\/p>\n<p>O Papa exorta os pa\u00edses a se comprometeram com a Conven\u00e7\u00e3o para que &#8220;n\u00e3o haja mais v\u00edtimas de minas e nenhuma crian\u00e7a tenha que viver com medo dessas armas&#8221;. &#8220;Conven\u00e7\u00f5es como esta das minas antipessoais, n\u00e3o s\u00e3o somente quadros jur\u00eddicos frios, mas um desafio para todos aqueles que buscam salvaguardar e construir a paz, e tutelar os mais vulner\u00e1veis&#8221;, ressalta o pont\u00edfice na mensagem.<\/p>\n<p>&#8220;Que esta conven\u00e7\u00e3o possa ser um modelo para outros processos, em particular para as armas nucleares e outras armas que n\u00e3o deveriam existir. Coloquemos a pessoa humana no centro de nossos esfor\u00e7os para o desarmamento&#8221;, conclui o Papa Francisco.<\/p>\n<p>Fonte: R\u00e1dio Vaticano<br \/>Local: Cidade do Vaticano<\/p>\n","protected":false},"excerpt":{"rendered":"<p>O Papa Francisco enviou uma mensagem aos participantes da 3\u00aa Confer\u00eancia de Revis\u00e3o da Conven\u00e7\u00e3o de Ottawa, que pro\u00edbe o uso de minas antipessoais, realizada em Maputo, Mo\u00e7ambique, de 23 a 27 de junho passado. O pont\u00edfice manifesta solidariedade e afeto a todas as pessoas v\u00edtimas das minas antipessoais. &#8220;Elas carregam em seu corpo e [&hellip;]<\/p>\n","protected":false},"author":1,"featured_media":0,"comment_status":"closed","ping_status":"closed","sticky":false,"template":"","format":"standard","meta":{"footnotes":""},"categories":[4],"tags":[],"class_list":["post-4784","post","type-post","status-publish","format-standard","hentry","category-cotidiano"],"_links":{"self":[{"href":"https:\/\/catolicanet.net\/wp-cnet\/wp-json\/wp\/v2\/posts\/4784","targetHints":{"allow":["GET"]}}],"collection":[{"href":"https:\/\/catolicanet.net\/wp-cnet\/wp-json\/wp\/v2\/posts"}],"about":[{"href":"https:\/\/catolicanet.net\/wp-cnet\/wp-json\/wp\/v2\/types\/post"}],"author":[{"embeddable":true,"href":"https:\/\/catolicanet.net\/wp-cnet\/wp-json\/wp\/v2\/users\/1"}],"replies":[{"embeddable":true,"href":"https:\/\/catolicanet.net\/wp-cnet\/wp-json\/wp\/v2\/comments?post=4784"}],"version-history":[{"count":1,"href":"https:\/\/catolicanet.net\/wp-cnet\/wp-json\/wp\/v2\/posts\/4784\/revisions"}],"predecessor-version":[{"id":9714,"href":"https:\/\/catolicanet.net\/wp-cnet\/wp-json\/wp\/v2\/posts\/4784\/revisions\/9714"}],"wp:attachment":[{"href":"https:\/\/catolicanet.net\/wp-cnet\/wp-json\/wp\/v2\/media?parent=4784"}],"wp:term":[{"taxonomy":"category","embeddable":true,"href":"https:\/\/catolicanet.net\/wp-cnet\/wp-json\/wp\/v2\/categories?post=4784"},{"taxonomy":"post_tag","embeddable":true,"href":"https:\/\/catolicanet.net\/wp-cnet\/wp-json\/wp\/v2\/tags?post=4784"}],"curies":[{"name":"wp","href":"https:\/\/api.w.org\/{rel}","templated":true}]}}