{"id":47824,"date":"2019-03-27T09:05:48","date_gmt":"2019-03-27T12:05:48","guid":{"rendered":"http:\/\/catolicanet.net\/wp-cnet\/?p=47824"},"modified":"2019-03-27T09:05:48","modified_gmt":"2019-03-27T12:05:48","slug":"cardeal-sergio-da-rocha-aborda-tres-pontos-para-trabalho-de-protecao-dos-menores","status":"publish","type":"post","link":"https:\/\/catolicanet.net\/wp-cnet\/cardeal-sergio-da-rocha-aborda-tres-pontos-para-trabalho-de-protecao-dos-menores\/","title":{"rendered":"Cardeal Sergio da Rocha aborda tr\u00eas pontos para trabalho de prote\u00e7\u00e3o dos menores"},"content":{"rendered":"<p>Preven\u00e7\u00e3o, justi\u00e7a e assist\u00eancia \u00e0s v\u00edtimas foram os tr\u00eas pontos da atua\u00e7\u00e3o da Igreja frente \u00e0 realidade dos abusos de menores apresentados pelo arcebispo de Bras\u00edlia e presidente da Confer\u00eancia Nacional dos Bispos do Brasil (CNBB), cardeal Sergio da Rocha, na manh\u00e3 desta quarta-feira, 26, aos participantes da reuni\u00e3o do Conselho Permanente. Dom Sergio partilhou a respeito do encontro convocado pelo papa Francisco sobre a prote\u00e7\u00e3o de menores, realizado no Vaticano, no final de fevereiro.<\/p>\n<p>\u201cTemos tratado o tema abertamente e com muita transpar\u00eancia. Quando eu digo n\u00f3s, \u00e9 a Igreja. O papa \u00e9 o primeiro\u201d, ressaltou dom Sergio ao recordar as v\u00e1rias entrevistas que concedeu \u00e0 imprensa ap\u00f3s o retorno do encontro, realizado entre os dias 21 a 24 de fevereiro. Al\u00e9m das entrevistas, s\u00e3o v\u00e1rios os convites para tratar do tema, mesmo o cardeal afirmando n\u00e3o ser especialista na tem\u00e1tica.<\/p>\n<p>\u201cCabe ter presente que a Confer\u00eancia Episcopal tem uma Comiss\u00e3o que trabalha este tema para assessorar os bispos e as dioceses\u201d, recordou. Segundo o cardeal, esta comiss\u00e3o presidida por dom Jos\u00e9 Negri e com membros especializados no direito civil e no direito can\u00f4nico deve ser ampliada por decis\u00e3o da Presid\u00eancia da CNBB.<\/p>\n<div id=\"attachment_216086\" class=\"wp-caption alignright\"><a href=\"http:\/\/www.cnbb.org.br\/cardeal-sergio-da-rocha-aborda-tres-pontos-para-a-protecao-de-menores\/cp-26-3-19\/\"><img loading=\"lazy\" decoding=\"async\" class=\"wp-image-216086 size-medium\" src=\"http:\/\/www.cnbb.org.br\/wp-content\/uploads\/sites\/32\/2019\/03\/CP-26-3-19-300x168.jpg\" srcset=\"http:\/\/www.cnbb.org.br\/wp-content\/uploads\/sites\/32\/2019\/03\/CP-26-3-19-300x168.jpg 300w, http:\/\/www.cnbb.org.br\/wp-content\/uploads\/sites\/32\/2019\/03\/CP-26-3-19-768x431.jpg 768w, http:\/\/www.cnbb.org.br\/wp-content\/uploads\/sites\/32\/2019\/03\/CP-26-3-19-1024x574.jpg 1024w, http:\/\/www.cnbb.org.br\/wp-content\/uploads\/sites\/32\/2019\/03\/CP-26-3-19.jpg 1084w\" alt=\"\" width=\"300\" height=\"168\" \/><\/a><\/p>\n<p class=\"wp-caption-text\"><em>Foto: CNBB\/Daniel Flores<\/em><\/p>\n<\/div>\n<p><strong>Tr\u00eas grandes campos<\/strong><br \/>\nA proposta que surgiu do encontro convocado pelo papa estrutura-se em tr\u00eas grandes campos, \u201cum desafio para toda a Igreja e particularmente para a Confer\u00eancia Episcopal\u201d. O primeiro \u00e9 a preven\u00e7\u00e3o e a\u00ed \u201ca conferencia tem muito a fazer para suscitar\u201d esta a\u00e7\u00e3o, de acordo com o presidente da CNBB.<\/p>\n<p>O segundo campo \u00e9 a justi\u00e7a. Dom Sergio esclareceu que a compet\u00eancia para tratar juridicamente deste assunto \u00e9 da Congrega\u00e7\u00e3o para a Doutrina da F\u00e9, junto com o bispo diocesano, n\u00e3o da Confer\u00eancia Episcopal.<\/p>\n<p>Com a necessidade de uma investiga\u00e7\u00e3o pr\u00e9via, esta sempre cabe ao bispo diocesano, o que tamb\u00e9m ocorre nos casos dos religiosos, a quem a responsabilidade da investiga\u00e7\u00e3o pr\u00e9via recai sobre os superiores provinciais. Neste caso, n\u00e3o h\u00e1 necessidade de comunica\u00e7\u00e3o \u00e0 Santa S\u00e9. Quando conclu\u00edda esta investiga\u00e7\u00e3o, se decide se vai iniciar o processo judicial\/extrajudicial. Em caso positivo, deve ser comunicada \u00e0 Congrega\u00e7\u00e3o para a Doutrina da F\u00e9, que decidir\u00e1 quem estar\u00e1 \u00e0 frente do processo. \u201cQuando s\u00e3o casos p\u00fablicos e not\u00f3rios, que seja anunciado \u00e0 Santa S\u00e9\u201d.<\/p>\n<p>O terceiro ponto do campo de trabalho \u00e9 o da assist\u00eancia \u00e0s v\u00edtimas. \u201cAssist\u00eancia aqui n\u00e3o se fala em momento algum de qualquer tipo de puni\u00e7\u00e3o financeira ou coisa do g\u00eanero. Mas se trata aqui de proximidade, de assist\u00eancia espiritual, psicol\u00f3gica, humana, crist\u00e3. Insiste-se muito em ouvir\u201d.<\/p>\n<p><strong>Encontro em fevereiro<\/strong><br \/>\nSobre o encontro convocado pelo papa, dom Sergio partilhou que a reuni\u00e3o teve palestras, momentos de trabalho em grupos, nos quais foi poss\u00edvel a troca de experi\u00eancias com representantes de outras confer\u00eancias episcopais da Am\u00e9rica-Latina, e os depoimentos das v\u00edtimas, os quais \u201cforam sempre comoventes\u201d. Dom Sergio ainda lembrou das manifesta\u00e7\u00f5es nas ruas de Roma, durante aqueles dias.<\/p>\n<p>Cardeal Sergio da Rocha ainda ressaltou que o papa convocou o encontro pela gravidade do problema e tamb\u00e9m \u201cporque o povo de Deus e a Igreja em seu conjunto precisa de a\u00e7\u00f5es mais decididas para que jamais ocorram casos de abusos, isto \u00e9, para que a Igreja, assim como a sociedade, seja um lugar seguro para menores\u201d.<\/p>\n<p>\u201cDa parte de cl\u00e9rigos, da parte da Igreja, jamais deveria ocorrer um \u00fanico caso. N\u00f3s estamos preocupados e querendo superar esse problema, independentemente do n\u00famero de casos que possa ocorrer, onde quer que esteja\u201d, refor\u00e7ou.<\/p>\n<p>A CNBB publicou um texto sobre a prote\u00e7\u00e3o de menores recentemente. \u00c9 fruto do trabalho da comiss\u00e3o constitu\u00edda no \u00e2mbito da entidade e foi aprovada pela Congrega\u00e7\u00e3o para a Doutrina da F\u00e9.<\/p>\n<p>A tem\u00e1tica da prote\u00e7\u00e3o dos menores deve retornar \u00e0 aprecia\u00e7\u00e3o dos bispos durante a 57\u00aa Assembleia Geral da CNBB, no pr\u00f3ximo m\u00eas de maio, em Aparecida (SP).<\/p>\n","protected":false},"excerpt":{"rendered":"<p>Preven\u00e7\u00e3o, justi\u00e7a e assist\u00eancia \u00e0s v\u00edtimas foram os tr\u00eas pontos da atua\u00e7\u00e3o da Igreja frente \u00e0 realidade dos abusos de menores apresentados pelo arcebispo de Bras\u00edlia e presidente da Confer\u00eancia Nacional dos Bispos do Brasil (CNBB), cardeal Sergio da Rocha, na manh\u00e3 desta quarta-feira, 26, aos participantes da reuni\u00e3o do Conselho Permanente. Dom Sergio partilhou [&hellip;]<\/p>\n","protected":false},"author":1,"featured_media":47825,"comment_status":"open","ping_status":"closed","sticky":false,"template":"","format":"standard","meta":{"footnotes":""},"categories":[7],"tags":[],"class_list":["post-47824","post","type-post","status-publish","format-standard","has-post-thumbnail","hentry","category-cnbb"],"_links":{"self":[{"href":"https:\/\/catolicanet.net\/wp-cnet\/wp-json\/wp\/v2\/posts\/47824","targetHints":{"allow":["GET"]}}],"collection":[{"href":"https:\/\/catolicanet.net\/wp-cnet\/wp-json\/wp\/v2\/posts"}],"about":[{"href":"https:\/\/catolicanet.net\/wp-cnet\/wp-json\/wp\/v2\/types\/post"}],"author":[{"embeddable":true,"href":"https:\/\/catolicanet.net\/wp-cnet\/wp-json\/wp\/v2\/users\/1"}],"replies":[{"embeddable":true,"href":"https:\/\/catolicanet.net\/wp-cnet\/wp-json\/wp\/v2\/comments?post=47824"}],"version-history":[{"count":1,"href":"https:\/\/catolicanet.net\/wp-cnet\/wp-json\/wp\/v2\/posts\/47824\/revisions"}],"predecessor-version":[{"id":47826,"href":"https:\/\/catolicanet.net\/wp-cnet\/wp-json\/wp\/v2\/posts\/47824\/revisions\/47826"}],"wp:featuredmedia":[{"embeddable":true,"href":"https:\/\/catolicanet.net\/wp-cnet\/wp-json\/wp\/v2\/media\/47825"}],"wp:attachment":[{"href":"https:\/\/catolicanet.net\/wp-cnet\/wp-json\/wp\/v2\/media?parent=47824"}],"wp:term":[{"taxonomy":"category","embeddable":true,"href":"https:\/\/catolicanet.net\/wp-cnet\/wp-json\/wp\/v2\/categories?post=47824"},{"taxonomy":"post_tag","embeddable":true,"href":"https:\/\/catolicanet.net\/wp-cnet\/wp-json\/wp\/v2\/tags?post=47824"}],"curies":[{"name":"wp","href":"https:\/\/api.w.org\/{rel}","templated":true}]}}