{"id":4780,"date":"2014-07-01T17:12:04","date_gmt":"2014-07-01T20:12:04","guid":{"rendered":"http:\/\/catolicanet.net\/wp-cnet\/desporto-e-fraternidade-na-intencao-de-oracao-para-o-mes-de-julho\/"},"modified":"2017-04-06T09:28:30","modified_gmt":"2017-04-06T12:28:30","slug":"desporto-e-fraternidade-na-intencao-de-oracao-para-o-mes-de-julho","status":"publish","type":"post","link":"https:\/\/catolicanet.net\/wp-cnet\/desporto-e-fraternidade-na-intencao-de-oracao-para-o-mes-de-julho\/","title":{"rendered":"Desporto e fraternidade na inten\u00e7\u00e3o de ora\u00e7\u00e3o para o m\u00eas de julho"},"content":{"rendered":"<p style=\"text-align: justify;\"><img decoding=\"async\" src=\"http:\/\/catolicanet.com.br\/images\/stories\/desporto.jpg\" border=\"0\" align=\"left\" \/>O desporto \u00e9 o tema da inten\u00e7\u00e3o universal de ora\u00e7\u00e3o proposto por Francisco para o m\u00eas de julho: \u201cPara que a pr\u00e1tica do desporto seja sempre oportunidade de fraternidade e crescimento humano\u201d.<\/p>\n<p>Esses mesmos votos foram formulados pelo Pont\u00edfice na mensagem para a Copa do Mundo no Brasil.<\/p>\n<p>\u201cA minha esperan\u00e7a \u00e9 que, al\u00e9m de festa do esporte, esta Copa do Mundo possa tornar-se a festa da solidariedade entre os povos. Isso sup\u00f5e, por\u00e9m, que as competi\u00e7\u00f5es futebol\u00edsticas sejam consideradas por aquilo que no fundo s\u00e3o: um jogo e ao mesmo tempo uma ocasi\u00e3o de di\u00e1logo, de compreens\u00e3o, de enriquecimento humano rec\u00edproco\u201d, disse o Papa por ocasi\u00e3o da abertura do Mundial.<\/p>\n<p>O Pont\u00edfice usou tamb\u00e9m uma g\u00edria brasileira para defender o esp\u00edrito de equipe n\u00e3o s\u00f3 no esporte, mas entre as pessoas e culturas.<\/p>\n<p>\u201cN\u00e3o \u00e9 s\u00f3 no futebol que ser \u2018fominha\u2019 constitui um obst\u00e1culo para o bom resultado do time; pois, quando somos \u2018fominhas\u2019 na vida, ignorando as pessoas que nos rodeiam, toda a sociedade fica prejudicada\u201d, afirmou.<\/p>\n<p>J\u00e1 a inten\u00e7\u00e3o pela evangeliza\u00e7\u00e3o \u00e9: \u201cPara que o Esp\u00edrito Santo sustenha o servi\u00e7o dos leigos que anunciam o Evangelho nos pa\u00edses mais pobres.\u201d<\/p>\n<p>Fonte: R\u00e1dio Vaticano<br \/>Local: Cidade do Vaticano<\/p>\n","protected":false},"excerpt":{"rendered":"<p>O desporto \u00e9 o tema da inten\u00e7\u00e3o universal de ora\u00e7\u00e3o proposto por Francisco para o m\u00eas de julho: \u201cPara que a pr\u00e1tica do desporto seja sempre oportunidade de fraternidade e crescimento humano\u201d. Esses mesmos votos foram formulados pelo Pont\u00edfice na mensagem para a Copa do Mundo no Brasil. \u201cA minha esperan\u00e7a \u00e9 que, al\u00e9m de [&hellip;]<\/p>\n","protected":false},"author":1,"featured_media":0,"comment_status":"closed","ping_status":"closed","sticky":false,"template":"","format":"standard","meta":{"footnotes":""},"categories":[3],"tags":[],"class_list":["post-4780","post","type-post","status-publish","format-standard","hentry","category-vaticano"],"_links":{"self":[{"href":"https:\/\/catolicanet.net\/wp-cnet\/wp-json\/wp\/v2\/posts\/4780","targetHints":{"allow":["GET"]}}],"collection":[{"href":"https:\/\/catolicanet.net\/wp-cnet\/wp-json\/wp\/v2\/posts"}],"about":[{"href":"https:\/\/catolicanet.net\/wp-cnet\/wp-json\/wp\/v2\/types\/post"}],"author":[{"embeddable":true,"href":"https:\/\/catolicanet.net\/wp-cnet\/wp-json\/wp\/v2\/users\/1"}],"replies":[{"embeddable":true,"href":"https:\/\/catolicanet.net\/wp-cnet\/wp-json\/wp\/v2\/comments?post=4780"}],"version-history":[{"count":1,"href":"https:\/\/catolicanet.net\/wp-cnet\/wp-json\/wp\/v2\/posts\/4780\/revisions"}],"predecessor-version":[{"id":9718,"href":"https:\/\/catolicanet.net\/wp-cnet\/wp-json\/wp\/v2\/posts\/4780\/revisions\/9718"}],"wp:attachment":[{"href":"https:\/\/catolicanet.net\/wp-cnet\/wp-json\/wp\/v2\/media?parent=4780"}],"wp:term":[{"taxonomy":"category","embeddable":true,"href":"https:\/\/catolicanet.net\/wp-cnet\/wp-json\/wp\/v2\/categories?post=4780"},{"taxonomy":"post_tag","embeddable":true,"href":"https:\/\/catolicanet.net\/wp-cnet\/wp-json\/wp\/v2\/tags?post=4780"}],"curies":[{"name":"wp","href":"https:\/\/api.w.org\/{rel}","templated":true}]}}