{"id":4777,"date":"2014-06-30T18:09:42","date_gmt":"2014-06-30T21:09:42","guid":{"rendered":"http:\/\/catolicanet.net\/wp-cnet\/a-unidade-entre-os-capitulos-do-catecismo\/"},"modified":"2017-04-05T17:10:28","modified_gmt":"2017-04-05T20:10:28","slug":"a-unidade-entre-os-capitulos-do-catecismo","status":"publish","type":"post","link":"https:\/\/catolicanet.net\/wp-cnet\/a-unidade-entre-os-capitulos-do-catecismo\/","title":{"rendered":"A unidade entre os cap\u00edtulos do Catecismo"},"content":{"rendered":"<p style=\"text-align: justify;\"><img decoding=\"async\" src=\"http:\/\/catolicanet.com.br\/images\/stories\/catecismo.jpg\" border=\"0\" align=\"left\" \/>No nosso espa\u00e7o dedicado aos 20 anos da publica\u00e7\u00e3o do Novo Catecismo, falaremos hoje sobre a unidade existente entre os 4 cap\u00edtulos no Catecismo da Igreja Cat\u00f3lica.<\/p>\n<p>O projeto do Catecismo inspirou-se na grande tradi\u00e7\u00e3o dos catecismos que articulam a catequese em torno dos &#8220;quatro pilares&#8221;, ou seja, a profiss\u00e3o da f\u00e9 batismal, os sacramentos da f\u00e9, a vida da f\u00e9 e a ora\u00e7\u00e3o do crente, segundo nos diz o par\u00e1grafo 13 do Catecismo. Padre Gerson Schmidt, reflete nesta edi\u00e7\u00e3o sobre a unidade existente entre estes quatro cap\u00edtulos:<\/p>\n<p>\u201cAmado ouvinte!<\/p>\n<p>Quatro cap\u00edtulos do catecismo se unem entre si, numa harmonia muito completa. Para entender melhor essa unidade entre as quatro partes, quero utilizar aqui uma compara\u00e7\u00e3o bel\u00edssima que o s\u00ednodo dos bispos em 2008 utilizou quando refletia a import\u00e2ncia da Palavra de Deus, que rendeu ao Papa Bento a Exorta\u00e7\u00e3o Apost\u00f3lica P\u00f3s-sinodal Verbum Domini. Os bispos, na mensagem final do S\u00ednodo, diziam que a Palavra tem quatro imagens, quatro figuras. A Palavra tem boca; a Palavra tem rosto; A Palavra tem uma Casa; A Palavra tem um Caminho. Olha s\u00f3 amigo, atento a essa espl\u00eandida compara\u00e7\u00e3o. A Palavra tem boca: ou seja, a boca de Deus, na voz dos profetas, nos padres e bispos, nos hagi\u00f3grafos, daqueles que registraram na Sagrada Escritura o que Deus realizou na hist\u00f3ria da Salva\u00e7\u00e3o. A Palavra de Deus tem rosto, ou seja, um rosto revelado em Cristo Jesus, imagem vis\u00edvel do Deus invis\u00edvel. Esse rosto que na cruz \u00e9 desfigurado para nossa salva\u00e7\u00e3o. Ele se desfigura, ele se desfacela, para nos configurar novamente com Deus. A Palavra tem uma Casa: ou seja, a igreja. \u00c9 nela que, como sacramento de Salva\u00e7\u00e3o, a Palavra se concretiza, se efetiva nos sacramentos. Finalmente a \u00faltima compara\u00e7\u00e3o: A Palavra de Deus tem um Caminho, os seja, a realiza\u00e7\u00e3o da salva\u00e7\u00e3o na hist\u00f3ria, na vida, na caminhada di\u00e1ria, na evangeliza\u00e7\u00e3o, no querigma, no an\u00fancio concreto da Vit\u00f3ria de Cristo sobre nossas mortes.<\/p>\n<p>Fa\u00e7o agora um paralelo com os quatro cap\u00edtulos do Catecismo da Igreja Cat\u00f3lica. Atento! O Primeiro Cap\u00edtulo fala do Credo, das verdades da f\u00e9. \u00c9 a boca, \u00e9 a voz das verdades da f\u00e9, que a partir das Escrituras e da Tradi\u00e7\u00e3o da Igreja, proclamamos, anunciamos, como verdades fundamentais para a salva\u00e7\u00e3o. O Credo \u00e9 a boca da Palavra, do que Deus revelou. O segundo cap\u00edtulo do Catecismo nos aponta os sacramentos. \u00c9 a casa da Palavra, a liturgia, a Igreja, lugar privilegiado da Palavra, como aponta a segunda parte da Enc\u00edclica Verbum Domini. A voz de Deus tem uma casa concreta: a comunidade reunida em torno da Palavra para efetivar-se nos sacramentos de salva\u00e7\u00e3o. O terceiro Cap\u00edtulo do Catecismo fala dos mandamentos. \u00c9 o rosto de Cristo. Se eu cumpro os mandamentos revelo o rosto do Senhor. \u201cNisso conhecer\u00e3o que sois meus disc\u00edpulos, se vos amardes uns aos outros\u201d. No amor vivido e celebrado revelamos ao mundo o verdadeiro rosto de Cristo. O quarto cap\u00edtulo do Catecismo aponta a Ora\u00e7\u00e3o do Pai-Nosso. \u00c9 o caminho da Palavra. \u00c9 a ora\u00e7\u00e3o di\u00e1ria que me permite entender os cap\u00edtulos anteriores do Catecismo: o que devo crer, o que devo celebrar, o que devo cumprir dos mandamentos do Senhor. Quem reza caminha para entender e realizar a vontade de Deus na sua vida cotidiana.<\/p>\n<p>A paz e a ben\u00e7\u00e3o, amado irm\u00e3o\u201d.<\/p>\n<p>Fonte: R\u00e1dio Vaticano<br \/>Local: Cidade do Vaticano<\/p>\n","protected":false},"excerpt":{"rendered":"<p>No nosso espa\u00e7o dedicado aos 20 anos da publica\u00e7\u00e3o do Novo Catecismo, falaremos hoje sobre a unidade existente entre os 4 cap\u00edtulos no Catecismo da Igreja Cat\u00f3lica. O projeto do Catecismo inspirou-se na grande tradi\u00e7\u00e3o dos catecismos que articulam a catequese em torno dos &#8220;quatro pilares&#8221;, ou seja, a profiss\u00e3o da f\u00e9 batismal, os sacramentos [&hellip;]<\/p>\n","protected":false},"author":1,"featured_media":0,"comment_status":"closed","ping_status":"closed","sticky":false,"template":"","format":"standard","meta":{"footnotes":""},"categories":[4],"tags":[],"class_list":["post-4777","post","type-post","status-publish","format-standard","hentry","category-cotidiano"],"_links":{"self":[{"href":"https:\/\/catolicanet.net\/wp-cnet\/wp-json\/wp\/v2\/posts\/4777","targetHints":{"allow":["GET"]}}],"collection":[{"href":"https:\/\/catolicanet.net\/wp-cnet\/wp-json\/wp\/v2\/posts"}],"about":[{"href":"https:\/\/catolicanet.net\/wp-cnet\/wp-json\/wp\/v2\/types\/post"}],"author":[{"embeddable":true,"href":"https:\/\/catolicanet.net\/wp-cnet\/wp-json\/wp\/v2\/users\/1"}],"replies":[{"embeddable":true,"href":"https:\/\/catolicanet.net\/wp-cnet\/wp-json\/wp\/v2\/comments?post=4777"}],"version-history":[{"count":1,"href":"https:\/\/catolicanet.net\/wp-cnet\/wp-json\/wp\/v2\/posts\/4777\/revisions"}],"predecessor-version":[{"id":9663,"href":"https:\/\/catolicanet.net\/wp-cnet\/wp-json\/wp\/v2\/posts\/4777\/revisions\/9663"}],"wp:attachment":[{"href":"https:\/\/catolicanet.net\/wp-cnet\/wp-json\/wp\/v2\/media?parent=4777"}],"wp:term":[{"taxonomy":"category","embeddable":true,"href":"https:\/\/catolicanet.net\/wp-cnet\/wp-json\/wp\/v2\/categories?post=4777"},{"taxonomy":"post_tag","embeddable":true,"href":"https:\/\/catolicanet.net\/wp-cnet\/wp-json\/wp\/v2\/tags?post=4777"}],"curies":[{"name":"wp","href":"https:\/\/api.w.org\/{rel}","templated":true}]}}