{"id":47767,"date":"2019-03-22T14:45:16","date_gmt":"2019-03-22T17:45:16","guid":{"rendered":"http:\/\/catolicanet.net\/wp-cnet\/?p=47767"},"modified":"2019-03-22T14:46:03","modified_gmt":"2019-03-22T17:46:03","slug":"puebla-no-mexico-acolhe-a-i-semana-latino-americana-de-iniciacao-a-vida-crista","status":"publish","type":"post","link":"https:\/\/catolicanet.net\/wp-cnet\/puebla-no-mexico-acolhe-a-i-semana-latino-americana-de-iniciacao-a-vida-crista\/","title":{"rendered":"Puebla, no M\u00e9xico, acolhe a I Semana Latino-Americana de Inicia\u00e7\u00e3o \u00e0 Vida Crist\u00e3"},"content":{"rendered":"<p>Com o objetivo de assumir de modo org\u00e2nico a Inicia\u00e7\u00e3o \u00e0 Vida Crist\u00e3 como maneira indispens\u00e1vel para promover e formar disc\u00edpulos mission\u00e1rios de Jesus Cristo na Am\u00e9rica Larina e no Caribe, representantes das Confer\u00eancias Episcopais que formam o Conselho Episcopal Latino-Americano (Celam), est\u00e3o reunidos at\u00e9 esta sexta, 22, na cidade de Puebla (M\u00e9xico).<\/p>\n<p>A semana de estudos e reflex\u00f5es teve in\u00edcio na tarde do dia 18, com a celebra\u00e7\u00e3o eucar\u00edstica no Santu\u00e1rio de Guadalupe, presidida por dom Octavio Ruiz, secret\u00e1rio-geral do Pontif\u00edcio Conselho para a Promo\u00e7\u00e3o da Nova Evangeliza\u00e7\u00e3o.\u00a0<a href=\"http:\/\/www.cnbb.org.br\/puebla-acolhe-a-i-semana-latino-americana-de-iniciacao-a-vida-crista\/200319-moxxanrphujpg\/\"><img loading=\"lazy\" decoding=\"async\" class=\"size-medium wp-image-209184 alignright\" src=\"http:\/\/www.cnbb.org.br\/wp-content\/uploads\/sites\/32\/2019\/03\/200319-MOxXaNRPHuJPg-300x225.jpg\" srcset=\"http:\/\/www.cnbb.org.br\/wp-content\/uploads\/sites\/32\/2019\/03\/200319-MOxXaNRPHuJPg-300x225.jpg 300w, http:\/\/www.cnbb.org.br\/wp-content\/uploads\/sites\/32\/2019\/03\/200319-MOxXaNRPHuJPg-768x576.jpg 768w, http:\/\/www.cnbb.org.br\/wp-content\/uploads\/sites\/32\/2019\/03\/200319-MOxXaNRPHuJPg-1024x768.jpg 1024w, http:\/\/www.cnbb.org.br\/wp-content\/uploads\/sites\/32\/2019\/03\/200319-MOxXaNRPHuJPg.jpg 1280w\" alt=\"\" width=\"300\" height=\"225\" \/><\/a><\/p>\n<p>No segundo dia de atividades (19), as reflex\u00f5es tomaram por base as respostas dos question\u00e1rios que as Confer\u00eancias enviaram ao CELAM em momento preparat\u00f3rio da I Semana Latino-americana de Inicia\u00e7\u00e3o \u00e0 Vida Crist\u00e3. Seguiu-se com a contextualiza\u00e7\u00e3o dos 40 anos da III Confer\u00eancia Geral do Episcopado Latino-americano e Caribenho, realizada em Puebla em 1979.<\/p>\n<p>Ao longo dos demais per\u00edodos de estudos e partilha de experi\u00eancias, v\u00e1rias Confer\u00eancias com tem\u00e1tica b\u00edblica, hist\u00f3rica e pastoral, ajudaram os participantes na elabora\u00e7\u00e3o de proposi\u00e7\u00f5es para o processo de evangeliza\u00e7\u00e3o da Igreja tendo como eixo central a Inicia\u00e7\u00e3o \u00e0 Vida Crist\u00e3.<\/p>\n<p><strong>Discernimento- <\/strong>O terceiro dia da I Semana Latino-Americana de Inicia\u00e7\u00e3o \u00e0 Vida Crist\u00e3 foi marcado pelas atividades em grupos por \u00e1reas de pastoral para a reflex\u00e3o e discernimento de iniciativas de evangeliza\u00e7\u00e3o para a Am\u00e9rica Latina. Reunidos, os participantes das Confer\u00eancias episcopais se dedicaram \u00e0 reflex\u00e3o da a\u00e7\u00e3o evangelizadora por grupos: catequese, miss\u00e3o, liturgia, b\u00edblia, juventude e fam\u00edlia, cultura e educa\u00e7\u00e3o.<\/p>\n<p>Cada um deles, conforme sua \u00e1rea pastoral, indicou pistas de a\u00e7\u00e3o que culminem na elabora\u00e7\u00e3o de um itiner\u00e1rio de inicia\u00e7\u00e3o \u00e0 Vida Crist\u00e3, que contemple processo, pessoa, an\u00fancio de Jesus Cristo, viv\u00eancia da f\u00e9 pela Palavra e sacramentos, mudan\u00e7as de atitudes e testemunho de comunidade.<\/p>\n<div id=\"attachment_209181\" class=\"wp-caption alignleft\"><a href=\"http:\/\/www.cnbb.org.br\/puebla-acolhe-a-i-semana-latino-americana-de-iniciacao-a-vida-crista\/whatsapp-image-2019-03-20-at-01-48-32\/\"><img loading=\"lazy\" decoding=\"async\" class=\"wp-image-209181 size-medium\" src=\"http:\/\/www.cnbb.org.br\/wp-content\/uploads\/sites\/32\/2019\/03\/WhatsApp-Image-2019-03-20-at-01.48.32-300x269.jpeg\" srcset=\"http:\/\/www.cnbb.org.br\/wp-content\/uploads\/sites\/32\/2019\/03\/WhatsApp-Image-2019-03-20-at-01.48.32-300x269.jpeg 300w, http:\/\/www.cnbb.org.br\/wp-content\/uploads\/sites\/32\/2019\/03\/WhatsApp-Image-2019-03-20-at-01.48.32-768x688.jpeg 768w, http:\/\/www.cnbb.org.br\/wp-content\/uploads\/sites\/32\/2019\/03\/WhatsApp-Image-2019-03-20-at-01.48.32-1024x918.jpeg 1024w, http:\/\/www.cnbb.org.br\/wp-content\/uploads\/sites\/32\/2019\/03\/WhatsApp-Image-2019-03-20-at-01.48.32.jpeg 1280w\" alt=\"\" width=\"300\" height=\"269\" \/><\/a><\/p>\n<p class=\"wp-caption-text\">Representantes do Brasil no encontro<\/p>\n<\/div>\n<p>Durante os dias de trabalho, destacou-se tamb\u00e9m a import\u00e2ncia da troca de experi\u00eancias entre os diversos pa\u00edses, representados por agentes de pastoral leigos e leigas, religiosos e religiosas, presb\u00edteros e bispos, que confirmam a metodologia da experi\u00eancia e viv\u00eancias de f\u00e9 como novos m\u00e9todos de forma\u00e7\u00e3o de disc\u00edpulos mission\u00e1rios.<\/p>\n<p>Ao todo participam mais de cem pessoas das Confer\u00eancias Episcopais. Os representantes dos pa\u00edses correspondem as \u00e1reas de catequese, b\u00edblia, fam\u00edlia, vida e juventude, educa\u00e7\u00e3o e cultura, miss\u00f5es, liturgia e piedade popular e santu\u00e1rios.<\/p>\n<p>Do Brasil, est\u00e3o presentes dom Waldemar Passini Dalbello, representante da CNBB no Departamento de Miss\u00e3o e Espiritualidade do CELAM; padre Antonio Marcos Depizzoli, assessor da Comiss\u00e3o para a Anima\u00e7\u00e3o B\u00edblico-Catequ\u00e9tica da CNBB; padre Thiago Faccini Paro, assessor do Setor Espa\u00e7o Lit\u00fargico da CNBB; padre Jos\u00e9 Elp\u00eddio Costa da Silva; padre J\u00e2nison de S\u00e1 Santos; irm\u00e3 Ros\u00e2ngela Aparecida Fontoura; irm\u00e3 L\u00facia Imaculada; Teresinha dos Santos Resende Barbosa e Ari\u00e9l Philippi Machado.<\/p>\n<p><strong>Com informa\u00e7\u00f5es do Ari\u00e9l Philippi Machado<\/strong><\/p>\n","protected":false},"excerpt":{"rendered":"<p>Com o objetivo de assumir de modo org\u00e2nico a Inicia\u00e7\u00e3o \u00e0 Vida Crist\u00e3 como maneira indispens\u00e1vel para promover e formar disc\u00edpulos mission\u00e1rios de Jesus Cristo na Am\u00e9rica Larina e no Caribe, representantes das Confer\u00eancias Episcopais que formam o Conselho Episcopal Latino-Americano (Celam), est\u00e3o reunidos at\u00e9 esta sexta, 22, na cidade de Puebla (M\u00e9xico). A semana [&hellip;]<\/p>\n","protected":false},"author":1,"featured_media":47768,"comment_status":"open","ping_status":"closed","sticky":false,"template":"","format":"standard","meta":{"footnotes":""},"categories":[7],"tags":[],"class_list":["post-47767","post","type-post","status-publish","format-standard","has-post-thumbnail","hentry","category-cnbb"],"_links":{"self":[{"href":"https:\/\/catolicanet.net\/wp-cnet\/wp-json\/wp\/v2\/posts\/47767","targetHints":{"allow":["GET"]}}],"collection":[{"href":"https:\/\/catolicanet.net\/wp-cnet\/wp-json\/wp\/v2\/posts"}],"about":[{"href":"https:\/\/catolicanet.net\/wp-cnet\/wp-json\/wp\/v2\/types\/post"}],"author":[{"embeddable":true,"href":"https:\/\/catolicanet.net\/wp-cnet\/wp-json\/wp\/v2\/users\/1"}],"replies":[{"embeddable":true,"href":"https:\/\/catolicanet.net\/wp-cnet\/wp-json\/wp\/v2\/comments?post=47767"}],"version-history":[{"count":1,"href":"https:\/\/catolicanet.net\/wp-cnet\/wp-json\/wp\/v2\/posts\/47767\/revisions"}],"predecessor-version":[{"id":47769,"href":"https:\/\/catolicanet.net\/wp-cnet\/wp-json\/wp\/v2\/posts\/47767\/revisions\/47769"}],"wp:featuredmedia":[{"embeddable":true,"href":"https:\/\/catolicanet.net\/wp-cnet\/wp-json\/wp\/v2\/media\/47768"}],"wp:attachment":[{"href":"https:\/\/catolicanet.net\/wp-cnet\/wp-json\/wp\/v2\/media?parent=47767"}],"wp:term":[{"taxonomy":"category","embeddable":true,"href":"https:\/\/catolicanet.net\/wp-cnet\/wp-json\/wp\/v2\/categories?post=47767"},{"taxonomy":"post_tag","embeddable":true,"href":"https:\/\/catolicanet.net\/wp-cnet\/wp-json\/wp\/v2\/tags?post=47767"}],"curies":[{"name":"wp","href":"https:\/\/api.w.org\/{rel}","templated":true}]}}