{"id":47764,"date":"2019-03-22T14:26:30","date_gmt":"2019-03-22T17:26:30","guid":{"rendered":"http:\/\/catolicanet.net\/wp-cnet\/?p=47764"},"modified":"2019-03-22T14:26:30","modified_gmt":"2019-03-22T17:26:30","slug":"o-que-o-texto-base-da-cf-2019-recomenda-fazer-durante-o-periodo-da-campanha","status":"publish","type":"post","link":"https:\/\/catolicanet.net\/wp-cnet\/o-que-o-texto-base-da-cf-2019-recomenda-fazer-durante-o-periodo-da-campanha\/","title":{"rendered":"O que o Texto-Base da CF 2019 recomenda fazer durante o per\u00edodo da campanha"},"content":{"rendered":"<div>\n<p>Para ter uma frutuosa e eficaz realiza\u00e7\u00e3o da Campanha da Fraternidade (CF) 2019, o Texto-Base indica a necessidade de reavivar o seu planejamento com a organiza\u00e7\u00e3o de um Programa Pastoral que preveja a\u00e7\u00f5es para realizar antes, durante e depois, coordenadas por equipes em diferentes n\u00edveis.<\/p>\n<\/div>\n<div>\n<p>Em muitas par\u00f3quias, dioceses e regionais, o Texto-Base destaca que a anima\u00e7\u00e3o da CF \u00e9 assumida pela respectiva equipe de Coordena\u00e7\u00e3o Pastoral, com o estabelecimento de uma Comiss\u00e3o espec\u00edfica para a tarefa. Segundo o Texto-Base, esse procedimento favorece maior integra\u00e7\u00e3o, evitando paralelismos.<\/p>\n<\/div>\n<div>Neste sentido, o Texto-Base destaca o que as equipes, em diferentes n\u00edveis, podem fazer durante o seu per\u00edodo mais intenso de execu\u00e7\u00e3o, que corresponde ao per\u00edodo da Quaresma, cujo in\u00edcio se deu, esse ano, dia 6 de mar\u00e7o, Quarta-feira de Cinzas e se estende at\u00e9 a P\u00e1scoa, quando se celebra a Ressurrei\u00e7\u00e3o de Cristo, dia 21 de abril.<\/div>\n<div><\/div>\n<div>O que pode ser feito pelas equipes durante da CF 2019, segundo o Texto-Base:<\/div>\n<div><\/div>\n<div><strong>a) Equipe Regional da CF<\/strong><\/div>\n<div>\u2013 Descobrir formas de estar em permanente contato com as equipes diocesanas para anima\u00e7\u00e3o e interc\u00e2mbio das experi\u00eancias mais significativas;<\/div>\n<div>\u2013 Possibilitar o acompanhamento das atividades comuns programadas.<\/div>\n<div><\/div>\n<div><strong>b) Equipe Diocesana da CF<\/strong><\/div>\n<div>\u2013 Acompanhar as diversas equipes existentes;<\/div>\n<div>\u2013 Verificar o andamento das atividades comuns programadas;<\/div>\n<div>\u2013 Manter frequente contato com as par\u00f3quias, para perceber o andamento da Campanha;<\/div>\n<div>\u2013 Conferir a chegada de subs\u00eddios a todos os destinat\u00e1rios em potencial;<\/div>\n<div>\u2013 Alimentar com pequenos textos motivadores (releases) os meios de comunica\u00e7\u00e3o social.<\/div>\n<div><\/div>\n<div><strong>c) Equipe Paroquial da CF<\/strong><\/div>\n<div>\u2013 Intensificar sua divulga\u00e7\u00e3o;<\/div>\n<div>\u2013 Conferir a chegada dos subs\u00eddios aos destinat\u00e1rios;<\/div>\n<div>\u2013 Motivar sucessivos gestos concretos de fraternidade;<\/div>\n<div>\u2013 Realizar a coleta.<\/div>\n<div><strong><br \/>\nCronograma da CF 2019:<\/strong><\/div>\n<div>\n<p><strong>Lan\u00e7amento: 6 de mar\u00e7o de 2019 \u2013 Quarta-feira de Cinzas:\u00a0<\/strong>Lan\u00e7amento da CF 2019 em todo o Brasil, em \u00e2mbito nacional, regional, diocesano e paroquial, com a mensagem do Papa, da Presid\u00eancia da CNBB e programas especiais.<\/p>\n<\/div>\n<div><strong>Realiza\u00e7\u00e3o<\/strong> \u2013 6 de mar\u00e7o a 14 de abril de 2019: a Campanha deste ano se realiza com o tema: \u201cFraternidade e Pol\u00edticas P\u00fablicas\u201d e o lema: \u201cSer\u00e1s libertado pelo direito e pela justi\u00e7a\u201d. (Is 1, 27).<\/div>\n<div><strong>Coleta Nacional da Solidariedade<\/strong> no Domingo de Ramos \u2013 14 de abril de 2019: Coleta Nacional da Solidariedade (60% arrecadado vai para o Fundo Diocesano de Solidariedade e 40% para o Fundo Nacional de Solidariedade).<\/div>\n<div><strong>Avalia\u00e7\u00e3o<\/strong> \u2013 maio a julho de 2019: nos \u00e2mbitos: paroquial (de 1\u00ba de maio a 26 de maio), diocesano (de 27 de maio a 23 de junho) e regional (de 24 de junho a 21 de julho).<\/div>\n<div><strong>Encontro Nacional<\/strong> com representantes dos regionais da CNBB \u2013 julho 2019.<\/div>\n","protected":false},"excerpt":{"rendered":"<p>Para ter uma frutuosa e eficaz realiza\u00e7\u00e3o da Campanha da Fraternidade (CF) 2019, o Texto-Base indica a necessidade de reavivar o seu planejamento com a organiza\u00e7\u00e3o de um Programa Pastoral que preveja a\u00e7\u00f5es para realizar antes, durante e depois, coordenadas por equipes em diferentes n\u00edveis. Em muitas par\u00f3quias, dioceses e regionais, o Texto-Base destaca que [&hellip;]<\/p>\n","protected":false},"author":1,"featured_media":47765,"comment_status":"open","ping_status":"closed","sticky":false,"template":"","format":"standard","meta":{"footnotes":""},"categories":[7],"tags":[],"class_list":["post-47764","post","type-post","status-publish","format-standard","has-post-thumbnail","hentry","category-cnbb"],"_links":{"self":[{"href":"https:\/\/catolicanet.net\/wp-cnet\/wp-json\/wp\/v2\/posts\/47764","targetHints":{"allow":["GET"]}}],"collection":[{"href":"https:\/\/catolicanet.net\/wp-cnet\/wp-json\/wp\/v2\/posts"}],"about":[{"href":"https:\/\/catolicanet.net\/wp-cnet\/wp-json\/wp\/v2\/types\/post"}],"author":[{"embeddable":true,"href":"https:\/\/catolicanet.net\/wp-cnet\/wp-json\/wp\/v2\/users\/1"}],"replies":[{"embeddable":true,"href":"https:\/\/catolicanet.net\/wp-cnet\/wp-json\/wp\/v2\/comments?post=47764"}],"version-history":[{"count":1,"href":"https:\/\/catolicanet.net\/wp-cnet\/wp-json\/wp\/v2\/posts\/47764\/revisions"}],"predecessor-version":[{"id":47766,"href":"https:\/\/catolicanet.net\/wp-cnet\/wp-json\/wp\/v2\/posts\/47764\/revisions\/47766"}],"wp:featuredmedia":[{"embeddable":true,"href":"https:\/\/catolicanet.net\/wp-cnet\/wp-json\/wp\/v2\/media\/47765"}],"wp:attachment":[{"href":"https:\/\/catolicanet.net\/wp-cnet\/wp-json\/wp\/v2\/media?parent=47764"}],"wp:term":[{"taxonomy":"category","embeddable":true,"href":"https:\/\/catolicanet.net\/wp-cnet\/wp-json\/wp\/v2\/categories?post=47764"},{"taxonomy":"post_tag","embeddable":true,"href":"https:\/\/catolicanet.net\/wp-cnet\/wp-json\/wp\/v2\/tags?post=47764"}],"curies":[{"name":"wp","href":"https:\/\/api.w.org\/{rel}","templated":true}]}}