{"id":47761,"date":"2019-03-22T14:21:14","date_gmt":"2019-03-22T17:21:14","guid":{"rendered":"http:\/\/catolicanet.net\/wp-cnet\/?p=47761"},"modified":"2019-03-22T14:21:14","modified_gmt":"2019-03-22T17:21:14","slug":"comissao-reune-referenciais-da-juventude-e-partilha-trabalho-do-quadrienio","status":"publish","type":"post","link":"https:\/\/catolicanet.net\/wp-cnet\/comissao-reune-referenciais-da-juventude-e-partilha-trabalho-do-quadrienio\/","title":{"rendered":"Comiss\u00e3o re\u00fane referenciais da Juventude e partilha trabalho do quadri\u00eanio"},"content":{"rendered":"<p><img loading=\"lazy\" decoding=\"async\" class=\"size-medium wp-image-47762 alignleft\" src=\"http:\/\/catolicanet.net\/wp-cnet\/wp-content\/uploads\/Ref-Juventudes-2-300x169.jpg\" alt=\"\" width=\"300\" height=\"169\" srcset=\"https:\/\/catolicanet.net\/wp-cnet\/wp-content\/uploads\/Ref-Juventudes-2-300x169.jpg 300w, https:\/\/catolicanet.net\/wp-cnet\/wp-content\/uploads\/Ref-Juventudes-2-768x432.jpg 768w, https:\/\/catolicanet.net\/wp-cnet\/wp-content\/uploads\/Ref-Juventudes-2.jpg 1024w, https:\/\/catolicanet.net\/wp-cnet\/wp-content\/uploads\/Ref-Juventudes-2-600x338.jpg 600w, https:\/\/catolicanet.net\/wp-cnet\/wp-content\/uploads\/Ref-Juventudes-2-696x392.jpg 696w, https:\/\/catolicanet.net\/wp-cnet\/wp-content\/uploads\/Ref-Juventudes-2-747x420.jpg 747w\" sizes=\"auto, (max-width: 300px) 100vw, 300px\" \/>A Comiss\u00e3o Episcopal Pastoral para a Juventude da Confer\u00eancia Nacional dos Bispos do Brasil (CNBB) reuniu nesta semana, nos dias 20 e 21 de mar\u00e7o, em Bras\u00edlia (DF), os padres respons\u00e1veis e os bispos referenciais pela Pastoral Juvenil nos regionais da CNBB. Estiveram representados 17 dos 18 regionais. Na ocasi\u00e3o, a Comiss\u00e3o apresentou o relat\u00f3rio de a\u00e7\u00f5es durante o quadri\u00eanio 2015-2019, foram partilhados relatos de articula\u00e7\u00e3o da Pastoral Juvenil nos regionais da CNBB e a participa\u00e7\u00e3o brasileira no S\u00ednodo para Juventude.<\/p>\n<p>\u201cEste encontro traz uma s\u00edntese do que est\u00e1 sendo feito no Brasil no trabalho com juventude. Temos 17 dos 18 regionais presentes, o que \u00e9 uma grande gra\u00e7a de Deus e a gente sente uma caminhada bonita, uma caminhada no projeto IDE. E agora, \u00e0 luz do S\u00ednodo dos Bispos, a inspira\u00e7\u00e3o dos pr\u00f3ximos anos de servi\u00e7o \u00e0 juventude em nosso pa\u00eds\u201d, comentou o bispo de Imperatriz (MA) e presidente da Comiss\u00e3o para a Juventude da CNBB, dom Vilsom Basso.<\/p>\n<div id=\"attachment_209189\" class=\"wp-caption alignleft\"><a href=\"http:\/\/www.cnbb.org.br\/comissao-reune-referenciais-da-juventude-e-partilha-trabalho-do-quadrienio\/ref-juventudes-3\/\"><img loading=\"lazy\" decoding=\"async\" class=\" wp-image-209189\" src=\"http:\/\/www.cnbb.org.br\/wp-content\/uploads\/sites\/32\/2019\/03\/Ref-Juventudes-3-300x169.jpg\" srcset=\"http:\/\/www.cnbb.org.br\/wp-content\/uploads\/sites\/32\/2019\/03\/Ref-Juventudes-3-300x169.jpg 300w, http:\/\/www.cnbb.org.br\/wp-content\/uploads\/sites\/32\/2019\/03\/Ref-Juventudes-3-768x432.jpg 768w, http:\/\/www.cnbb.org.br\/wp-content\/uploads\/sites\/32\/2019\/03\/Ref-Juventudes-3.jpg 1024w\" alt=\"\" width=\"275\" height=\"155\" \/><\/a><\/p>\n<p class=\"wp-caption-text\"><em>Dom Vilsom Basso, \u00e0 esquerda | Foto: CNBB\/Daniel Flores<\/em><\/p>\n<\/div>\n<p>Ele explicou que, durante o encontro, foi poss\u00edvel prestar conta aos bispos do quadri\u00eanio, os \u00faltimos quatro anos de servi\u00e7os da comiss\u00e3o. Entre os pontos destacados, a forma\u00e7\u00e3o de quase 10 mil pessoas nos cursos de acompanhamento de adolescentes e jovens, somando os \u00faltimos quatro anos. S\u00e3o forma\u00e7\u00f5es oferecidas pela comiss\u00e3o para assessores, coordenadores, acompanhantes de adolescentes e jovens. \u201cAcreditamos que a juventude merece o melhor, por isso, damos boa forma\u00e7\u00e3o \u00e0s lideran\u00e7as e aos assessores para que o nosso trabalho com os jovens em nosso pa\u00eds siga, cada vez mais, uma inspira\u00e7\u00e3o em Jesus, a orienta\u00e7\u00e3o do papa e das diretrizes de nossa Igreja\u201d, ressalta dom Vilsom.<\/p>\n<p><strong>S\u00ednodo<\/strong><br \/>\nDom Vilsom e o jovem Lucas Galhardo, que representou o Brasil no s\u00ednodo de 2018, partilharam sua experi\u00eancia sinodal, uma s\u00edntese do documento e o que deve inspirar no trabalho com a juventude, a partir da tem\u00e1tica \u201cOs jovens, a f\u00e9 e o discernimento vocacional\u201d.<\/p>\n<p><a href=\"http:\/\/www.cnbb.org.br\/comissao-reune-referenciais-da-juventude-e-partilha-trabalho-do-quadrienio\/ref-juventudes-4\/\"><img loading=\"lazy\" decoding=\"async\" class=\"size-medium wp-image-209190 alignright\" src=\"http:\/\/www.cnbb.org.br\/wp-content\/uploads\/sites\/32\/2019\/03\/Ref-Juventudes-4-300x169.jpg\" srcset=\"http:\/\/www.cnbb.org.br\/wp-content\/uploads\/sites\/32\/2019\/03\/Ref-Juventudes-4-300x169.jpg 300w, http:\/\/www.cnbb.org.br\/wp-content\/uploads\/sites\/32\/2019\/03\/Ref-Juventudes-4-768x432.jpg 768w, http:\/\/www.cnbb.org.br\/wp-content\/uploads\/sites\/32\/2019\/03\/Ref-Juventudes-4.jpg 1024w\" alt=\"\" width=\"300\" height=\"169\" \/><\/a>Lucas afirmou que o processo \u201cfoi bem interessante\u201d e salientou duas iniciativas in\u00e9ditas: a participa\u00e7\u00e3o online, que mais de 200 mil pessoas responderam, e um encontro pr\u00e9-sinodal s\u00f3 com jovens, do qual mais de 15 mil jovens participaram atrav\u00e9s do Facebook. \u201cO processo desse s\u00ednodo j\u00e1 demonstra um grande exemplo de sinodalidade, desse esp\u00edrito de caminhar juntos, foi um processo bem inclusivo, bem participativo\u201d, afirmou.<\/p>\n<p>Lucas tem sentido os efeitos da movimenta\u00e7\u00e3o do s\u00ednodo para a juventude acolhidos pela Igreja no Brasil: \u201ca maior riqueza \u00e9 o esp\u00edrito de sinodalidade, acho que a grande sacada \u00e9 essa de encontrar os pontos de dar as m\u00e3os, independente das diferen\u00e7as, para encontrar os caminhos mais eficientes\u201d.<\/p>\n<p><strong>Partilha dos regionais<\/strong><br \/>\nO bispo de Valen\u00e7a (RJ) e referencial para a juventude no regional Leste 1 da CNBB, que compreende o estado do Rio de Janeiro, dom Nelson Francelino, partilhou o trabalho para a implementa\u00e7\u00e3o e consolida\u00e7\u00e3o do Setor Juventude nas dioceses \u201csempre com a motiva\u00e7\u00e3o do pontificado do papa Francisco e com a vis\u00e3o dos documentos da CNBB e da Comiss\u00e3o\u201d. Ele ressalta o trabalho no espectro da sinodalidade, \u201cacolhendo as diferentes modalidades de servi\u00e7os, a pluralidade juvenil atrav\u00e9s do Setor Juventude\u201d.<\/p>\n<p>\u201cAcolhemos com muita alegria as motiva\u00e7\u00f5es do projeto [de evangeliza\u00e7\u00e3o] Rota 300, despertamos sobretudo para a estrutura de acompanhamento a quest\u00e3o de forma\u00e7\u00e3o. O que a gente percebe que pega bastante na juventude de nosso regional \u00e9 a quest\u00e3o da miss\u00e3o, essa disponibilidade, o voluntariado juvenil\u201d, comenta.<\/p>\n<p><a href=\"http:\/\/www.cnbb.org.br\/comissao-reune-referenciais-da-juventude-e-partilha-trabalho-do-quadrienio\/ref-juventudes-1\/\"><img loading=\"lazy\" decoding=\"async\" class=\"size-medium wp-image-209186 alignright\" src=\"http:\/\/www.cnbb.org.br\/wp-content\/uploads\/sites\/32\/2019\/03\/Ref-Juventudes-1-300x169.jpg\" srcset=\"http:\/\/www.cnbb.org.br\/wp-content\/uploads\/sites\/32\/2019\/03\/Ref-Juventudes-1-300x169.jpg 300w, http:\/\/www.cnbb.org.br\/wp-content\/uploads\/sites\/32\/2019\/03\/Ref-Juventudes-1-768x432.jpg 768w, http:\/\/www.cnbb.org.br\/wp-content\/uploads\/sites\/32\/2019\/03\/Ref-Juventudes-1.jpg 1024w\" alt=\"\" width=\"300\" height=\"169\" \/><\/a>Dom Nelson tamb\u00e9m apresentou uma realidade que tem angustiado os envolvidos no trabalho da Pastoral Juvenil naquela regi\u00e3o: o alto \u00edndice de homic\u00eddio, o tema do suic\u00eddio, da mutila\u00e7\u00e3o. \u201cA gente vai a cada dia entrando nessa tem\u00e1tica com muita apreens\u00e3o e muito cuidado e tamb\u00e9m com muita ang\u00fastia\u201d, lamenta. Para enfrentar esta realidade, dom Nelson tem indicado somar for\u00e7as com outros atores eclesiais para transformar esta realidade e tamb\u00e9m por meio de campanhas e tomada de consci\u00eancia.<\/p>\n<p>No regional Sul 1, uma experi\u00eancia exitosa na caminhada da Igreja sinodal: \u201cN\u00f3s temos alguns momentos que nos reunimos em discuss\u00e3o de uma proposta de evangeliza\u00e7\u00e3o para a juventude que congregue e re\u00fana todas as express\u00f5es juvenis num mesmo objetivo\u201d, afirma padre Reginaldo Martins da Silva.<\/p>\n<p>Uma das experi\u00eancias foi durante a Assembleia das Igrejas, promovida pelo regional Sul 1 da CNBB. Na ocasi\u00e3o, tiveram a oportunidade de reunir a maior parte dessas express\u00f5es e elaborar o projeto para o encontro, \u201conde n\u00f3s mostramos um pouco a cara dos jovens e demos a possibilidade do pr\u00f3prio jovem das diversas express\u00f5es e pluralidades dizer aquilo que sente e como ele quer ser evangelizado nesse contexto multicultural que n\u00f3s vivemos\u201d, partilha padre Reginaldo.<\/p>\n","protected":false},"excerpt":{"rendered":"<p>A Comiss\u00e3o Episcopal Pastoral para a Juventude da Confer\u00eancia Nacional dos Bispos do Brasil (CNBB) reuniu nesta semana, nos dias 20 e 21 de mar\u00e7o, em Bras\u00edlia (DF), os padres respons\u00e1veis e os bispos referenciais pela Pastoral Juvenil nos regionais da CNBB. Estiveram representados 17 dos 18 regionais. Na ocasi\u00e3o, a Comiss\u00e3o apresentou o relat\u00f3rio [&hellip;]<\/p>\n","protected":false},"author":1,"featured_media":0,"comment_status":"open","ping_status":"closed","sticky":false,"template":"","format":"standard","meta":{"footnotes":""},"categories":[7],"tags":[],"class_list":["post-47761","post","type-post","status-publish","format-standard","hentry","category-cnbb"],"_links":{"self":[{"href":"https:\/\/catolicanet.net\/wp-cnet\/wp-json\/wp\/v2\/posts\/47761","targetHints":{"allow":["GET"]}}],"collection":[{"href":"https:\/\/catolicanet.net\/wp-cnet\/wp-json\/wp\/v2\/posts"}],"about":[{"href":"https:\/\/catolicanet.net\/wp-cnet\/wp-json\/wp\/v2\/types\/post"}],"author":[{"embeddable":true,"href":"https:\/\/catolicanet.net\/wp-cnet\/wp-json\/wp\/v2\/users\/1"}],"replies":[{"embeddable":true,"href":"https:\/\/catolicanet.net\/wp-cnet\/wp-json\/wp\/v2\/comments?post=47761"}],"version-history":[{"count":1,"href":"https:\/\/catolicanet.net\/wp-cnet\/wp-json\/wp\/v2\/posts\/47761\/revisions"}],"predecessor-version":[{"id":47763,"href":"https:\/\/catolicanet.net\/wp-cnet\/wp-json\/wp\/v2\/posts\/47761\/revisions\/47763"}],"wp:attachment":[{"href":"https:\/\/catolicanet.net\/wp-cnet\/wp-json\/wp\/v2\/media?parent=47761"}],"wp:term":[{"taxonomy":"category","embeddable":true,"href":"https:\/\/catolicanet.net\/wp-cnet\/wp-json\/wp\/v2\/categories?post=47761"},{"taxonomy":"post_tag","embeddable":true,"href":"https:\/\/catolicanet.net\/wp-cnet\/wp-json\/wp\/v2\/tags?post=47761"}],"curies":[{"name":"wp","href":"https:\/\/api.w.org\/{rel}","templated":true}]}}