{"id":47751,"date":"2019-03-22T11:03:48","date_gmt":"2019-03-22T14:03:48","guid":{"rendered":"http:\/\/catolicanet.net\/wp-cnet\/?p=47751"},"modified":"2019-03-22T11:03:48","modified_gmt":"2019-03-22T14:03:48","slug":"ponto-sj-marca-um-ano-de-presenca-na-internet","status":"publish","type":"post","link":"https:\/\/catolicanet.net\/wp-cnet\/ponto-sj-marca-um-ano-de-presenca-na-internet\/","title":{"rendered":"Ponto SJ marca um ano de presen\u00e7a na Internet"},"content":{"rendered":"<div class=\"article__subTitle\">No dia 23 de fevereiro os jesu\u00edtas de Portugal celebraram o primeiro anivers\u00e1rio do Ponto SJ, um site ao \u201cestilo de revista\u201d onde \u00e9 poss\u00edvel conhecer a Prov\u00edncia Portuguesa da Companhia de Jesus e a sua atividade pastoral, mas sobretudo \u00e9 um \u201cponto\u201d de encontro, uni\u00e3o, reflex\u00e3o e opini\u00e3o.<\/div>\n<div class=\"title__separator\"><\/div>\n<div class=\"article__text\">\n<p><b>Ant\u00f3nio Pamplona \u2013 Cidade do Vaticano<\/b><\/p>\n<p>Durante este primeiro ano, os jesu\u00edtas portugueses t\u00eam procurado \u201cservir a igreja e a sociedade criando um espa\u00e7o de abertura ao di\u00e1logo ajudando a formar opini\u00e3o, esclarecendo e dando a cada pessoa a possibilidade de se encontrar com modos diferentes de olhar a realidade.\u201d<\/p>\n<p>Espa\u00e7o p\u00fablico para conversas sinceras<\/p>\n<p>Conta j\u00e1 com mais de 800 artigos publicados e com a colabora\u00e7\u00e3o de mais de 190 autores, entre os quais 45 jesu\u00edtas. Muitas vozes e diferentes contribuem para um espa\u00e7o p\u00fablico menos polarizado, com disponibilidade para conversas sinceras, abertas e livres.<\/p>\n<p>De recordar que no seu lan\u00e7amento os pr\u00f3prios Presidente da Rep\u00fablica de Portugal e Cardeal Patriarca de Lisboa mandaram uma mensagem, publicada posteriormente no Ponto SJ, por entenderem e confiarem na pertin\u00eancia da presen\u00e7a de uma voz da Igreja na Internet.<\/p>\n<h2>Encontros improv\u00e1veis<\/h2>\n<p>Foi h\u00e1 pouco mais de um ano, como se pode ler no site, que num lugar improv\u00e1vel juntaram-se pessoas que dificilmente se cruzariam se o Ponto SJ n\u00e3o as tivesse aproximado. O evento inaugural deu-se no Caf\u00e9-Teatro da Comuna, em Lisboa, contando com a presen\u00e7a daqueles que marcaram os encontros improv\u00e1veis: escritor Jo\u00e3o Miguel Tavares e o padre jesu\u00edta Francisco Mota, a deputada do BE Marisa Matias e Irm\u00e3 J\u00falia Bacelar das Irm\u00e3s Adoradoras.<\/p>\n<p>Pode visitar e conhecer o site em:\u00a0<a href=\"https:\/\/pontosj.pt\/\" rel=\"external nofollow\">https:\/\/pontosj.pt\/<\/a><\/p>\n<\/div>\n","protected":false},"excerpt":{"rendered":"<p>No dia 23 de fevereiro os jesu\u00edtas de Portugal celebraram o primeiro anivers\u00e1rio do Ponto SJ, um site ao \u201cestilo de revista\u201d onde \u00e9 poss\u00edvel conhecer a Prov\u00edncia Portuguesa da Companhia de Jesus e a sua atividade pastoral, mas sobretudo \u00e9 um \u201cponto\u201d de encontro, uni\u00e3o, reflex\u00e3o e opini\u00e3o. Ant\u00f3nio Pamplona \u2013 Cidade do Vaticano [&hellip;]<\/p>\n","protected":false},"author":1,"featured_media":47752,"comment_status":"open","ping_status":"closed","sticky":false,"template":"","format":"standard","meta":{"footnotes":""},"categories":[3],"tags":[],"class_list":["post-47751","post","type-post","status-publish","format-standard","has-post-thumbnail","hentry","category-vaticano"],"_links":{"self":[{"href":"https:\/\/catolicanet.net\/wp-cnet\/wp-json\/wp\/v2\/posts\/47751","targetHints":{"allow":["GET"]}}],"collection":[{"href":"https:\/\/catolicanet.net\/wp-cnet\/wp-json\/wp\/v2\/posts"}],"about":[{"href":"https:\/\/catolicanet.net\/wp-cnet\/wp-json\/wp\/v2\/types\/post"}],"author":[{"embeddable":true,"href":"https:\/\/catolicanet.net\/wp-cnet\/wp-json\/wp\/v2\/users\/1"}],"replies":[{"embeddable":true,"href":"https:\/\/catolicanet.net\/wp-cnet\/wp-json\/wp\/v2\/comments?post=47751"}],"version-history":[{"count":1,"href":"https:\/\/catolicanet.net\/wp-cnet\/wp-json\/wp\/v2\/posts\/47751\/revisions"}],"predecessor-version":[{"id":47753,"href":"https:\/\/catolicanet.net\/wp-cnet\/wp-json\/wp\/v2\/posts\/47751\/revisions\/47753"}],"wp:featuredmedia":[{"embeddable":true,"href":"https:\/\/catolicanet.net\/wp-cnet\/wp-json\/wp\/v2\/media\/47752"}],"wp:attachment":[{"href":"https:\/\/catolicanet.net\/wp-cnet\/wp-json\/wp\/v2\/media?parent=47751"}],"wp:term":[{"taxonomy":"category","embeddable":true,"href":"https:\/\/catolicanet.net\/wp-cnet\/wp-json\/wp\/v2\/categories?post=47751"},{"taxonomy":"post_tag","embeddable":true,"href":"https:\/\/catolicanet.net\/wp-cnet\/wp-json\/wp\/v2\/tags?post=47751"}],"curies":[{"name":"wp","href":"https:\/\/api.w.org\/{rel}","templated":true}]}}