{"id":4775,"date":"2014-06-30T18:04:05","date_gmt":"2014-06-30T21:04:05","guid":{"rendered":"http:\/\/catolicanet.net\/wp-cnet\/papa-aos-jovens-holandeses-sejam-revolucionarios-como-as-bem-aventurancas\/"},"modified":"2017-04-05T17:09:32","modified_gmt":"2017-04-05T20:09:32","slug":"papa-aos-jovens-holandeses-sejam-revolucionarios-como-as-bem-aventurancas","status":"publish","type":"post","link":"https:\/\/catolicanet.net\/wp-cnet\/papa-aos-jovens-holandeses-sejam-revolucionarios-como-as-bem-aventurancas\/","title":{"rendered":"Papa aos jovens holandeses: Sejam revolucion\u00e1rios como as Bem-aventuran\u00e7as"},"content":{"rendered":"<p style=\"text-align: justify;\">Realizou-se nos dias 28 e 29 de junho, na Abadia de Mari\u00ebnkroon em Nieuwkujik, na Holanda, o festival anual dos jovens cat\u00f3licos.<\/p>\n<p>Para a ocasi\u00e3o, o Papa Francisco enviou uma mensagem aos jovens holandeses. &#8220;Viver sem f\u00e9, sem um patrim\u00f4nio para defender, sem apoiar continuamente a Verdade, n\u00e3o \u00e9 viver, mas sobreviver&#8221;, ressalta o Papa no documento, citando as palavras do Beato Piergiorgio Frassati, incentivando os jovens cat\u00f3licos holandeses a pensarem alto e serem revolucion\u00e1rios, como as Bem-aventuran\u00e7as.<\/p>\n<p>O pont\u00edfice recorda que a mensagem das Bem-aventuran\u00e7as, no centro do percurso da Jornada Mundial da Juventude em Crac\u00f3via, na Pol\u00f4nia, em 2016, \u00e9 nova, pura, intensa e prop\u00f5e um &#8220;modelo de felicidade, contr\u00e1rio \u00e0 l\u00f3gica do mundo&#8221;.<\/p>\n<p>&#8220;Aqueles que Jesus chama de &#8216;beatos&#8217;, o mundo os define in\u00fateis, perdedores. O mundo glorifica o sucesso a todo custo, a riqueza, o poder e a afirma\u00e7\u00e3o de si em detrimento dos outros&#8221;, destaca ainda o pont\u00edfice.<\/p>\n<p>&#8220;Jesus, ao inv\u00e9s, nos oferece uma defini\u00e7\u00e3o muito diferente do que significa beato: mostra o caminho para a vida e a felicidade aut\u00eantica. Ali\u00e1s, Jesus \u00e9 o Caminho e atrav\u00e9s de sua vida nos mostrou concretamente como viver cada uma das Bem-aventuran\u00e7as.&#8221;<\/p>\n<p>&#8220;Jesus, escreve ainda o Papa, ama cada um de n\u00f3s com amor infinito e com a sua morte e ressurrei\u00e7\u00e3o nos mostrou sua miseric\u00f3rdia infinita&#8221;.<\/p>\n<p>&#8220;Quando contemplamos Jesus em sua pobreza, a sua pureza de cora\u00e7\u00e3o e sua miseric\u00f3rdia, entendemos a beleza de nossa voca\u00e7\u00e3o crist\u00e3 e n\u00e3o hesitamos em nos aproximar do caminho que conduz \u00e0 felicidade verdadeira. N\u00e3o tenham medo de Cristo. Ele n\u00e3o tira nada e d\u00e1 tudo&#8221;, sublinha Francisco.<\/p>\n<p>O Papa incentivou os jovens a levarem a s\u00e9rio as Palavras de Deus. &#8220;Digam n\u00e3o a uma cultura ef\u00eamera, superficial e do descarte, uma cultura que n\u00e3o os consideram fortes, que consideram voc\u00eas incapazes de enfrentar os grandes desafios da vida. Pensem alto&#8221;, concluiu o pont\u00edfice.<\/p>\n<p>Fonte: R\u00e1dio Vaticano<br \/>Local: Cidade do Vaticano<\/p>\n","protected":false},"excerpt":{"rendered":"<p>Realizou-se nos dias 28 e 29 de junho, na Abadia de Mari\u00ebnkroon em Nieuwkujik, na Holanda, o festival anual dos jovens cat\u00f3licos. Para a ocasi\u00e3o, o Papa Francisco enviou uma mensagem aos jovens holandeses. &#8220;Viver sem f\u00e9, sem um patrim\u00f4nio para defender, sem apoiar continuamente a Verdade, n\u00e3o \u00e9 viver, mas sobreviver&#8221;, ressalta o Papa [&hellip;]<\/p>\n","protected":false},"author":1,"featured_media":0,"comment_status":"closed","ping_status":"closed","sticky":false,"template":"","format":"standard","meta":{"footnotes":""},"categories":[3],"tags":[],"class_list":["post-4775","post","type-post","status-publish","format-standard","hentry","category-vaticano"],"_links":{"self":[{"href":"https:\/\/catolicanet.net\/wp-cnet\/wp-json\/wp\/v2\/posts\/4775","targetHints":{"allow":["GET"]}}],"collection":[{"href":"https:\/\/catolicanet.net\/wp-cnet\/wp-json\/wp\/v2\/posts"}],"about":[{"href":"https:\/\/catolicanet.net\/wp-cnet\/wp-json\/wp\/v2\/types\/post"}],"author":[{"embeddable":true,"href":"https:\/\/catolicanet.net\/wp-cnet\/wp-json\/wp\/v2\/users\/1"}],"replies":[{"embeddable":true,"href":"https:\/\/catolicanet.net\/wp-cnet\/wp-json\/wp\/v2\/comments?post=4775"}],"version-history":[{"count":1,"href":"https:\/\/catolicanet.net\/wp-cnet\/wp-json\/wp\/v2\/posts\/4775\/revisions"}],"predecessor-version":[{"id":9661,"href":"https:\/\/catolicanet.net\/wp-cnet\/wp-json\/wp\/v2\/posts\/4775\/revisions\/9661"}],"wp:attachment":[{"href":"https:\/\/catolicanet.net\/wp-cnet\/wp-json\/wp\/v2\/media?parent=4775"}],"wp:term":[{"taxonomy":"category","embeddable":true,"href":"https:\/\/catolicanet.net\/wp-cnet\/wp-json\/wp\/v2\/categories?post=4775"},{"taxonomy":"post_tag","embeddable":true,"href":"https:\/\/catolicanet.net\/wp-cnet\/wp-json\/wp\/v2\/tags?post=4775"}],"curies":[{"name":"wp","href":"https:\/\/api.w.org\/{rel}","templated":true}]}}