{"id":4774,"date":"2014-06-30T18:00:09","date_gmt":"2014-06-30T21:00:09","guid":{"rendered":"http:\/\/catolicanet.net\/wp-cnet\/mensagem-de-bartolomeu-i-a-francisco\/"},"modified":"2017-04-05T17:08:11","modified_gmt":"2017-04-05T20:08:11","slug":"mensagem-de-bartolomeu-i-a-francisco","status":"publish","type":"post","link":"https:\/\/catolicanet.net\/wp-cnet\/mensagem-de-bartolomeu-i-a-francisco\/","title":{"rendered":"Mensagem de Bartolomeu I a Francisco"},"content":{"rendered":"<p style=\"text-align: justify;\"><img decoding=\"async\" src=\"http:\/\/catolicanet.com.br\/images\/stories\/papas\/bartolomeu1francisco.jpg\" border=\"0\" align=\"left\" \/>\u201cConservemos no nosso cora\u00e7\u00e3o, como um tesouro precioso, a recorda\u00e7\u00e3o dos nossos recentes encontros em Jerusal\u00e9m e em Roma, que renovaram e selaram ulteriormente nossas liga\u00e7\u00f5es fraternas, confirmando tamb\u00e9m o nosso desejo de continuar o caminho para a nossa plena uni\u00e3o e comunh\u00e3o, desejada pelo Senhor\u201d. Foi o que escreveu o Patriarca Ecum\u00eanico de Constantinopla, Bartolomeu I, em uma carta pessoal dirigida ao Papa Francisco por ocasi\u00e3o da Solenidade dos Santos Ap\u00f3stolos Pedro e Paulo.<\/p>\n<p>Na carta, o Patriarca Ecum\u00eanico evocou a viagem \u00e0 Terra Santa por ocasi\u00e3o do 50\u00ba anivers\u00e1rio do abra\u00e7o entre Paulo VI e Aten\u00e1goras e expressou a sua gratid\u00e3o pela iniciativa de ora\u00e7\u00e3o pela paz promovida no Vaticano, reunindo os Presidentes de Israel e Palestina, evento por ele definido como \u201ccomovente\u201d.<\/p>\n<p>Bartolomeu I, por fim, eleva a sua ora\u00e7\u00e3o para que o Papa Francisco possa \u201ccontinuar a sua preciosa lideran\u00e7a e servi\u00e7o no mundo moderno, inspirando a todos\u201d com as virtudes da sua personalidade e amor \u201cpara Deus e para a humanidade\u201d.<\/p>\n<p style=\"text-align: justify;\">Fonte: R\u00e1dio Vaticano<br \/>Local: Cidade do Vaticano<\/p>\n","protected":false},"excerpt":{"rendered":"<p>\u201cConservemos no nosso cora\u00e7\u00e3o, como um tesouro precioso, a recorda\u00e7\u00e3o dos nossos recentes encontros em Jerusal\u00e9m e em Roma, que renovaram e selaram ulteriormente nossas liga\u00e7\u00f5es fraternas, confirmando tamb\u00e9m o nosso desejo de continuar o caminho para a nossa plena uni\u00e3o e comunh\u00e3o, desejada pelo Senhor\u201d. Foi o que escreveu o Patriarca Ecum\u00eanico de Constantinopla, [&hellip;]<\/p>\n","protected":false},"author":1,"featured_media":0,"comment_status":"closed","ping_status":"closed","sticky":false,"template":"","format":"standard","meta":{"footnotes":""},"categories":[3],"tags":[],"class_list":["post-4774","post","type-post","status-publish","format-standard","hentry","category-vaticano"],"_links":{"self":[{"href":"https:\/\/catolicanet.net\/wp-cnet\/wp-json\/wp\/v2\/posts\/4774","targetHints":{"allow":["GET"]}}],"collection":[{"href":"https:\/\/catolicanet.net\/wp-cnet\/wp-json\/wp\/v2\/posts"}],"about":[{"href":"https:\/\/catolicanet.net\/wp-cnet\/wp-json\/wp\/v2\/types\/post"}],"author":[{"embeddable":true,"href":"https:\/\/catolicanet.net\/wp-cnet\/wp-json\/wp\/v2\/users\/1"}],"replies":[{"embeddable":true,"href":"https:\/\/catolicanet.net\/wp-cnet\/wp-json\/wp\/v2\/comments?post=4774"}],"version-history":[{"count":1,"href":"https:\/\/catolicanet.net\/wp-cnet\/wp-json\/wp\/v2\/posts\/4774\/revisions"}],"predecessor-version":[{"id":9660,"href":"https:\/\/catolicanet.net\/wp-cnet\/wp-json\/wp\/v2\/posts\/4774\/revisions\/9660"}],"wp:attachment":[{"href":"https:\/\/catolicanet.net\/wp-cnet\/wp-json\/wp\/v2\/media?parent=4774"}],"wp:term":[{"taxonomy":"category","embeddable":true,"href":"https:\/\/catolicanet.net\/wp-cnet\/wp-json\/wp\/v2\/categories?post=4774"},{"taxonomy":"post_tag","embeddable":true,"href":"https:\/\/catolicanet.net\/wp-cnet\/wp-json\/wp\/v2\/tags?post=4774"}],"curies":[{"name":"wp","href":"https:\/\/api.w.org\/{rel}","templated":true}]}}