{"id":47686,"date":"2019-03-19T10:33:26","date_gmt":"2019-03-19T13:33:26","guid":{"rendered":"http:\/\/catolicanet.net\/wp-cnet\/?p=47686"},"modified":"2019-03-19T10:33:26","modified_gmt":"2019-03-19T13:33:26","slug":"cristaos-marroquinos-pedem-maior-liberdade-religiosa-apelo-ao-papa","status":"publish","type":"post","link":"https:\/\/catolicanet.net\/wp-cnet\/cristaos-marroquinos-pedem-maior-liberdade-religiosa-apelo-ao-papa\/","title":{"rendered":"Crist\u00e3os marroquinos pedem maior liberdade religiosa: apelo ao Papa"},"content":{"rendered":"<div class=\"article__subTitle\">O Rei Muhammad VI \u2013 reconhece o Comit\u00ea \u2013 est\u00e1 levando adiante importantes iniciativas voltadas a fazer do Marrocos um pa\u00eds tolerante. N\u00e3o se deve esquecer a \u201cConfer\u00eancia sobre direitos das minorias religiosas nos pa\u00edses isl\u00e2micos\u201d, organizada em 2016. Todavia, \u201cmuitos funcion\u00e1rios marroquinos ainda discriminam os crist\u00e3os\u201d, ressalta o texto<\/div>\n<div class=\"title__separator\"><\/div>\n<div class=\"article__text\">\n<p><b>Cidade do Vaticano<\/b><\/p>\n<p>O Comit\u00ea Crist\u00e3o Marroquino (CCM) enviou ao Papa Francisco, duas semanas antes da visita do Pont\u00edfice ao Reino do Marrocos \u2013 prevista para os dias 30 e 31 de mar\u00e7o \u2013, uma carta aberta pedindo \u00e0 Santa S\u00e9 que se manifeste sobre um tema que o Comit\u00ea tem muito a peito: a liberdade religiosa no pa\u00eds do noroeste da \u00c1frica.<\/p>\n<div>\n<div class=\"article__embed article__embed--unwrap article__embed--dark\">\n<div class=\"article__innerTitle\">Ou\u00e7a a reportagem<\/div>\n<div>\n<p>Os batizados s\u00e3o apenas 1,1% da popula\u00e7\u00e3o (cerca de 380 mil num pa\u00eds de 33,6 milh\u00f5es de habitantes, de maioria mu\u00e7ulmana) e os crist\u00e3os s\u00e3o principalmente de confiss\u00e3o evang\u00e9lica.<\/p>\n<h2>Expulsos estrangeiros acusados de fazer proselitismo<\/h2>\n<p>Na carta aberta, publicada no di\u00e1rio \u201cAl Massae\u201d, s\u00e3o referidas algumas \u201cviola\u00e7\u00f5es da liberdade religiosa dos crist\u00e3os\u201d e os servi\u00e7os de seguran\u00e7a marroquinos s\u00e3o acusados de \u201cperseguir crist\u00e3os com cont\u00ednuas deten\u00e7\u00f5es ilegais\u201d.<\/p>\n<p>No texto, o Comit\u00ea afirma que alguns funcion\u00e1rios de pol\u00edcia marroquinos \u201cprenderam, torturaram, maltrataram e tamb\u00e9m privaram algumas pessoas dos documentos de identidade por ter proclamado sua religi\u00e3o ou aderido a ora\u00e7\u00f5es em igrejas clandestinas. Ademais, as autoridades expulsaram centenas de estrangeiros acusados de proselitismo\u201d.<\/p>\n<h2>Soberano busca fazer do Marrocos um pa\u00eds tolerante<\/h2>\n<div>\n<aside class=\"article__readmore\">\n<div class=\"teaser--labelEvidence teaser teaser--type-article\">\n<article>\n<div class=\"teaser__contentWrapper\">\n<div><\/div>\n<\/div>\n<\/article>\n<\/div>\n<\/aside>\n<\/div>\n<p>O Comit\u00ea apoia a Associa\u00e7\u00e3o marroquina para os direitos e a liberdade religiosas, e a Associa\u00e7\u00e3o marroquina para os direitos humanos, organismos n\u00e3o reconhecidos oficialmente que, afirma a carta, \u201cdefendem a liberdade religiosa, registra as viola\u00e7\u00f5es e acolhe os ahmadias, os xiitas, os crist\u00e3os e os Ibaditas\u201d.<\/p>\n<p>O Rei Muhammad VI \u2013 reconhece o Comit\u00ea \u2013 est\u00e1 levando adiante importantes iniciativas voltadas a fazer do Marrocos um pa\u00eds tolerante. N\u00e3o se deve esquecer a \u201cConfer\u00eancia sobre direitos das minorias religiosas nos pa\u00edses isl\u00e2micos\u201d, organizada em 2016. Todavia, \u201cmuitos funcion\u00e1rios marroquinos ainda discriminam os crist\u00e3os\u201d, ressalta o texto.<\/p>\n<p>(Fides)<\/p>\n<\/div>\n<\/div>\n<\/div>\n<\/div>\n","protected":false},"excerpt":{"rendered":"<p>O Rei Muhammad VI \u2013 reconhece o Comit\u00ea \u2013 est\u00e1 levando adiante importantes iniciativas voltadas a fazer do Marrocos um pa\u00eds tolerante. N\u00e3o se deve esquecer a \u201cConfer\u00eancia sobre direitos das minorias religiosas nos pa\u00edses isl\u00e2micos\u201d, organizada em 2016. Todavia, \u201cmuitos funcion\u00e1rios marroquinos ainda discriminam os crist\u00e3os\u201d, ressalta o texto Cidade do Vaticano O Comit\u00ea [&hellip;]<\/p>\n","protected":false},"author":1,"featured_media":47687,"comment_status":"open","ping_status":"closed","sticky":false,"template":"","format":"standard","meta":{"footnotes":""},"categories":[3],"tags":[],"class_list":["post-47686","post","type-post","status-publish","format-standard","has-post-thumbnail","hentry","category-vaticano"],"_links":{"self":[{"href":"https:\/\/catolicanet.net\/wp-cnet\/wp-json\/wp\/v2\/posts\/47686","targetHints":{"allow":["GET"]}}],"collection":[{"href":"https:\/\/catolicanet.net\/wp-cnet\/wp-json\/wp\/v2\/posts"}],"about":[{"href":"https:\/\/catolicanet.net\/wp-cnet\/wp-json\/wp\/v2\/types\/post"}],"author":[{"embeddable":true,"href":"https:\/\/catolicanet.net\/wp-cnet\/wp-json\/wp\/v2\/users\/1"}],"replies":[{"embeddable":true,"href":"https:\/\/catolicanet.net\/wp-cnet\/wp-json\/wp\/v2\/comments?post=47686"}],"version-history":[{"count":1,"href":"https:\/\/catolicanet.net\/wp-cnet\/wp-json\/wp\/v2\/posts\/47686\/revisions"}],"predecessor-version":[{"id":47688,"href":"https:\/\/catolicanet.net\/wp-cnet\/wp-json\/wp\/v2\/posts\/47686\/revisions\/47688"}],"wp:featuredmedia":[{"embeddable":true,"href":"https:\/\/catolicanet.net\/wp-cnet\/wp-json\/wp\/v2\/media\/47687"}],"wp:attachment":[{"href":"https:\/\/catolicanet.net\/wp-cnet\/wp-json\/wp\/v2\/media?parent=47686"}],"wp:term":[{"taxonomy":"category","embeddable":true,"href":"https:\/\/catolicanet.net\/wp-cnet\/wp-json\/wp\/v2\/categories?post=47686"},{"taxonomy":"post_tag","embeddable":true,"href":"https:\/\/catolicanet.net\/wp-cnet\/wp-json\/wp\/v2\/tags?post=47686"}],"curies":[{"name":"wp","href":"https:\/\/api.w.org\/{rel}","templated":true}]}}