{"id":4765,"date":"2014-06-28T03:00:00","date_gmt":"2014-06-28T06:00:00","guid":{"rendered":"http:\/\/catolicanet.net\/wp-cnet\/obolo-de-sao-pedro-2\/"},"modified":"2017-04-05T16:28:13","modified_gmt":"2017-04-05T19:28:13","slug":"obolo-de-sao-pedro-2","status":"publish","type":"post","link":"https:\/\/catolicanet.net\/wp-cnet\/obolo-de-sao-pedro-2\/","title":{"rendered":"\u00d3bolo de S\u00e3o Pedro"},"content":{"rendered":"<p style=\"text-align: justify;\">Estamos celebrando neste final de semana a solenidade de S\u00e3o Pedro e S\u00e3o Paulo e cada ano a liturgia nos leva a meditar sobre a vida destes dois grandes Ap\u00f3stolos que s\u00e3o os principais l\u00edderes da Igreja Crist\u00e3 primitiva, tanto por sua f\u00e9 e prega\u00e7\u00e3o, como pelo ardor e zelo mission\u00e1rios. <br \/> Pedro, que tinha como primeiro nome de Sim\u00e3o era natural de Betsaida, irm\u00e3o do Ap\u00f3stolo Andr\u00e9. Pescador, foi chamado pelo pr\u00f3prio Jesus e, deixando tudo, seguiu ao Mestre, estando presente nos momentos mais importantes da vida do Senhor, que lhe deu o nome de Pedro. Chegou a negar Jesus durante o processo que culminaria em sua morte por crucifix\u00e3o. O pr\u00f3prio Senhor o confirmou na f\u00e9 ap\u00f3s sua ressurrei\u00e7\u00e3o (da qual o ap\u00f3stolo foi testemunha), tornando-o intr\u00e9pido pregador do Evangelho atrav\u00e9s da descida do Esp\u00edrito Santo de Deus, no Dia de Pentecostes, o que o tornou l\u00edder da primeira comunidade. Selou seu apostolado com o pr\u00f3prio sangue, pois foi martirizado em uma das persegui\u00e7\u00f5es aos crist\u00e3os, sendo crucificado de cabe\u00e7a para baixo a seu pr\u00f3prio pedido, por n\u00e3o se julgar digno de morrer como Seu Senhor, Jesus Cristo. S\u00e3o Pedro escreveu duas cartas e tamb\u00e9m serviu como fonte de informa\u00e7\u00f5es para que S\u00e3o Marcos escrevesse seu Evangelho.<br \/> Paulo, que tinha como nome antes da convers\u00e3o Saulo, era natural de Tarso. Foi educado na \u201cescola de Gamaliel\u201d, um dos grandes mestres da Lei da \u00e9poca. Tornou-se fariseu zeloso, a ponto de perseguir e aprisionar os crist\u00e3os, sendo respons\u00e1vel pela morte de muitos deles. Converteu-se \u00e0 f\u00e9 crist\u00e3 no caminho de Damasco, quando o pr\u00f3prio Senhor Ressuscitado lhe apareceu e o chamou para o apostolado. Recebeu o Batismo e preparou-se para o minist\u00e9rio. Tornou-se um grande mission\u00e1rio, fundando muitas comunidades. De perseguidor passou a perseguido, sofreu muito pela f\u00e9 e foi coroado com o mart\u00edrio, sofrendo morte por decapita\u00e7\u00e3o. Escreveu cartas para as comunidades e ficou conhecido como \u201cAp\u00f3stolos dos gentios\u201d. <br \/>Um dado importante dessa solenidade que n\u00f3s celebramos \u00e9 que toda a coleta feita em todas as igrejas do mundo todo \u00e9 destinada as obras de caridade que o Papa faz. Chamamos esta coleta de \u201c\u00f3bolo de S\u00e3o Pedro\u201d que\u00a0 \u00e9 uma express\u00e3o bonita da participa\u00e7\u00e3o de todos os fi\u00e9is nas iniciativas de caridade do Bispo de Roma a bem da Igreja universal. Trata-se de um gesto que se reveste de valor n\u00e3o apenas pr\u00e1tico, mas tamb\u00e9m profundamente simb\u00f3lico enquanto sinal de comunh\u00e3o com o Papa e de aten\u00e7\u00e3o \u00e0s necessidades dos irm\u00e3os; por isso, o vosso servi\u00e7o possui um valor retintamente eclesial\u201d (Discurso do Papa Em\u00e9rito Bento XVI aos S\u00f3cios do C\u00edrculo de S\u00e3o Pedro, 25 de Fevereiro de 2006). <br \/> J\u00e1 os Sumos Pont\u00edfices anteriores a Bento XVI tinham chamado a aten\u00e7\u00e3o para o \u00d3bolo como forma de os cat\u00f3licos apoiarem o minist\u00e9rio dos sucessores de S\u00e3o Pedro ao servi\u00e7o da Igreja universal. Assim se exprimira, por exemplo,\u00a0 S\u00e3o Jo\u00e3o Paulo II: \u201cConheceis as crescentes necessidades do apostolado, as car\u00eancias das Comunidades eclesiais especialmente em terras de miss\u00e3o, os pedidos de ajuda que chegam de popula\u00e7\u00f5es, indiv\u00edduos e fam\u00edlias que vivem em prec\u00e1rias condi\u00e7\u00f5es. Muitos esperam da S\u00e9 Apost\u00f3lica uma ajuda que, muitas vezes, n\u00e3o conseguem encontrar noutro lugar. Vistas assim as coisas, \u00f3bolo constitui uma verdadeira e particular participa\u00e7\u00e3o na a\u00e7\u00e3o evangelizadora, especialmente se consideram o sentido e a import\u00e2ncia de partilhar concretamente as solicitudes da Igreja universal\u201d (Papa Jo\u00e3o Paulo II ao C\u00edrculo de S\u00e3o Pedro, 28 de Fevereiro de 2003). <br \/> As ofertas que os fi\u00e9is d\u00e3o ao Santo Padre destinam-se a obras eclesiais, a iniciativas humanit\u00e1rias e de promo\u00e7\u00e3o social, e tamb\u00e9m para a sustenta\u00e7\u00e3o das atividades da Santa S\u00e9. E o Papa, enquanto Pastor da Igreja inteira preocupa-se tamb\u00e9m com as necessidades materiais de dioceses pobres, institutos religiosos e fi\u00e9is em graves dificuldades (pobres, crian\u00e7as, idosos, marginalizados, v\u00edtimas de guerras e desastres naturais; ajudas particulares a Bispos ou Dioceses em necessidade, educa\u00e7\u00e3o cat\u00f3lica, ajuda a refugiados e migrantes, etc.). <br \/> O crit\u00e9rio geral, que inspira a pr\u00e1tica do \u00d3bolo, remonta \u00e0 Igreja primitiva: \u201cA base primitiva para a manuten\u00e7\u00e3o da S\u00e9 Apost\u00f3lica deve ser constitu\u00edda pelas ofertas dadas espontaneamente pelos cat\u00f3licos de todo o mundo, e eventualmente tamb\u00e9m por outras pessoas de boa vontade. Isto corresponde \u00e0 tradi\u00e7\u00e3o que tem origem no Evangelho (Lc 10,7) e nos ensinamentos dos Ap\u00f3stolos (1 Cor 11,14)\u201d (Carta do Beato Jo\u00e3o Paulo II ao Cardeal Secret\u00e1rio de Estado, 20 de Novembro de 1982). <br \/>Portanto, ao celebrar a solenidade de S\u00e3o Pedro e S\u00e3o Paulo queremos pedir pela intercess\u00e3o destes dois santos as suas enumeras gra\u00e7as e b\u00ean\u00e7\u00e3os e quero tamb\u00e9m pedir a todo o povo de Deus de nossa Igreja Metropolitana que neste dia em suas comunidades, sejam generosos em vossas ofertas para que o nosso querido Papa possa ajudar em sua pr\u00e1tica de caridade tantas pessoas e tantos lugares.<\/p>\n","protected":false},"excerpt":{"rendered":"<p>Estamos celebrando neste final de semana a solenidade de S\u00e3o Pedro e S\u00e3o Paulo e cada ano a liturgia nos leva a meditar sobre a vida destes dois grandes Ap\u00f3stolos que s\u00e3o os principais l\u00edderes da Igreja Crist\u00e3 primitiva, tanto por sua f\u00e9 e prega\u00e7\u00e3o, como pelo ardor e zelo mission\u00e1rios. Pedro, que tinha como [&hellip;]<\/p>\n","protected":false},"author":5,"featured_media":0,"comment_status":"closed","ping_status":"closed","sticky":false,"template":"","format":"standard","meta":{"footnotes":""},"categories":[9],"tags":[],"class_list":["post-4765","post","type-post","status-publish","format-standard","hentry","category-artigos"],"_links":{"self":[{"href":"https:\/\/catolicanet.net\/wp-cnet\/wp-json\/wp\/v2\/posts\/4765","targetHints":{"allow":["GET"]}}],"collection":[{"href":"https:\/\/catolicanet.net\/wp-cnet\/wp-json\/wp\/v2\/posts"}],"about":[{"href":"https:\/\/catolicanet.net\/wp-cnet\/wp-json\/wp\/v2\/types\/post"}],"author":[{"embeddable":true,"href":"https:\/\/catolicanet.net\/wp-cnet\/wp-json\/wp\/v2\/users\/5"}],"replies":[{"embeddable":true,"href":"https:\/\/catolicanet.net\/wp-cnet\/wp-json\/wp\/v2\/comments?post=4765"}],"version-history":[{"count":1,"href":"https:\/\/catolicanet.net\/wp-cnet\/wp-json\/wp\/v2\/posts\/4765\/revisions"}],"predecessor-version":[{"id":9592,"href":"https:\/\/catolicanet.net\/wp-cnet\/wp-json\/wp\/v2\/posts\/4765\/revisions\/9592"}],"wp:attachment":[{"href":"https:\/\/catolicanet.net\/wp-cnet\/wp-json\/wp\/v2\/media?parent=4765"}],"wp:term":[{"taxonomy":"category","embeddable":true,"href":"https:\/\/catolicanet.net\/wp-cnet\/wp-json\/wp\/v2\/categories?post=4765"},{"taxonomy":"post_tag","embeddable":true,"href":"https:\/\/catolicanet.net\/wp-cnet\/wp-json\/wp\/v2\/tags?post=4765"}],"curies":[{"name":"wp","href":"https:\/\/api.w.org\/{rel}","templated":true}]}}