{"id":4764,"date":"2014-06-27T03:00:00","date_gmt":"2014-06-27T06:00:00","guid":{"rendered":"http:\/\/catolicanet.net\/wp-cnet\/sao-pedro-vida-e-sucessao\/"},"modified":"2017-04-05T16:30:15","modified_gmt":"2017-04-05T19:30:15","slug":"sao-pedro-vida-e-sucessao","status":"publish","type":"post","link":"https:\/\/catolicanet.net\/wp-cnet\/sao-pedro-vida-e-sucessao\/","title":{"rendered":"S\u00e3o Pedro, vida e sucess\u00e3o"},"content":{"rendered":"<p style=\"text-align: justify;\">Celebramos neste final de semana a solenidade de S\u00e3o Pedro! Todos os anos a liturgia nos leva a meditar sobre a vida deste grande Ap\u00f3stolo, que \u00e9 considerado \u201co cabe\u00e7a dos ap\u00f3stolos\u201d por ter sido um dos principais l\u00edderes da Igreja Crist\u00e3 primitiva, tanto por sua f\u00e9 e prega\u00e7\u00e3o, como pelo ardor de amor a Jesus.<br \/>Enquanto o folclore brasileiro tem mais uma oportunidade de celebrar a \u201cfesta junina\u201d, para n\u00f3s, cat\u00f3licos, \u00e9 uma oportunidade para refletir sobre a vida e miss\u00e3o de Pedro, sobre a unidade com seu sucessor e a nossa partilha como presente nesse dia.<br \/>Pedro, que tinha como primeiro nome Sim\u00e3o, era natural de Betsaida, irm\u00e3o do Ap\u00f3stolo Andr\u00e9. Pescador, foi chamado pelo pr\u00f3prio Jesus e, deixando tudo, seguiu o Mestre, estando presente nos momentos mais importantes da vida do Senhor, que lhe deu o nome de Pedro. Chegou a negar Jesus durante o processo que culminaria em Sua morte por crucifix\u00e3o.<br \/>O pr\u00f3prio Senhor o confirmou na f\u00e9 ap\u00f3s Sua ressurrei\u00e7\u00e3o (da qual o ap\u00f3stolo foi testemunha), tornando-o intr\u00e9pido pregador do Evangelho com a descida do Esp\u00edrito Santo de Deus, no Dia de Pentecostes, o que o confirmou como l\u00edder da primeira comunidade. Selou seu apostolado com o pr\u00f3prio sangue, pois foi martirizado em uma das persegui\u00e7\u00f5es aos crist\u00e3os, sendo crucificado de cabe\u00e7a para baixo, segundo a tradi\u00e7\u00e3o, a seu pr\u00f3prio pedido, por n\u00e3o se julgar digno de morrer como Seu Senhor, Jesus Cristo. S\u00e3o Pedro escreveu duas cartas e tamb\u00e9m serviu como fonte de informa\u00e7\u00f5es para que S\u00e3o Marcos escrevesse seu Evangelho.<br \/>Historicamente, \u00e9 indiscut\u00edvel que Pedro foi martirizado em Roma, pelo ano 67. Por isso mesmo, desde a Antiguidade, a Igreja de Roma, Igreja de Pedro, \u00e9 considerada a primeira entre todas as dioceses do mundo e cabe\u00e7a de todas as outras dioceses. Com o Bispo de Roma todos os outros bispos devem estar em comunh\u00e3o. Esta sempre foi e ser\u00e1 a convic\u00e7\u00e3o de f\u00e9 da Igreja de Cristo. A este respeito, s\u00e3o abundantes os testemunhos dos primeir\u00edssimos s\u00e9culos crist\u00e3os. Uma interpreta\u00e7\u00e3o da miss\u00e3o de Pedro e de seus sucessores, os Papas de Roma, baseada em Mt 16,13-26. Nesse texto excepcional aparecem toda a grandeza e toda a fraqueza do minist\u00e9rio de Pedro e seus sucessores.<br \/>Jesus perguntara aos disc\u00edpulos que opini\u00f5es corriam a seu respeito. Eram muitas. Todas incompletas, v\u00e1rias totalmente erradas. Como hoje. H\u00e1 interpreta\u00e7\u00f5es de Cristo para todos os gostos: fil\u00f3sofo e s\u00e1bio, revolucion\u00e1rio de esquerda e agitador social, guru esot\u00e9rico e alienado, judeu ex\u00f3tico e rabi impostor&#8230; Haja opini\u00f5es, ontem como hoje! E, ent\u00e3o, Jesus volta-se para os disc\u00edpulos \u2013 os Doze e os de todas as \u00e9pocas: eu, voc\u00ea \u2013 e dispara, como uma flecha: \u201cE v\u00f3s, quem dizeis que eu sou?\u201d \u00c9 Pedro quem responde em nome de todos: \u201cTu \u00e9s o Messias, o Filho do Deus vivo!\u201d A resposta \u00e9 perfeita; \u00e9 a ess\u00eancia da f\u00e9 da Igreja. E Jesus, ent\u00e3o, revela: \u201cN\u00e3o foi tua intelig\u00eancia; foi o Pai quem te revelou isso! E eu revelo quem tu \u00e9s: Tu \u00e9s Pedro (= Pedra) e sobre esta Pedra edificarei a minha Igreja. E dar-te-ei as chaves do Reino&#8230; para ligares e desligares&#8230;\u201d Uma observa\u00e7\u00e3o importante: a raz\u00e3o humana, entregue a si mesma, n\u00e3o poder\u00e1 jamais penetrar na ess\u00eancia do mist\u00e9rio de Cristo: \u201cNingu\u00e9m pode vir a mim se o Pai n\u00e3o o atrair\u201d (Jo 6,44).<br \/> A f\u00e9 crist\u00e3 n\u00e3o nasce de um consenso da sociedade, de um racioc\u00ednio filos\u00f3fico ou de uma aprova\u00e7\u00e3o cient\u00edfica&#8230; nem deve se preocupar em ser aceita pelo mundo: s\u00f3 pela gra\u00e7a, no \u00e2mbito da f\u00e9, podemos experimentar quem \u00e9 Jesus. Certamente a f\u00e9 n\u00e3o contraria a raz\u00e3o, mas a ultrapassa de longe. Pedro e seus sucessores t\u00eam a miss\u00e3o de dizer, como primeiras testemunhas, o mist\u00e9rio de Cristo ao mundo e a toda Igreja. Por isso, a autoridade de ensinar e de ligar e desligar, dada por Cristo&#8230;<br \/>Estamos unidos a Pedro e seus sucessores, que nos confirmam em nossa caminhada. No dia da Solenidade de S\u00e3o Pedro e S\u00e3o Paulo, a Igreja celebra o \u201cdia do Papa\u201d.<br \/>A coleta feita em todas as igrejas do mundo todo nesta data \u00e9 destinada \u00e0s obras de caridade que o Papa faz. Chamamos esta coleta de \u201c\u00f3bolo de S\u00e3o Pedro\u201d. \u201c\u00d3bolo de S\u00e3o Pedro \u00e9 a express\u00e3o mais emblem\u00e1tica da participa\u00e7\u00e3o de todos os fi\u00e9is nas iniciativas de caridade do Bispo de Roma a bem da Igreja Universal. Trata-se de um gesto que se reveste de valor n\u00e3o apenas pr\u00e1tico, mas tamb\u00e9m profundamente simb\u00f3lico enquanto sinal de comunh\u00e3o com o Papa e de aten\u00e7\u00e3o \u00e0s necessidades dos irm\u00e3os; por isso, o vosso servi\u00e7o possui um valor retintamente eclesial\u201d (cfr. Discurso do Papa Em\u00e9rito Bento XVI aos S\u00f3cios do C\u00edrculo de S\u00e3o Pedro, 25 de Fevereiro de 2006). <br \/> Os Sumos Pont\u00edfices anteriores j\u00e1 tinham chamado a aten\u00e7\u00e3o para o \u00d3bolo como forma de os cat\u00f3licos apoiarem o minist\u00e9rio dos sucessores de S\u00e3o Pedro ao servi\u00e7o da Igreja Universal. Assim se exprimira, por exemplo, o Papa S\u00e3o Jo\u00e3o Paulo II: \u201cConheceis as crescentes necessidades do apostolado, as car\u00eancias das comunidades eclesiais especialmente em terras de miss\u00e3o, os pedidos de ajuda que chegam de popula\u00e7\u00f5es, indiv\u00edduos e fam\u00edlias que vivem em prec\u00e1rias condi\u00e7\u00f5es. Muitos esperam da S\u00e9 Apost\u00f3lica uma ajuda que, muitas vezes, n\u00e3o conseguem encontrar noutro lugar. Vistas assim as coisas, o \u00f3bolo constitui uma verdadeira e particular participa\u00e7\u00e3o na a\u00e7\u00e3o evangelizadora, especialmente se consideram o sentido e a import\u00e2ncia de partilhar concretamente as solicitudes da Igreja Universal\u201d (S\u00e3o Jo\u00e3o Paulo II ao C\u00edrculo de S\u00e3o Pedro, 28 de Fevereiro de 2003). <br \/>As ofertas com que os fi\u00e9is presenteiam o Santo Padre destinam-se a obras eclesiais, a iniciativas humanit\u00e1rias e de promo\u00e7\u00e3o social, e tamb\u00e9m para a sustenta\u00e7\u00e3o das atividades da Santa S\u00e9. E o Papa, enquanto Pastor da Igreja inteira, preocupa-se tamb\u00e9m com as necessidades materiais de dioceses pobres, institutos religiosos e fi\u00e9is em graves dificuldades (pobres, crian\u00e7as, idosos, marginalizados, v\u00edtimas de guerras e desastres naturais; ajudas particulares a Bispos ou Dioceses em necessidade, educa\u00e7\u00e3o cat\u00f3lica, ajuda a refugiados e migrantes etc.). <br \/>O crit\u00e9rio geral, que inspira a pr\u00e1tica do \u00d3bolo, remonta \u00e0 Igreja primitiva: \u201cA base primitiva para a manuten\u00e7\u00e3o da S\u00e9 Apost\u00f3lica deve ser constitu\u00edda pelas ofertas dadas espontaneamente pelos cat\u00f3licos de todo o mundo, e eventualmente tamb\u00e9m por outras pessoas de boa vontade. Isto corresponde \u00e0 tradi\u00e7\u00e3o que tem origem no Evangelho (Lc 10,7) e nos ensinamentos dos Ap\u00f3stolos (1 Cor 11,14)\u201d (cfr. Carta de S\u00e3o Jo\u00e3o Paulo II ao Cardeal Secret\u00e1rio de Estado, 20 de Novembro de 1982). <br \/>Portanto, ao celebrar a Solenidade de S\u00e3o Pedro, queremos pedir a intercess\u00e3o deste grande homem de f\u00e9, in\u00fameras gra\u00e7as e b\u00ean\u00e7\u00e3os. E quero tamb\u00e9m pedir a todo o povo que neste dia, em suas comunidades, sejam generosos em suas ofertas, para que o nosso querido Papa Francisco, pelo \u00f3bolo j\u00e1 tradicional e anual, possa ajudar em sua pr\u00e1tica de caridade tantas pessoas e tantos lugares que s\u00e3o v\u00edtimas, sobretudo nesses \u00faltimos tempos, de cat\u00e1strofes naturais.<\/p>\n","protected":false},"excerpt":{"rendered":"<p>Celebramos neste final de semana a solenidade de S\u00e3o Pedro! Todos os anos a liturgia nos leva a meditar sobre a vida deste grande Ap\u00f3stolo, que \u00e9 considerado \u201co cabe\u00e7a dos ap\u00f3stolos\u201d por ter sido um dos principais l\u00edderes da Igreja Crist\u00e3 primitiva, tanto por sua f\u00e9 e prega\u00e7\u00e3o, como pelo ardor de amor a [&hellip;]<\/p>\n","protected":false},"author":5,"featured_media":0,"comment_status":"closed","ping_status":"closed","sticky":false,"template":"","format":"standard","meta":{"footnotes":""},"categories":[9],"tags":[],"class_list":["post-4764","post","type-post","status-publish","format-standard","hentry","category-artigos"],"_links":{"self":[{"href":"https:\/\/catolicanet.net\/wp-cnet\/wp-json\/wp\/v2\/posts\/4764","targetHints":{"allow":["GET"]}}],"collection":[{"href":"https:\/\/catolicanet.net\/wp-cnet\/wp-json\/wp\/v2\/posts"}],"about":[{"href":"https:\/\/catolicanet.net\/wp-cnet\/wp-json\/wp\/v2\/types\/post"}],"author":[{"embeddable":true,"href":"https:\/\/catolicanet.net\/wp-cnet\/wp-json\/wp\/v2\/users\/5"}],"replies":[{"embeddable":true,"href":"https:\/\/catolicanet.net\/wp-cnet\/wp-json\/wp\/v2\/comments?post=4764"}],"version-history":[{"count":1,"href":"https:\/\/catolicanet.net\/wp-cnet\/wp-json\/wp\/v2\/posts\/4764\/revisions"}],"predecessor-version":[{"id":9597,"href":"https:\/\/catolicanet.net\/wp-cnet\/wp-json\/wp\/v2\/posts\/4764\/revisions\/9597"}],"wp:attachment":[{"href":"https:\/\/catolicanet.net\/wp-cnet\/wp-json\/wp\/v2\/media?parent=4764"}],"wp:term":[{"taxonomy":"category","embeddable":true,"href":"https:\/\/catolicanet.net\/wp-cnet\/wp-json\/wp\/v2\/categories?post=4764"},{"taxonomy":"post_tag","embeddable":true,"href":"https:\/\/catolicanet.net\/wp-cnet\/wp-json\/wp\/v2\/tags?post=4764"}],"curies":[{"name":"wp","href":"https:\/\/api.w.org\/{rel}","templated":true}]}}