{"id":47608,"date":"2019-03-15T08:57:33","date_gmt":"2019-03-15T11:57:33","guid":{"rendered":"http:\/\/catolicanet.net\/wp-cnet\/?p=47608"},"modified":"2019-03-15T08:57:33","modified_gmt":"2019-03-15T11:57:33","slug":"em-artigo-arcebispo-de-porto-alegre-levanta-pontos-sobre-o-que-suzano-nos-faz-pensar","status":"publish","type":"post","link":"https:\/\/catolicanet.net\/wp-cnet\/em-artigo-arcebispo-de-porto-alegre-levanta-pontos-sobre-o-que-suzano-nos-faz-pensar\/","title":{"rendered":"Em artigo arcebispo de Porto Alegre levanta pontos sobre \u201cO que Suzano nos faz pensar\u201d"},"content":{"rendered":"<p>O arcebispo de Porto Alegre (RS) e presidente para a Comiss\u00e3o Episcopal para os Minist\u00e9rios Ordenados e a Vida Consagrada da Confer\u00eancia Nacional dos Bispos do Brasil (CNBB), dom Jaime Spengler publicou artigo sobre a chacina ocorrida na \u00faltima quarta-feira, 13\/8, na escola estadual Raul Brasil, em Suzano, na regi\u00e3o metropolitana de S\u00e3o Paulo que resultou na morte de cinco alunos, duas funcion\u00e1rias, um comerciante e dos pr\u00f3prios autores do atentado.<\/p>\n<p>Segundo o bispo, a cultura contempor\u00e2nea \u00e9 permeada por situa\u00e7\u00f5es e desafios que provocam uma difusa \u201cemerg\u00eancia educativa\u201d. Para o religioso a educa\u00e7\u00e3o dos indiv\u00edduos e sua forma\u00e7\u00e3o nos verdadeiros ideais que sustentam e regem a conviv\u00eancia pac\u00edfica numa sociedade democr\u00e1tica \u00e9 desafio que toca quem acredita na constru\u00e7\u00e3o de um mundo justo e fraterno.<\/p>\n<p>Dom Jaime defende que a dimens\u00e3o humana das emo\u00e7\u00f5es, h\u00e1bitos e aspira\u00e7\u00f5es, nem sempre suficientemente considerada pelo ambiente escolar, necessita de uma abordagem mais adequada. \u00a0\u201cA trag\u00e9dia de Suzano requer aten\u00e7\u00e3o. Somente com o engajamento de quem acredita nos valores da paz, do respeito e do cuidado de uns para com os outros, ser\u00e1 capaz de superar a crescente cultura da viol\u00eancia, promovida por setores da sociedade\u201d, diz.<\/p>\n<p>O momento, de acordo com o arcebispo de Porto Alegre, requer bom senso e disposi\u00e7\u00e3o para contribuir na promo\u00e7\u00e3o de pol\u00edticas p\u00fablicas capazes de responder adequadamente \u00e0s necessidades da sociedade.<\/p>\n<p>Leia abaixo a \u00edntegra de seu artigo.<\/p>\n<p>O que Suzano nos faz pensar<\/p>\n<p>A cultura contempor\u00e2nea \u00e9 permeada por situa\u00e7\u00f5es e desafios que provocam uma difusa \u201cemerg\u00eancia educativa\u201d. A educa\u00e7\u00e3o dos indiv\u00edduos e sua forma\u00e7\u00e3o nos verdadeiros ideais que sustentam e regem a conviv\u00eancia pac\u00edfica numa sociedade democr\u00e1tica \u00e9 desafio que toca quem acredita na constru\u00e7\u00e3o de um mundo justo e fraterno.<\/p>\n<p>H\u00e1 o processo educacional acad\u00eamico convencional. H\u00e1 tamb\u00e9m um processo que marca a constitui\u00e7\u00e3o do indiv\u00edduo, nem sempre suficientemente considerado pelo ambiente acad\u00eamico. Trata-se da dimens\u00e3o humana das emo\u00e7\u00f5es, h\u00e1bitos e aspira\u00e7\u00f5es, dif\u00edcil de ser caracterizada.<\/p>\n<p>A educa\u00e7\u00e3o formal que recolhe informa\u00e7\u00f5es contribui para o aprimoramento cultural, desenvolvendo valores externos e aquisitivos para o consumo imediato. J\u00e1 os desafios \u00e9ticos e comportamentais que implicam as estruturas \u00edntimas da pessoa necessitam de abordagem adequada. \u00c9 neste \u00e2mbito que se encontra o urgente ant\u00eddoto \u00e0 viol\u00eancia e \u00e0 vulgaridade, presente em variados setores da sociedade.<\/p>\n<p>Constata-se o crescente n\u00famero de \u00f3rf\u00e3os filhos de pais vivos, de adolescentes e jovens que se automutilam, se drogam e se suicidam. Esses n\u00fameros expressam situa\u00e7\u00f5es complexas diante das quais a sociedade n\u00e3o consegue responder adequadamente.<\/p>\n<p>A trag\u00e9dia de Suzano requer aten\u00e7\u00e3o. Somente com o engajamento de quem acredita nos valores da paz, do respeito e do cuidado de uns para com os outros, ser\u00e1 capaz de superar a crescente cultura da viol\u00eancia, promovida por setores da sociedade.<\/p>\n<p>De um lado, a institui\u00e7\u00e3o familiar \u00e9 achincalhada por express\u00f5es ideol\u00f3gicas obscuras. De outro, se encontram as institui\u00e7\u00f5es de ensino fragilizadas de tal modo que falta o m\u00ednimo necess\u00e1rio para que professores e educadores possam levar a bom termo sua miss\u00e3o.<\/p>\n<p>N\u00e3o se responde \u00e0 insanidade e \u00e0 estupidez com bravatas. O momento requer bom senso e disposi\u00e7\u00e3o para contribuir na promo\u00e7\u00e3o de pol\u00edticas p\u00fablicas capazes de responder adequadamente \u00e0s necessidades da sociedade.<\/p>\n<p>dom Jaime Spengler<br \/>\nArcebispo de Porto Alegre (RS)<br \/>\nPresidente para a Comiss\u00e3o Episcopal para os Minist\u00e9rios Ordenados e a Vida Consagrada da CNBB<\/p>\n","protected":false},"excerpt":{"rendered":"<p>O arcebispo de Porto Alegre (RS) e presidente para a Comiss\u00e3o Episcopal para os Minist\u00e9rios Ordenados e a Vida Consagrada da Confer\u00eancia Nacional dos Bispos do Brasil (CNBB), dom Jaime Spengler publicou artigo sobre a chacina ocorrida na \u00faltima quarta-feira, 13\/8, na escola estadual Raul Brasil, em Suzano, na regi\u00e3o metropolitana de S\u00e3o Paulo que [&hellip;]<\/p>\n","protected":false},"author":1,"featured_media":47609,"comment_status":"open","ping_status":"closed","sticky":false,"template":"","format":"standard","meta":{"footnotes":""},"categories":[7,13],"tags":[],"class_list":["post-47608","post","type-post","status-publish","format-standard","has-post-thumbnail","hentry","category-cnbb","category-featured"],"_links":{"self":[{"href":"https:\/\/catolicanet.net\/wp-cnet\/wp-json\/wp\/v2\/posts\/47608","targetHints":{"allow":["GET"]}}],"collection":[{"href":"https:\/\/catolicanet.net\/wp-cnet\/wp-json\/wp\/v2\/posts"}],"about":[{"href":"https:\/\/catolicanet.net\/wp-cnet\/wp-json\/wp\/v2\/types\/post"}],"author":[{"embeddable":true,"href":"https:\/\/catolicanet.net\/wp-cnet\/wp-json\/wp\/v2\/users\/1"}],"replies":[{"embeddable":true,"href":"https:\/\/catolicanet.net\/wp-cnet\/wp-json\/wp\/v2\/comments?post=47608"}],"version-history":[{"count":1,"href":"https:\/\/catolicanet.net\/wp-cnet\/wp-json\/wp\/v2\/posts\/47608\/revisions"}],"predecessor-version":[{"id":47610,"href":"https:\/\/catolicanet.net\/wp-cnet\/wp-json\/wp\/v2\/posts\/47608\/revisions\/47610"}],"wp:featuredmedia":[{"embeddable":true,"href":"https:\/\/catolicanet.net\/wp-cnet\/wp-json\/wp\/v2\/media\/47609"}],"wp:attachment":[{"href":"https:\/\/catolicanet.net\/wp-cnet\/wp-json\/wp\/v2\/media?parent=47608"}],"wp:term":[{"taxonomy":"category","embeddable":true,"href":"https:\/\/catolicanet.net\/wp-cnet\/wp-json\/wp\/v2\/categories?post=47608"},{"taxonomy":"post_tag","embeddable":true,"href":"https:\/\/catolicanet.net\/wp-cnet\/wp-json\/wp\/v2\/tags?post=47608"}],"curies":[{"name":"wp","href":"https:\/\/api.w.org\/{rel}","templated":true}]}}