{"id":47568,"date":"2019-03-13T09:47:10","date_gmt":"2019-03-13T12:47:10","guid":{"rendered":"http:\/\/catolicanet.net\/wp-cnet\/?p=47568"},"modified":"2019-03-14T13:34:02","modified_gmt":"2019-03-14T16:34:02","slug":"francisco-o-novo-papa","status":"publish","type":"post","link":"https:\/\/catolicanet.net\/wp-cnet\/francisco-o-novo-papa\/","title":{"rendered":"Francisco, o novo Papa"},"content":{"rendered":"<p>Artigo por n\u00f3s publicado no dia de sua elei\u00e7\u00e3o (13\/03\/2013)<\/p>\n<p>&#8220;A ti corremos, Ang\u00e9lico Pastor, Em ti n\u00f3s vemos o doce Redentor. A voz de Pedro na tua o mundo escuta, n\u00e3o vencer\u00e3o as for\u00e7as do inferno, mas a verdade, o doce amor fraterno!&#8221; (Hino do Vaticano).<\/p>\n<p>Jorge Mario Bergolio, a partir deste dia 13 de mar\u00e7o de 2013 \u00e9 para o mundo cat\u00f3lico o novo Papa, o novo Sumo Pont\u00edfice, com o nome Papa Francisco. O quer dizer Pont\u00edfice? Pont\u00edfice quer dizer ponte e tem a fun\u00e7\u00e3o de ligar uma margem \u00e0 outra de um rio. No caso do Sucessor de Pedro, o m\u00fanus que lhe foi atribu\u00eddo \u00e9 o de fazer a liga\u00e7\u00e3o da terra ao c\u00e9u, numa misteriosa troca de dons. A ocasi\u00e3o \u00e9 por demais feliz, no sentido de rendermos gra\u00e7as ao bom Deus, na mais absoluta convic\u00e7\u00e3o, de que o povo de Deus, com o novo Vig\u00e1rio de Cristo na terra, reavir\u00e1 a sua f\u00e9, atrav\u00e9s do representante leg\u00edtimo e vis\u00edvel de Cristo aqui na terra, avan\u00e7ando \u00e0s \u00e1guas mais profundas, orientados por sua palavra segura, fecunda e esperan\u00e7osa (cf. Lc 5, 4-7; Mt 16, 18 ).<\/p>\n<p>Que ele seja um aut\u00eantico pai na caridade, num grande esfor\u00e7o de sempre mais proporcionar um estreito relacionamento da Igreja com o mundo contempor\u00e2neo, no meu modo de perceber as coisas, igualmente gritante, quando da ocasi\u00e3o Conc\u00edlio Vaticano II, tendo por base os princ\u00edpios doutrin\u00e1rios da M\u00e3e Igreja, nestas palavras: \u201cAs alegrias e as esperan\u00e7as, as tristezas e as ang\u00fastias dos homens de hoje, sobretudo dos pobres e de todos aqueles que sofrem, s\u00e3o tamb\u00e9m as alegrias e as esperan\u00e7as, as tristezas e as ang\u00fastias dos disc\u00edpulos de Cristo; e n\u00e3o h\u00e1 realidade alguma verdadeiramente humana que n\u00e3o encontre eco no seu cora\u00e7\u00e3o\u201d (GS, 200).<\/p>\n<p>Visto pelos olhos da f\u00e9, o gesto de Bento XVI, que surpreendeu o mundo, revela-nos o sopro do Esp\u00edrito Santo e que foi humildemente acolhido por todos. Ren\u00fancia durante seis s\u00e9culos era tida como um sinal de fraqueza, mas que agora foi transformado e visto como uma atitude de extraordin\u00e1ria grandeza, na elei\u00e7\u00e3o do novo representante de Cristo da terra, o Papa Francisco.<\/p>\n<p>Nossa confian\u00e7a \u00e9 enorme, sobretudo, ao refletirmos sobre a par\u00e1bola do pai misericordioso (Lc 15, 11-32), porque somos chamados a sonhar com um papa totalmente identificado com o pai da passagem deste Evangelho, no seu amor infinito e acolhedor, que soube no momento exato compreender e compadecer-se da mis\u00e9ria do filho mais novo, num gesto extraordin\u00e1rio de generosidade, ao mesmo tempo em que experimentou a alegria e a felicidade de seu retorno a casa.<\/p>\n<p>Vamos esperan\u00e7osos, contar com um papa que saiba compreender a humanidade, representada pelo filho mais novo, que deixou seu pai querido, numa aventura de assumir e administrar sua pr\u00f3pria vida e seus bens, na irresponsabilidade e inconsequ\u00eancia. Igualmente, numa pedagogia marcada pela miseric\u00f3rdia, que saiba ir ao encontro do filho mais velho, que tamb\u00e9m representa a mesma humanidade, para falar-lhe da necessidade de miseric\u00f3rdia e convers\u00e3o do cora\u00e7\u00e3o, diante da dor, da mis\u00e9ria e do sofrimento humano, exigindo-lhe amor, compaix\u00e3o, solidariedade e ternura.<\/p>\n<p>Num mundo marcado pelo pluralismo, na diversidade de pensamentos e op\u00e7\u00f5es de vida, alimenta-se sempre mais o sonho de um mundo fraterno e solid\u00e1rio, onde o Esp\u00edrito Santo aja em toda sua plenitude, atrav\u00e9s do novo Papa Francisco, eleito neste dia 13 mar\u00e7o, para a fun\u00e7\u00e3o maior de animar e confirmar os irm\u00e3os na f\u00e9, na Igreja Cat\u00f3lica. A nossa ardorosa s\u00faplica ao bom Deus, diante da miss\u00e3o incomensur\u00e1vel, que ele seja causa de grande alegria, al\u00e9m de ser fermento, sal e luz para toda a humanidade, \u00e1vida dos seus ensinamentos.<\/p>\n<p>Jesus Cristo continua a afirmar: \u201cO que vos pe\u00e7o \u00e9 que n\u00e3o os tireis do mundo, mas os livreis do mal\u201d (Jo 17, 15). A Igreja vive inserida num mundo onde h\u00e1 pedofilia, homossexualidade e segunda uni\u00e3o. Mesmo sendo uma organiza\u00e7\u00e3o de volunt\u00e1rios, espera-se de seus membros obriga\u00e7\u00f5es e v\u00ednculos, onde n\u00e3o se prescindem clareza e convic\u00e7\u00e3o. Na alegria da sua elei\u00e7\u00e3o, jamais podemos esquecer que o novo Pastor Universal tem, atrav\u00e9s do an\u00fancio do Evangelho e do di\u00e1logo, a tarefa de fermentar o mundo e a pr\u00f3pria cria\u00e7\u00e3o, na edifica\u00e7\u00e3o do Reino de Deus e sua justi\u00e7a.<\/p>\n<p>Com a chegada do novo Vig\u00e1rio de Cristo na terra, que o planeta possa ser alegremente contemplado, no sentido de que os crist\u00e3os sejam estimulados e fomentados a um grande compromisso de dialogar e cuidar da cria\u00e7\u00e3o, nas suas mais diversas realidades. O mundo precisa carinhosamente de pr\u00e1ticas ecol\u00f3gicas e ambientais, para que a f\u00e9 da humanidade possa se tornar cada vez mais viva e coerente com aquilo que se acredita.<\/p>\n","protected":false},"excerpt":{"rendered":"<p>Artigo por n\u00f3s publicado no dia de sua elei\u00e7\u00e3o (13\/03\/2013) &#8220;A ti corremos, Ang\u00e9lico Pastor, Em ti n\u00f3s vemos o doce Redentor. A voz de Pedro na tua o mundo escuta, n\u00e3o vencer\u00e3o as for\u00e7as do inferno, mas a verdade, o doce amor fraterno!&#8221; (Hino do Vaticano). Jorge Mario Bergolio, a partir deste dia 13 [&hellip;]<\/p>\n","protected":false},"author":6,"featured_media":47569,"comment_status":"open","ping_status":"closed","sticky":false,"template":"","format":"standard","meta":{"footnotes":""},"categories":[3],"tags":[],"class_list":["post-47568","post","type-post","status-publish","format-standard","has-post-thumbnail","hentry","category-vaticano"],"_links":{"self":[{"href":"https:\/\/catolicanet.net\/wp-cnet\/wp-json\/wp\/v2\/posts\/47568","targetHints":{"allow":["GET"]}}],"collection":[{"href":"https:\/\/catolicanet.net\/wp-cnet\/wp-json\/wp\/v2\/posts"}],"about":[{"href":"https:\/\/catolicanet.net\/wp-cnet\/wp-json\/wp\/v2\/types\/post"}],"author":[{"embeddable":true,"href":"https:\/\/catolicanet.net\/wp-cnet\/wp-json\/wp\/v2\/users\/6"}],"replies":[{"embeddable":true,"href":"https:\/\/catolicanet.net\/wp-cnet\/wp-json\/wp\/v2\/comments?post=47568"}],"version-history":[{"count":1,"href":"https:\/\/catolicanet.net\/wp-cnet\/wp-json\/wp\/v2\/posts\/47568\/revisions"}],"predecessor-version":[{"id":47570,"href":"https:\/\/catolicanet.net\/wp-cnet\/wp-json\/wp\/v2\/posts\/47568\/revisions\/47570"}],"wp:featuredmedia":[{"embeddable":true,"href":"https:\/\/catolicanet.net\/wp-cnet\/wp-json\/wp\/v2\/media\/47569"}],"wp:attachment":[{"href":"https:\/\/catolicanet.net\/wp-cnet\/wp-json\/wp\/v2\/media?parent=47568"}],"wp:term":[{"taxonomy":"category","embeddable":true,"href":"https:\/\/catolicanet.net\/wp-cnet\/wp-json\/wp\/v2\/categories?post=47568"},{"taxonomy":"post_tag","embeddable":true,"href":"https:\/\/catolicanet.net\/wp-cnet\/wp-json\/wp\/v2\/tags?post=47568"}],"curies":[{"name":"wp","href":"https:\/\/api.w.org\/{rel}","templated":true}]}}