{"id":47513,"date":"2019-03-12T10:51:24","date_gmt":"2019-03-12T13:51:24","guid":{"rendered":"http:\/\/catolicanet.net\/wp-cnet\/?p=47513"},"modified":"2019-03-12T10:51:24","modified_gmt":"2019-03-12T13:51:24","slug":"roubo-sacrilegio-na-colombia-levam-hostias-consagradas-sacrarios-e-ambulas","status":"publish","type":"post","link":"https:\/\/catolicanet.net\/wp-cnet\/roubo-sacrilegio-na-colombia-levam-hostias-consagradas-sacrarios-e-ambulas\/","title":{"rendered":"Roubo sacril\u00e9gio na Col\u00f4mbia: Levam h\u00f3stias consagradas, sacr\u00e1rios e \u00e2mbulas"},"content":{"rendered":"<p>Desconhecidos entraram na Par\u00f3quia de Nossa Senhora de Torcoroma, em C\u00facuta, Col\u00f4mbia, na madrugada de 11 de mar\u00e7o, e levaram o sacr\u00e1rio que guardava as \u00e2mbulas e h\u00f3stias consagradas.<\/p>\n<p>A Diocese de C\u00facuta explicou em uma declara\u00e7\u00e3o que os ladr\u00f5es roubaram Igreja de forma sacr\u00edlega &#8220;o presente mais precioso que a  possui, o Corpo de Cristo Nosso Senhor&#8221;.<\/p>\n<p>&#8220;Com rever\u00eancia e amor preservamos o Corpo de Cristo nos Sacr\u00e1rios, para a comunh\u00e3o dos fi\u00e9is e para a adora\u00e7\u00e3o eucar\u00edstica. A celebra\u00e7\u00e3o da\u00a0 Eucaristia e o culto das Esp\u00e9cies Sagradas perpetuam no tempo e na hist\u00f3ria da  vida da Igreja e fortalecem a vida crist\u00e3\u201d, acrescentou a diocese colombiana.<\/p>\n<p>&#8220;A profana\u00e7\u00e3o da Eucaristia, seu roubo, \u00e9 um sacril\u00e9gio que nos fere e nos enche de tristeza. O roubo das Esp\u00e9cies Eucar\u00edsticas toca o mais profundo da f\u00e9 em nossa comunidade crist\u00e3, \u00e9 uma ferida profunda que deve nos entristecer a todos, a cada uma das nossas comunidades\u201d.<\/p>\n<p>Diante do sacril\u00e9gio, continuou a diocese colombiana, &#8220;n\u00e3o podemos ficar im\u00f3veis. Exigimos que os autores deste grave sacril\u00e9gio restituam dignamente as Sagradas formas&#8221;.<\/p>\n<p>&#8220;Aqueles que roubaram o Sant\u00edssimo Sacramento s\u00e3o culpados de graves penas na Igreja. O C\u00f3digo de Direito Can\u00f4nico estabelece: \u2018Quem deitar fora as esp\u00e9cies consagradas ou as subtrair ou re\u00adtiver para fim sacr\u00edlego incorre em excomunh\u00e3o latae sententiae reservada \u00e0 S\u00e9 Apost\u00f3lica\u2019&#8221;.<\/p>\n<p>A Diocese de C\u00facuta tamb\u00e9m observou que &#8220;o culto sagrado ser\u00e1 suspenso na Par\u00f3quia de Nossa Senhora da Torcoroma at\u00e9 que celebremos um ato de repara\u00e7\u00e3o e penit\u00eancia, junto com a celebra\u00e7\u00e3o da Santa Missa na quinta-feira, 14 de mar\u00e7o de 2019, \u00e0s 18h, que ser\u00e1 presidido pelo Bispo de C\u00facuta, Dom V\u00edctor Manuel Ochoa Cadavid&#8221;.<\/p>\n","protected":false},"excerpt":{"rendered":"<p>Desconhecidos entraram na Par\u00f3quia de Nossa Senhora de Torcoroma, em C\u00facuta, Col\u00f4mbia, na madrugada de 11 de mar\u00e7o, e levaram o sacr\u00e1rio que guardava as \u00e2mbulas e h\u00f3stias consagradas. A Diocese de C\u00facuta explicou em uma declara\u00e7\u00e3o que os ladr\u00f5es roubaram Igreja de forma sacr\u00edlega &#8220;o presente mais precioso que a possui, o Corpo de [&hellip;]<\/p>\n","protected":false},"author":1,"featured_media":47514,"comment_status":"open","ping_status":"closed","sticky":false,"template":"","format":"standard","meta":{"footnotes":""},"categories":[4],"tags":[],"class_list":["post-47513","post","type-post","status-publish","format-standard","has-post-thumbnail","hentry","category-cotidiano"],"_links":{"self":[{"href":"https:\/\/catolicanet.net\/wp-cnet\/wp-json\/wp\/v2\/posts\/47513","targetHints":{"allow":["GET"]}}],"collection":[{"href":"https:\/\/catolicanet.net\/wp-cnet\/wp-json\/wp\/v2\/posts"}],"about":[{"href":"https:\/\/catolicanet.net\/wp-cnet\/wp-json\/wp\/v2\/types\/post"}],"author":[{"embeddable":true,"href":"https:\/\/catolicanet.net\/wp-cnet\/wp-json\/wp\/v2\/users\/1"}],"replies":[{"embeddable":true,"href":"https:\/\/catolicanet.net\/wp-cnet\/wp-json\/wp\/v2\/comments?post=47513"}],"version-history":[{"count":1,"href":"https:\/\/catolicanet.net\/wp-cnet\/wp-json\/wp\/v2\/posts\/47513\/revisions"}],"predecessor-version":[{"id":47515,"href":"https:\/\/catolicanet.net\/wp-cnet\/wp-json\/wp\/v2\/posts\/47513\/revisions\/47515"}],"wp:featuredmedia":[{"embeddable":true,"href":"https:\/\/catolicanet.net\/wp-cnet\/wp-json\/wp\/v2\/media\/47514"}],"wp:attachment":[{"href":"https:\/\/catolicanet.net\/wp-cnet\/wp-json\/wp\/v2\/media?parent=47513"}],"wp:term":[{"taxonomy":"category","embeddable":true,"href":"https:\/\/catolicanet.net\/wp-cnet\/wp-json\/wp\/v2\/categories?post=47513"},{"taxonomy":"post_tag","embeddable":true,"href":"https:\/\/catolicanet.net\/wp-cnet\/wp-json\/wp\/v2\/tags?post=47513"}],"curies":[{"name":"wp","href":"https:\/\/api.w.org\/{rel}","templated":true}]}}