{"id":47510,"date":"2019-03-12T10:04:40","date_gmt":"2019-03-12T13:04:40","guid":{"rendered":"http:\/\/catolicanet.net\/wp-cnet\/?p=47510"},"modified":"2019-03-12T10:04:40","modified_gmt":"2019-03-12T13:04:40","slug":"o-aniversario-do-pontificado-olhando-para-o-essencial","status":"publish","type":"post","link":"https:\/\/catolicanet.net\/wp-cnet\/o-aniversario-do-pontificado-olhando-para-o-essencial\/","title":{"rendered":"O anivers\u00e1rio do pontificado, olhando para o essencial"},"content":{"rendered":"<div class=\"article__subTitle\">Francisco viveu e est\u00e1 prestes a viver intensos meses de viagens e S\u00ednodo. Seu sexto ano foi caracterizado pelo flagelo dos abusos e pelo sofrimento de alguns ataques internos: a resposta foi um convite a voltar ao cora\u00e7\u00e3o da f\u00e9.<\/div>\n<div class=\"title__separator\"><\/div>\n<div class=\"article__text\">\n<p><b>\u00a0Andrea Tornielli \u2013 Cidade do Vaticano<\/b><\/p>\n<p>O sexto anivers\u00e1rio da elei\u00e7\u00e3o v\u00ea o Papa Francisco comprometido em um ano cheio de importantes viagens internacionais, marcado no in\u00edcio e no final, por dois eventos &#8220;sinodais&#8221;: o encontro para a prote\u00e7\u00e3o de menores realizado no Vaticano em fevereiro passado, com a participa\u00e7\u00e3o dos presidentes das Confer\u00eancias Episcopais de todo o mundo, e o S\u00ednodo especial sobre a Amaz\u00f4nia, que ser\u00e1 celebrado &#8211; tamb\u00e9m no Vaticano -, em outubro pr\u00f3ximo. De not\u00e1vel impacto a recente viagem aos Emirados \u00c1rabes que \u00a0viu o Bispo de Roma assinar uma Declara\u00e7\u00e3o conjunta com o Grande Imame de Al-Azhar. Um documento que se espera possa ter consequ\u00eancias no campo da liberdade religiosa. O tema ecum\u00eanico prevalecer\u00e1 nas pr\u00f3ximas viagens \u00e0 Bulg\u00e1ria e depois \u00e0 Rom\u00eania, enquanto a desejada, mas ainda n\u00e3o oficializada viagem ao Jap\u00e3o, poder\u00e1 ajudar a recordar a devasta\u00e7\u00e3o causada pelas armas nucleares, como advert\u00eancia para o presente e para o futuro da humanidade que experimenta a &#8220;terceira guerra mundial em peda\u00e7os&#8221;, da qual o Papa fala frequentemente.<\/p>\n<div>\n<div class=\"article__embed article__embed--unwrap article__embed--dark\">\n<div class=\"article__innerTitle\">Ou\u00e7a o Editorial<\/div>\n<div>\n<!--[if lt IE 9]><script>document.createElement('audio');<\/script><![endif]-->\n<audio class=\"wp-audio-shortcode\" id=\"audio-47510-1\" preload=\"none\" style=\"width: 100%;\" controls=\"controls\"><source type=\"audio\/mpeg\" src=\"https:\/\/media.vaticannews.va\/media\/audio\/s1\/2019\/03\/12\/13\/134912789_F134912789.mp3?_=1\" \/><a href=\"https:\/\/media.vaticannews.va\/media\/audio\/s1\/2019\/03\/12\/13\/134912789_F134912789.mp3\">https:\/\/media.vaticannews.va\/media\/audio\/s1\/2019\/03\/12\/13\/134912789_F134912789.mp3<\/a><\/audio>\n<\/div>\n<\/div>\n<div>\n<p>Mas um olhar ao ano apenas transcorrido n\u00e3o pode ignorar o ressurgimento do esc\u00e2ndalo dos abusos e das divis\u00f5es internas que levaram o ex-n\u00fancio Carlo Maria Vigan\u00f2, em agosto passado, precisamente quando Francisco celebrava a Eucaristia com milhares de fam\u00edlias em Dublin, repropondo a beleza e o valor do matrim\u00f4nio crist\u00e3o, a pedir publicamente a ren\u00fancia do Papa por causa da gest\u00e3o do caso McCarrick. Diante dessas situa\u00e7\u00f5es, o Bispo de Roma pediu a todos os fi\u00e9is do mundo que rezassem o Ter\u00e7o todos os dias, durante todo o sucessivo m\u00eas mariano de outubro de 2018, para unirem-se &#8220;em comunh\u00e3o e penit\u00eancia, como povo de Deus, pedindo \u00e0 Santa M\u00e3e de Deus e a S\u00e3o Miguel Arcanjo para protegerem a Igreja do diabo, que sempre visa nos separar de Deus e entre n\u00f3s&#8221;. Tal pedido t\u00e3o detalhado n\u00e3o tem precedentes na hist\u00f3ria recente da Igreja. Com suas palavras e o apelo ao povo de Deus para rezar para manter a unidade da Igreja, Francisco nos fez entender a gravidade da situa\u00e7\u00e3o e ao mesmo tempo expressou a crist\u00e3 consci\u00eancia de que n\u00e3o existem rem\u00e9dios humanos capazes de assegurar um caminho de sa\u00edda.<\/p>\n<p>Mais uma vez, o Papa chamou ao essencial: a Igreja n\u00e3o \u00e9 formada por super-her\u00f3is (nem mesmo por super-papas) e n\u00e3o avan\u00e7a com a for\u00e7a de seus recursos humanos ou estrat\u00e9gias. Sabe que o maligno est\u00e1 presente no mundo, que existe o pecado original, e que para nos salvarmos, precisamos da ajuda do Alto. Repeti-lo n\u00e3o significa diminuir as responsabilidades pessoais dos indiv\u00edduos e nem mesmo as das institui\u00e7\u00f5es, mas situ\u00e1-las em seu real contexto.<\/p>\n<p>&#8220;Com esta solicita\u00e7\u00e3o de intercess\u00e3o&#8221; &#8211; estava escrito no comunicado vaticano com o pedido do Papa para a ora\u00e7\u00e3o do Ter\u00e7o em outubro passado &#8211; &#8220;o Santo Padre pede aos fi\u00e9is de todo o mundo para rezar para que a Santa M\u00e3e de Deus coloque a Igreja sob seu manto protetor: para preserv\u00e1-la dos ataques do maligno, o grande acusador, e ao mesmo tempo torn\u00e1-la cada vez mais consciente dos abusos e erros cometidos no presente e no passado\u201d.<\/p>\n<p>No presente e no passado, porque seria um erro &#8220;descarregar&#8221; sobre aqueles que vieram antes de n\u00f3s as culpas e apresentar-nos como &#8220;puros&#8221;. Tamb\u00e9m hoje a Igreja deve pedir a Algu\u00e9m para ser libertada do mal. Um dado de fato que o Papa, em continuidade com seus antecessores, recorda constantemente.<\/p>\n<\/div>\n<\/div>\n<\/div>\n","protected":false},"excerpt":{"rendered":"<p>Francisco viveu e est\u00e1 prestes a viver intensos meses de viagens e S\u00ednodo. Seu sexto ano foi caracterizado pelo flagelo dos abusos e pelo sofrimento de alguns ataques internos: a resposta foi um convite a voltar ao cora\u00e7\u00e3o da f\u00e9. \u00a0Andrea Tornielli \u2013 Cidade do Vaticano O sexto anivers\u00e1rio da elei\u00e7\u00e3o v\u00ea o Papa Francisco [&hellip;]<\/p>\n","protected":false},"author":1,"featured_media":47511,"comment_status":"open","ping_status":"closed","sticky":false,"template":"","format":"standard","meta":{"footnotes":""},"categories":[3],"tags":[],"class_list":["post-47510","post","type-post","status-publish","format-standard","has-post-thumbnail","hentry","category-vaticano"],"_links":{"self":[{"href":"https:\/\/catolicanet.net\/wp-cnet\/wp-json\/wp\/v2\/posts\/47510","targetHints":{"allow":["GET"]}}],"collection":[{"href":"https:\/\/catolicanet.net\/wp-cnet\/wp-json\/wp\/v2\/posts"}],"about":[{"href":"https:\/\/catolicanet.net\/wp-cnet\/wp-json\/wp\/v2\/types\/post"}],"author":[{"embeddable":true,"href":"https:\/\/catolicanet.net\/wp-cnet\/wp-json\/wp\/v2\/users\/1"}],"replies":[{"embeddable":true,"href":"https:\/\/catolicanet.net\/wp-cnet\/wp-json\/wp\/v2\/comments?post=47510"}],"version-history":[{"count":1,"href":"https:\/\/catolicanet.net\/wp-cnet\/wp-json\/wp\/v2\/posts\/47510\/revisions"}],"predecessor-version":[{"id":47512,"href":"https:\/\/catolicanet.net\/wp-cnet\/wp-json\/wp\/v2\/posts\/47510\/revisions\/47512"}],"wp:featuredmedia":[{"embeddable":true,"href":"https:\/\/catolicanet.net\/wp-cnet\/wp-json\/wp\/v2\/media\/47511"}],"wp:attachment":[{"href":"https:\/\/catolicanet.net\/wp-cnet\/wp-json\/wp\/v2\/media?parent=47510"}],"wp:term":[{"taxonomy":"category","embeddable":true,"href":"https:\/\/catolicanet.net\/wp-cnet\/wp-json\/wp\/v2\/categories?post=47510"},{"taxonomy":"post_tag","embeddable":true,"href":"https:\/\/catolicanet.net\/wp-cnet\/wp-json\/wp\/v2\/tags?post=47510"}],"curies":[{"name":"wp","href":"https:\/\/api.w.org\/{rel}","templated":true}]}}