{"id":47499,"date":"2019-03-12T09:16:16","date_gmt":"2019-03-12T12:16:16","guid":{"rendered":"http:\/\/catolicanet.net\/wp-cnet\/?p=47499"},"modified":"2019-03-12T09:16:16","modified_gmt":"2019-03-12T12:16:16","slug":"reuniao-da-pastoral-da-crianca-internacional-e-do-conselho-diretor-do-brasil-acontece-em-montevideu","status":"publish","type":"post","link":"https:\/\/catolicanet.net\/wp-cnet\/reuniao-da-pastoral-da-crianca-internacional-e-do-conselho-diretor-do-brasil-acontece-em-montevideu\/","title":{"rendered":"Reuni\u00e3o da Pastoral da Crian\u00e7a Internacional e do Conselho Diretor do Brasil acontece em Montevid\u00e9u"},"content":{"rendered":"<p>Aconteceu, de 25 a 27 de fevereiro de 2019, em Montevid\u00e9u, Uruguai, reuni\u00e3o da Pastoral da Crian\u00e7a Internacional e do Conselho Diretor do Brasil. Na ocasi\u00e3o, foram discutidas estrat\u00e9gias para a Campanha Pequenos Reis Magos 2019\/2020, a situa\u00e7\u00e3o dos pa\u00edses com atua\u00e7\u00e3o, apresenta\u00e7\u00e3o e aprova\u00e7\u00e3o das contas do exerc\u00edcio fiscal 2018 \u2013 com auditoria da empresa KPMG; e\u00a0houve posse de dois novos membros do Conselho de Administra\u00e7\u00e3o da Funda\u00e7\u00e3o \u2013\u00a0 Monse\u00f1or Pablo Jourdan, bispo Auxiliar de Montevideo, e Dr. Oscar Castillo, m\u00e9dico peruano que, como oficial de sa\u00fade do UNICEF, colaborou muitos anos com a Pastoral da Crian\u00e7a e ainda hoje o faz.<\/p>\n<p>Confira a <a href=\"https:\/\/www.pastoraldacrianca.org.br\/noticias2\/4728-conselho-diretor-pci\">not\u00edcia na \u00edntegra<\/a>.<\/p>\n","protected":false},"excerpt":{"rendered":"<p>Aconteceu, de 25 a 27 de fevereiro de 2019, em Montevid\u00e9u, Uruguai, reuni\u00e3o da Pastoral da Crian\u00e7a Internacional e do Conselho Diretor do Brasil. Na ocasi\u00e3o, foram discutidas estrat\u00e9gias para a Campanha Pequenos Reis Magos 2019\/2020, a situa\u00e7\u00e3o dos pa\u00edses com atua\u00e7\u00e3o, apresenta\u00e7\u00e3o e aprova\u00e7\u00e3o das contas do exerc\u00edcio fiscal 2018 \u2013 com auditoria da [&hellip;]<\/p>\n","protected":false},"author":1,"featured_media":47500,"comment_status":"open","ping_status":"closed","sticky":false,"template":"","format":"standard","meta":{"footnotes":""},"categories":[7],"tags":[],"class_list":["post-47499","post","type-post","status-publish","format-standard","has-post-thumbnail","hentry","category-cnbb"],"_links":{"self":[{"href":"https:\/\/catolicanet.net\/wp-cnet\/wp-json\/wp\/v2\/posts\/47499","targetHints":{"allow":["GET"]}}],"collection":[{"href":"https:\/\/catolicanet.net\/wp-cnet\/wp-json\/wp\/v2\/posts"}],"about":[{"href":"https:\/\/catolicanet.net\/wp-cnet\/wp-json\/wp\/v2\/types\/post"}],"author":[{"embeddable":true,"href":"https:\/\/catolicanet.net\/wp-cnet\/wp-json\/wp\/v2\/users\/1"}],"replies":[{"embeddable":true,"href":"https:\/\/catolicanet.net\/wp-cnet\/wp-json\/wp\/v2\/comments?post=47499"}],"version-history":[{"count":1,"href":"https:\/\/catolicanet.net\/wp-cnet\/wp-json\/wp\/v2\/posts\/47499\/revisions"}],"predecessor-version":[{"id":47501,"href":"https:\/\/catolicanet.net\/wp-cnet\/wp-json\/wp\/v2\/posts\/47499\/revisions\/47501"}],"wp:featuredmedia":[{"embeddable":true,"href":"https:\/\/catolicanet.net\/wp-cnet\/wp-json\/wp\/v2\/media\/47500"}],"wp:attachment":[{"href":"https:\/\/catolicanet.net\/wp-cnet\/wp-json\/wp\/v2\/media?parent=47499"}],"wp:term":[{"taxonomy":"category","embeddable":true,"href":"https:\/\/catolicanet.net\/wp-cnet\/wp-json\/wp\/v2\/categories?post=47499"},{"taxonomy":"post_tag","embeddable":true,"href":"https:\/\/catolicanet.net\/wp-cnet\/wp-json\/wp\/v2\/tags?post=47499"}],"curies":[{"name":"wp","href":"https:\/\/api.w.org\/{rel}","templated":true}]}}