{"id":47496,"date":"2019-03-12T09:13:05","date_gmt":"2019-03-12T12:13:05","guid":{"rendered":"http:\/\/catolicanet.net\/wp-cnet\/?p=47496"},"modified":"2019-03-12T09:13:05","modified_gmt":"2019-03-12T12:13:05","slug":"pastoral-da-educacao-realizara-seminario-em-caxias-ma","status":"publish","type":"post","link":"https:\/\/catolicanet.net\/wp-cnet\/pastoral-da-educacao-realizara-seminario-em-caxias-ma\/","title":{"rendered":"Pastoral da Educa\u00e7\u00e3o realizar\u00e1 semin\u00e1rio em Caxias (MA)"},"content":{"rendered":"<p class=\"font_8\">Nos dias 29 a 31\/03 de mar\u00e7o, a Pastoral da Educa\u00e7\u00e3o do regional Nordeste 5 realizar\u00e1 um semin\u00e1rio na cidade de Caxias (MA), com o tema \u201cEducar \u00e0 luz do Humanismo Solid\u00e1rio: compromisso pastoral pedag\u00f3gico\u201d e o lema \u201cV\u00f3s sois o sal e a luz do mundo\u201d. (Mt 5,13-14). O padre\u00a0Eduardo, Referencial Nacional participar\u00e1 do evento.<\/p>\n<p>Confira a <a href=\"https:\/\/www.cnbbne5.org\/single-post\/2019\/03\/11\/Semin%C3%A1rio-Regional-da-Pastoral-da-Educa%C3%A7%C3%A3o-NE-5\">not\u00edcia na \u00edntegra<\/a>.<\/p>\n","protected":false},"excerpt":{"rendered":"<p>Nos dias 29 a 31\/03 de mar\u00e7o, a Pastoral da Educa\u00e7\u00e3o do regional Nordeste 5 realizar\u00e1 um semin\u00e1rio na cidade de Caxias (MA), com o tema \u201cEducar \u00e0 luz do Humanismo Solid\u00e1rio: compromisso pastoral pedag\u00f3gico\u201d e o lema \u201cV\u00f3s sois o sal e a luz do mundo\u201d. (Mt 5,13-14). O padre\u00a0Eduardo, Referencial Nacional participar\u00e1 do [&hellip;]<\/p>\n","protected":false},"author":1,"featured_media":47497,"comment_status":"open","ping_status":"closed","sticky":false,"template":"","format":"standard","meta":{"footnotes":""},"categories":[7],"tags":[],"class_list":["post-47496","post","type-post","status-publish","format-standard","has-post-thumbnail","hentry","category-cnbb"],"_links":{"self":[{"href":"https:\/\/catolicanet.net\/wp-cnet\/wp-json\/wp\/v2\/posts\/47496","targetHints":{"allow":["GET"]}}],"collection":[{"href":"https:\/\/catolicanet.net\/wp-cnet\/wp-json\/wp\/v2\/posts"}],"about":[{"href":"https:\/\/catolicanet.net\/wp-cnet\/wp-json\/wp\/v2\/types\/post"}],"author":[{"embeddable":true,"href":"https:\/\/catolicanet.net\/wp-cnet\/wp-json\/wp\/v2\/users\/1"}],"replies":[{"embeddable":true,"href":"https:\/\/catolicanet.net\/wp-cnet\/wp-json\/wp\/v2\/comments?post=47496"}],"version-history":[{"count":1,"href":"https:\/\/catolicanet.net\/wp-cnet\/wp-json\/wp\/v2\/posts\/47496\/revisions"}],"predecessor-version":[{"id":47498,"href":"https:\/\/catolicanet.net\/wp-cnet\/wp-json\/wp\/v2\/posts\/47496\/revisions\/47498"}],"wp:featuredmedia":[{"embeddable":true,"href":"https:\/\/catolicanet.net\/wp-cnet\/wp-json\/wp\/v2\/media\/47497"}],"wp:attachment":[{"href":"https:\/\/catolicanet.net\/wp-cnet\/wp-json\/wp\/v2\/media?parent=47496"}],"wp:term":[{"taxonomy":"category","embeddable":true,"href":"https:\/\/catolicanet.net\/wp-cnet\/wp-json\/wp\/v2\/categories?post=47496"},{"taxonomy":"post_tag","embeddable":true,"href":"https:\/\/catolicanet.net\/wp-cnet\/wp-json\/wp\/v2\/tags?post=47496"}],"curies":[{"name":"wp","href":"https:\/\/api.w.org\/{rel}","templated":true}]}}