{"id":47458,"date":"2019-03-11T14:37:23","date_gmt":"2019-03-11T17:37:23","guid":{"rendered":"http:\/\/catolicanet.net\/wp-cnet\/?p=47458"},"modified":"2019-03-11T14:38:10","modified_gmt":"2019-03-11T17:38:10","slug":"padre-geovane-saraiva","status":"publish","type":"post","link":"https:\/\/catolicanet.net\/wp-cnet\/padre-geovane-saraiva\/","title":{"rendered":"Deserto: prova\u00e7\u00f5es e desafios"},"content":{"rendered":"<p>No Primeiro Domingo da Quaresma, os seguidores de Jesus de Nazar\u00e9 s\u00e3o convidados a caminhar rumo ao deserto. L\u00e1, s\u00e3o chamados a viver uma intensa experi\u00eancia do amor de Deus, identificados com seu Mestre e Senhor, Ele que foi conduzido pelo Esp\u00edrito de Deus ao deserto (cf. Lc 4, 1-13). \u00c9 claro que o convite \u00e9 feito, pelo pr\u00f3prio Deus, \u00e0s pessoas de boa vontade, mas mergulhadas no sil\u00eancio pr\u00f3prio do per\u00edodo quaresmal, querendo de n\u00f3s, comunidade dos batizados, a mais absoluta certeza: \u201cQue todo aquele que acreditar no Senhor n\u00e3o ser\u00e1 confundido\u201d (Rm 10, 11).<\/p>\n<p>Como seria maravilhoso se a Quaresma fosse, de verdade, no seu sentido mais pleno, um tempo enriquecedor! Poderia ocasionar em todos os crist\u00e3os um forte desejo, no sentido de vivenciar os prod\u00edgios da gra\u00e7a divina. Deus nos prop\u00f5e caminharmos nessa dire\u00e7\u00e3o, pois a estrada \u00e9 longa, e enormes s\u00e3o os desafios de todos os seus seguidores. Somos provocados, \u00e0 luz da Palavra de Deus, a nos manifestarmos atrav\u00e9s dos acontecimentos da vida, superando prova\u00e7\u00f5es e desafios, fortalecidos e animados pelo mesmo esp\u00edrito que animou Jesus no deserto.<\/p>\n<p>Precisamos sempre mais ver o deserto como lugar sagrado e privilegiado, mas, com muita disposi\u00e7\u00e3o, ir para um verdadeiro encontro com Deus, tendo como exemplo o povo de Israel, que habitou por 40 anos na montanha sagrada. Vale lembrar que Elias percorreu um longo caminho, por 40 dias, at\u00e9 o monte de Deus; igualmente, Jo\u00e3o Batista, que l\u00e1 se retirou, desde sua adolesc\u00eancia. Jesus de Nazar\u00e9, al\u00e9m de consagrar tal costume, ao viver na solid\u00e3o do deserto durante quarenta dias, prop\u00f5e a n\u00f3s que O respeitemos, sem nunca perder de vista seu despojamento e sofrimento, obediente at\u00e9 a morte e morte de cruz.<\/p>\n<p>Grande \u00e9 a intimidade divina a nos envolver no deserto, mas sem nos iludir que maior \u00e9 o combate sagrado, no qual somos convidados a vencer as ciladas deste mundo, pela gra\u00e7a da lealdade e fidelidade ao Pai. Jesus presenciou, sendo fiel a Deus, a proposta do Dem\u00f4nio, de um messianismo do triunfo e da gl\u00f3ria. No nosso deserto do aqui e agora, Deus est\u00e1 conosco, se revelando a n\u00f3s como o \u00fanico caminho: pela humilha\u00e7\u00e3o, pela obedi\u00eancia e pela cruz. Resta-nos p\u00f4r nossa esperan\u00e7a no Messias, \u00fanico e verdadeiro, convencidos de que a salva\u00e7\u00e3o chegou a n\u00f3s e ao mundo. Am\u00e9m!<\/p>\n","protected":false},"excerpt":{"rendered":"<p>No Primeiro Domingo da Quaresma, os seguidores de Jesus de Nazar\u00e9 s\u00e3o convidados a caminhar rumo ao deserto. L\u00e1, s\u00e3o chamados a viver uma intensa experi\u00eancia do amor de Deus, identificados com seu Mestre e Senhor, Ele que foi conduzido pelo Esp\u00edrito de Deus ao deserto (cf. Lc 4, 1-13). \u00c9 claro que o convite [&hellip;]<\/p>\n","protected":false},"author":6,"featured_media":32779,"comment_status":"open","ping_status":"closed","sticky":false,"template":"","format":"standard","meta":{"footnotes":""},"categories":[9],"tags":[],"class_list":["post-47458","post","type-post","status-publish","format-standard","has-post-thumbnail","hentry","category-artigos"],"_links":{"self":[{"href":"https:\/\/catolicanet.net\/wp-cnet\/wp-json\/wp\/v2\/posts\/47458","targetHints":{"allow":["GET"]}}],"collection":[{"href":"https:\/\/catolicanet.net\/wp-cnet\/wp-json\/wp\/v2\/posts"}],"about":[{"href":"https:\/\/catolicanet.net\/wp-cnet\/wp-json\/wp\/v2\/types\/post"}],"author":[{"embeddable":true,"href":"https:\/\/catolicanet.net\/wp-cnet\/wp-json\/wp\/v2\/users\/6"}],"replies":[{"embeddable":true,"href":"https:\/\/catolicanet.net\/wp-cnet\/wp-json\/wp\/v2\/comments?post=47458"}],"version-history":[{"count":2,"href":"https:\/\/catolicanet.net\/wp-cnet\/wp-json\/wp\/v2\/posts\/47458\/revisions"}],"predecessor-version":[{"id":47460,"href":"https:\/\/catolicanet.net\/wp-cnet\/wp-json\/wp\/v2\/posts\/47458\/revisions\/47460"}],"wp:featuredmedia":[{"embeddable":true,"href":"https:\/\/catolicanet.net\/wp-cnet\/wp-json\/wp\/v2\/media\/32779"}],"wp:attachment":[{"href":"https:\/\/catolicanet.net\/wp-cnet\/wp-json\/wp\/v2\/media?parent=47458"}],"wp:term":[{"taxonomy":"category","embeddable":true,"href":"https:\/\/catolicanet.net\/wp-cnet\/wp-json\/wp\/v2\/categories?post=47458"},{"taxonomy":"post_tag","embeddable":true,"href":"https:\/\/catolicanet.net\/wp-cnet\/wp-json\/wp\/v2\/tags?post=47458"}],"curies":[{"name":"wp","href":"https:\/\/api.w.org\/{rel}","templated":true}]}}