{"id":47444,"date":"2019-03-08T16:53:14","date_gmt":"2019-03-08T19:53:14","guid":{"rendered":"http:\/\/catolicanet.net\/wp-cnet\/?p=47444"},"modified":"2019-03-08T16:53:14","modified_gmt":"2019-03-08T19:53:14","slug":"papa-na-quaresma-pedir-a-graca-da-coerencia-e-deixar-de-ser-hipocrita","status":"publish","type":"post","link":"https:\/\/catolicanet.net\/wp-cnet\/papa-na-quaresma-pedir-a-graca-da-coerencia-e-deixar-de-ser-hipocrita\/","title":{"rendered":"Papa: na Quaresma, pedir a gra\u00e7a da coer\u00eancia e deixar de ser hip\u00f3crita"},"content":{"rendered":"<h1 class=\"article__title\"><\/h1>\n<div class=\"article__subTitle\">Durante a missa celebrada na capela da Casa Santa Marta, o Papa Francisco comentou a primeira Leitura, extra\u00edda do livro Profeta Isa\u00edas, e explicou a diferen\u00e7a que existe na nossa vida entre o real e o formal, condenando toda forma de hipocrisia.<\/div>\n<div class=\"title__separator\"><\/div>\n<div class=\"article__text\">\n<p><b>Barbara Castelli \u2013 Cidade do Vaticano<\/b><\/p>\n<p>Pe\u00e7amos esta gra\u00e7a na Quaresma: a coer\u00eancia entre o formal e o real, entre a realidade e as apar\u00eancias: palavras do Papa Francisco na homilia desta sexta-feira (08\/03), ao celebrar a missa na capela da Casa Santa Marta. O Pont\u00edfice inspirou sua reflex\u00e3o no trecho extra\u00eddo do livro do profeta Isa\u00edas.<\/p>\n<h2>A alegria da penit\u00eancia<\/h2>\n<p>A simplicidade das apar\u00eancias deveria ser redescoberta sobretudo no per\u00edodo da Quaresma, atrav\u00e9s do exerc\u00edcio do jejum, da esmola e da ora\u00e7\u00e3o. Os crist\u00e3os, de fato, deveriam fazer penit\u00eancia mostrando-se alegres; ser generosos com quem se encontra na necessidade sem \u201ctocar os tambores\u201d; dirigir-se ao Pai quase \u201cescondido\u201d, sem buscar a admira\u00e7\u00e3o dos outros. No tempo de Jesus, explicou o Papa, o exemplo era n\u00edtido na conduta do fariseu e do publicano; hoje, os cat\u00f3licos se sentem \u201cjustos\u201d porque pertencem a certa \u201cassocia\u00e7\u00e3o\u201d, v\u00e3o \u00e0 \u201cmissa todos os domingos\u201d e n\u00e3o s\u00e3o \u201ccomo aqueles pobret\u00f5es que n\u00e3o entendem nada\u201d.<\/p>\n<p><i>As pessoas que buscam as apar\u00eancias jamais se reconhecem pecadores e se voc\u00ea disser a elas: \u201cMas voc\u00ea tamb\u00e9m \u00e9 pecador!\u201d \u2013 \u201cMas sim, todos temos pecados!\u201d, e relativizam tudo e voltam a se tornar justos. Buscam at\u00e9 aparecer com cara de santinhos: tudo apar\u00eancia. E quando existe esta diferen\u00e7a entre a realidade e a apar\u00eancia, o Senhor usa o adjetivo: \u201cHip\u00f3crita\u201d.<\/i><\/p>\n<div>\n<div class=\"article__embed article__embed--unwrap article__embed--dark\">\n<div class=\"article__innerTitle\">Ou\u00e7a a reportagem com a voz do Papa<\/div>\n<!--[if lt IE 9]><script>document.createElement('audio');<\/script><![endif]-->\n<audio class=\"wp-audio-shortcode\" id=\"audio-47444-1\" preload=\"none\" style=\"width: 100%;\" controls=\"controls\"><source type=\"audio\/mpeg\" src=\"https:\/\/media.vaticannews.va\/media\/audio\/s1\/2019\/03\/08\/12\/134907235_F134907235.mp3?_=1\" \/><a href=\"https:\/\/media.vaticannews.va\/media\/audio\/s1\/2019\/03\/08\/12\/134907235_F134907235.mp3\">https:\/\/media.vaticannews.va\/media\/audio\/s1\/2019\/03\/08\/12\/134907235_F134907235.mp3<\/a><\/audio>\n<\/div>\n<\/div>\n<h2>A hipocrisia dos &#8220;profissionais da religi\u00e3o&#8221;<\/h2>\n<p>Cada pessoa \u00e9 tentada pelas hipocrisias e o tempo que nos conduz \u00e0 P\u00e1scoa pode ser ocasi\u00e3o para reconhecer as pr\u00f3prias incoer\u00eancias, para identificar as camadas de maquiagem de modo a \u201cesconder a realidade\u201d. Francisco insistiu no aspecto da hipocrisia, um tema que emergiu com for\u00e7a durante a XV Assembleia geral ordin\u00e1ria do S\u00ednodo dos Bispos sobre o tema: \u201cOs jovens, a f\u00e9 e o discernimento vocacional\u201d. Os jovens, afirmou, ficam impressionados com aqueles que buscam aparecer, mas depois se comportam consequentemente, sobretudo quando esta hipocrisia \u00e9 vivida por \u201cprofissionais da religi\u00e3o\u201d. O Senhor, ao inv\u00e9s, pede coer\u00eancia.<\/p>\n<p><i>Muitos crist\u00e3os, mesmo cat\u00f3licos, que se dizem cat\u00f3licos praticantes, como exploram as pessoas! Como exploram os oper\u00e1rios! Como os mandam para casa no in\u00edcio do ver\u00e3o para readmiti-los no final, de modo que n\u00e3o t\u00eam direito \u00e0 aposentadoria, n\u00e3o t\u00eam direito de ir avante. E muitos deles se dizem cat\u00f3licos: v\u00e3o \u00e0 missa no domingo\u2026 mas agem assim. E isso \u00e9 pecado mortal! Quantas pessoas humilham seus oper\u00e1rios&#8230;<\/i><\/p>\n<h2>Beleza da simplicidade<\/h2>\n<p>Neste tempo da Quaresma, o Pont\u00edfice convidou os fi\u00e9is a redescobrirem a beleza da simplicidade, da realidade que \u201cdeve estar unida \u00e0 apar\u00eancia\u201d.<\/p>\n<p><i>Pe\u00e7a ao Senhor a for\u00e7a e vai humildemente avante, com aquilo que pode. Mas n\u00e3o maquie a alma, porque, se fizer isso, o Senhor n\u00e3o o ir\u00e1 reconhecer. Pe\u00e7amos ao Senhor a gra\u00e7a de sermos coerentes, de n\u00e3o sermos vaidosos, de n\u00e3o aparecer mais dignos daquilo que somos. Pe\u00e7amos esta gra\u00e7a nesta Quaresma: a coer\u00eancia entre o formal e o real, entre a realidade e as apar\u00eancias.<\/i><\/p>\n<p>Veja um trecho da homilia do Santo Padre<\/p>\n<p><iframe loading=\"lazy\" width=\"696\" height=\"392\" src=\"https:\/\/www.youtube.com\/embed\/91Gyqp_IQQA?feature=oembed\" frameborder=\"0\" allow=\"accelerometer; autoplay; encrypted-media; gyroscope; picture-in-picture\" allowfullscreen><\/iframe><\/p>\n<\/div>\n","protected":false},"excerpt":{"rendered":"<p>Durante a missa celebrada na capela da Casa Santa Marta, o Papa Francisco comentou a primeira Leitura, extra\u00edda do livro Profeta Isa\u00edas, e explicou a diferen\u00e7a que existe na nossa vida entre o real e o formal, condenando toda forma de hipocrisia. Barbara Castelli \u2013 Cidade do Vaticano Pe\u00e7amos esta gra\u00e7a na Quaresma: a coer\u00eancia [&hellip;]<\/p>\n","protected":false},"author":1,"featured_media":47445,"comment_status":"open","ping_status":"closed","sticky":false,"template":"","format":"standard","meta":{"footnotes":""},"categories":[13],"tags":[],"class_list":["post-47444","post","type-post","status-publish","format-standard","has-post-thumbnail","hentry","category-featured"],"_links":{"self":[{"href":"https:\/\/catolicanet.net\/wp-cnet\/wp-json\/wp\/v2\/posts\/47444","targetHints":{"allow":["GET"]}}],"collection":[{"href":"https:\/\/catolicanet.net\/wp-cnet\/wp-json\/wp\/v2\/posts"}],"about":[{"href":"https:\/\/catolicanet.net\/wp-cnet\/wp-json\/wp\/v2\/types\/post"}],"author":[{"embeddable":true,"href":"https:\/\/catolicanet.net\/wp-cnet\/wp-json\/wp\/v2\/users\/1"}],"replies":[{"embeddable":true,"href":"https:\/\/catolicanet.net\/wp-cnet\/wp-json\/wp\/v2\/comments?post=47444"}],"version-history":[{"count":1,"href":"https:\/\/catolicanet.net\/wp-cnet\/wp-json\/wp\/v2\/posts\/47444\/revisions"}],"predecessor-version":[{"id":47446,"href":"https:\/\/catolicanet.net\/wp-cnet\/wp-json\/wp\/v2\/posts\/47444\/revisions\/47446"}],"wp:featuredmedia":[{"embeddable":true,"href":"https:\/\/catolicanet.net\/wp-cnet\/wp-json\/wp\/v2\/media\/47445"}],"wp:attachment":[{"href":"https:\/\/catolicanet.net\/wp-cnet\/wp-json\/wp\/v2\/media?parent=47444"}],"wp:term":[{"taxonomy":"category","embeddable":true,"href":"https:\/\/catolicanet.net\/wp-cnet\/wp-json\/wp\/v2\/categories?post=47444"},{"taxonomy":"post_tag","embeddable":true,"href":"https:\/\/catolicanet.net\/wp-cnet\/wp-json\/wp\/v2\/tags?post=47444"}],"curies":[{"name":"wp","href":"https:\/\/api.w.org\/{rel}","templated":true}]}}