{"id":4743,"date":"2014-06-25T17:05:24","date_gmt":"2014-06-25T20:05:24","guid":{"rendered":"http:\/\/catolicanet.net\/wp-cnet\/eu-posso-ser-santo-como\/"},"modified":"2017-04-05T16:34:03","modified_gmt":"2017-04-05T19:34:03","slug":"eu-posso-ser-santo-como","status":"publish","type":"post","link":"https:\/\/catolicanet.net\/wp-cnet\/eu-posso-ser-santo-como\/","title":{"rendered":"Eu posso ser santo? Como?"},"content":{"rendered":"<p style=\"text-align: justify;\"><img decoding=\"async\" src=\"http:\/\/catolicanet.com.br\/images\/stories\/maosoracao.jpg\" border=\"0\" align=\"left\" \/>Ser santo \u00e9 reconhecer-se amado e tocar esse amor com a alma, pois Deus nos santifica quando nos abandonamos em seu cora\u00e7\u00e3o de Pai<\/p>\n<p>A santidade \u00e9 esse fogo que queima as impurezas do cora\u00e7\u00e3o, a \u00e1gua que sacia a sede da alma e rega a terra seca na qual vivemos. \u00c9 a luz que ilumina a escurid\u00e3o das profundezas do cora\u00e7\u00e3o.<\/p>\n<p>\u00c9 a gra\u00e7a que nos permite viver com paz e confian\u00e7a as dificuldades do caminho. \u00c9 a vitalidade que nos torna capazes de pular de qualquer altura. \u00c9 o vento que eleva nossa voz acima das montanhas, preenchendo assim o sil\u00eancio que nos cerca.<\/p>\n<p>Sim, somos chamados a algo grande. Nossos passos constroem a hist\u00f3ria do amanh\u00e3. Semeamos hoje e sabemos que outros colher\u00e3o os frutos. Somos todos chamados a ser santos. Somos todos chamados a viver em Deus.<\/p>\n<p>\u00c9 por isso que nos enterramos, para deixar que a vida surja da nossa pequena morte di\u00e1ria. O Pe. Kentenich disse: \u201cTenho de ser enterrado no sulco, devo morrer. Porque morrendo, o gr\u00e3o de trigo germina e d\u00e1 muito fruto. E n\u00f3s, os outros cristos, as outras \u2018imagens de Cristo\u2019, somos justamente os frutos daquela morte de Jesus\u201d.<\/p>\n<p>Deus vai fazendo brilhar o que h\u00e1 em nosso interior, o que \u00e9 opaco e cinza. Ele vai nos polindo e destacando nosso brilho. O ouro passa pelo fogo do amor. Deus precisa da nossa entrega, do nosso \u201csim\u201d, da nossa disponibilidade para deixar que Ele aja.<\/p>\n<p>Santidade \u00e9 saber-nos amados e tocar esse amor com a alma. Deus nos santifica quando nos abandonamos em seu cora\u00e7\u00e3o de Pai. E, assim, Ele consegue extrair o ouro escondido. E nos faz brilhar, elevando-nos acima de tudo.<\/p>\n<p>Jesus nos santifica. Ele nos diz:<\/p>\n<p>\u201cEstou aqui, esperando por voc\u00ea, para dar-lhe o melhor do meu cora\u00e7\u00e3o, para dar-lhe o perd\u00e3o imenso, o amor incondicional, o descanso para seu cansa\u00e7o, para dar-lhe um abra\u00e7o e coloc\u00e1-lo no meu colo, para abrir meu cora\u00e7\u00e3o sem reservas para voc\u00ea, para ser seu lar e seu Pai, para escut\u00e1-lo, para sustent\u00e1-lo, para modelar seu cora\u00e7\u00e3o de barro \u00e0 imagem do meu.<\/p>\n<p>Para dar-lhe a vida que n\u00e3o passa; para dar um novo sentido \u00e0 sua vida, para ser sua rocha. Para responder a essa fome que sei que voc\u00ea tem de algu\u00e9m que o ame pelo que voc\u00ea \u00e9, para mostrar-lhe que amar como Eu amo vale a pena, engrandece o cora\u00e7\u00e3o e d\u00e1 uma paz que n\u00e3o passa.<\/p>\n<p>Para dar-lhe um peda\u00e7o de c\u00e9u, para ser seu lar. Eu o espero no sacr\u00e1rio. Nele eu fiquei para sempre. Sempre espero voc\u00ea, sempre o recebo. Eu o vejo chegar, abro as portas do meu cora\u00e7\u00e3o ferido para que voc\u00ea possa descansar, finalmente, nele. Como Jo\u00e3o na \u00daltima Ceia. Voc\u00ea \u00e9 meu predileto. Eu amo voc\u00ea. E o amo como voc\u00ea \u00e9. Voc\u00ea n\u00e3o precisa fazer nada para que eu o ame.\u201d<\/p>\n<p style=\"text-align: justify;\"><strong>Fonte:<\/strong> Aleteia<br \/><strong>Local:<\/strong> S\u00e3o Paulo<\/p>\n","protected":false},"excerpt":{"rendered":"<p>Ser santo \u00e9 reconhecer-se amado e tocar esse amor com a alma, pois Deus nos santifica quando nos abandonamos em seu cora\u00e7\u00e3o de Pai A santidade \u00e9 esse fogo que queima as impurezas do cora\u00e7\u00e3o, a \u00e1gua que sacia a sede da alma e rega a terra seca na qual vivemos. \u00c9 a luz que [&hellip;]<\/p>\n","protected":false},"author":1,"featured_media":0,"comment_status":"closed","ping_status":"closed","sticky":false,"template":"","format":"standard","meta":{"footnotes":""},"categories":[4],"tags":[],"class_list":["post-4743","post","type-post","status-publish","format-standard","hentry","category-cotidiano"],"_links":{"self":[{"href":"https:\/\/catolicanet.net\/wp-cnet\/wp-json\/wp\/v2\/posts\/4743","targetHints":{"allow":["GET"]}}],"collection":[{"href":"https:\/\/catolicanet.net\/wp-cnet\/wp-json\/wp\/v2\/posts"}],"about":[{"href":"https:\/\/catolicanet.net\/wp-cnet\/wp-json\/wp\/v2\/types\/post"}],"author":[{"embeddable":true,"href":"https:\/\/catolicanet.net\/wp-cnet\/wp-json\/wp\/v2\/users\/1"}],"replies":[{"embeddable":true,"href":"https:\/\/catolicanet.net\/wp-cnet\/wp-json\/wp\/v2\/comments?post=4743"}],"version-history":[{"count":1,"href":"https:\/\/catolicanet.net\/wp-cnet\/wp-json\/wp\/v2\/posts\/4743\/revisions"}],"predecessor-version":[{"id":9607,"href":"https:\/\/catolicanet.net\/wp-cnet\/wp-json\/wp\/v2\/posts\/4743\/revisions\/9607"}],"wp:attachment":[{"href":"https:\/\/catolicanet.net\/wp-cnet\/wp-json\/wp\/v2\/media?parent=4743"}],"wp:term":[{"taxonomy":"category","embeddable":true,"href":"https:\/\/catolicanet.net\/wp-cnet\/wp-json\/wp\/v2\/categories?post=4743"},{"taxonomy":"post_tag","embeddable":true,"href":"https:\/\/catolicanet.net\/wp-cnet\/wp-json\/wp\/v2\/tags?post=4743"}],"curies":[{"name":"wp","href":"https:\/\/api.w.org\/{rel}","templated":true}]}}