{"id":4739,"date":"2014-06-25T16:47:35","date_gmt":"2014-06-25T19:47:35","guid":{"rendered":"http:\/\/catolicanet.net\/wp-cnet\/reestruturacao-da-provincia-eclesiastica-de-cuiaba\/"},"modified":"2017-04-05T16:35:57","modified_gmt":"2017-04-05T19:35:57","slug":"reestruturacao-da-provincia-eclesiastica-de-cuiaba","status":"publish","type":"post","link":"https:\/\/catolicanet.net\/wp-cnet\/reestruturacao-da-provincia-eclesiastica-de-cuiaba\/","title":{"rendered":"Reestrutura\u00e7\u00e3o da Prov\u00edncia Eclesi\u00e1stica de Cuiab\u00e1"},"content":{"rendered":"<p style=\"text-align: justify;\">O Papa Francisco aprovou a reestrutura\u00e7\u00e3o da Prov\u00edncia Eclesi\u00e1stica de Cuiab\u00e1 (MT).<\/p>\n<p>A Diocese de Guiratinga foi suprimida, sendo seu territ\u00f3rio desmembrado entre as circunscri\u00e7\u00f5es eclesi\u00e1sticas de Rondon\u00f3polis, Barra do Gar\u00e7as e Paranatinga. O Pont\u00edfice erigiu canonicamente a Diocese de Primavera do Leste \u2013 Paranatinga e modificou a denomina\u00e7\u00e3o da Diocese de Rondon\u00f3polis para Rondon\u00f3polis \u2013 Guiratinga.<\/p>\n<p>O Papa nomeou primeiro Bispo da nova Diocese de Primavera do Leste \u2013 Paranatinga Dom Derek John Christopher Byrne, S.P.S., at\u00e9 ent\u00e3o Bispo de Guiratinga (a Diocese suprimida). Dom Derek \u00e9 irland\u00eas e foi nomeado Bispo em dezembro de 2008.<br \/>A Diocese de Primavera do Leste \u2013 Paranatinga tem uma superf\u00edcie de 98.056 km\u00b2, com 170 mil habitantes. Destes, cerca de 127 mil s\u00e3o cat\u00f3licos, distribu\u00eddos em 17 par\u00f3quias.<\/p>\n<p><strong>Fonte:<\/strong> R\u00e1dio Vaticano<br \/><strong>Local:<\/strong> Cidade do Vaticano<\/p>\n","protected":false},"excerpt":{"rendered":"<p>O Papa Francisco aprovou a reestrutura\u00e7\u00e3o da Prov\u00edncia Eclesi\u00e1stica de Cuiab\u00e1 (MT). A Diocese de Guiratinga foi suprimida, sendo seu territ\u00f3rio desmembrado entre as circunscri\u00e7\u00f5es eclesi\u00e1sticas de Rondon\u00f3polis, Barra do Gar\u00e7as e Paranatinga. O Pont\u00edfice erigiu canonicamente a Diocese de Primavera do Leste \u2013 Paranatinga e modificou a denomina\u00e7\u00e3o da Diocese de Rondon\u00f3polis para Rondon\u00f3polis [&hellip;]<\/p>\n","protected":false},"author":1,"featured_media":0,"comment_status":"closed","ping_status":"closed","sticky":false,"template":"","format":"standard","meta":{"footnotes":""},"categories":[4],"tags":[],"class_list":["post-4739","post","type-post","status-publish","format-standard","hentry","category-cotidiano"],"_links":{"self":[{"href":"https:\/\/catolicanet.net\/wp-cnet\/wp-json\/wp\/v2\/posts\/4739","targetHints":{"allow":["GET"]}}],"collection":[{"href":"https:\/\/catolicanet.net\/wp-cnet\/wp-json\/wp\/v2\/posts"}],"about":[{"href":"https:\/\/catolicanet.net\/wp-cnet\/wp-json\/wp\/v2\/types\/post"}],"author":[{"embeddable":true,"href":"https:\/\/catolicanet.net\/wp-cnet\/wp-json\/wp\/v2\/users\/1"}],"replies":[{"embeddable":true,"href":"https:\/\/catolicanet.net\/wp-cnet\/wp-json\/wp\/v2\/comments?post=4739"}],"version-history":[{"count":1,"href":"https:\/\/catolicanet.net\/wp-cnet\/wp-json\/wp\/v2\/posts\/4739\/revisions"}],"predecessor-version":[{"id":9611,"href":"https:\/\/catolicanet.net\/wp-cnet\/wp-json\/wp\/v2\/posts\/4739\/revisions\/9611"}],"wp:attachment":[{"href":"https:\/\/catolicanet.net\/wp-cnet\/wp-json\/wp\/v2\/media?parent=4739"}],"wp:term":[{"taxonomy":"category","embeddable":true,"href":"https:\/\/catolicanet.net\/wp-cnet\/wp-json\/wp\/v2\/categories?post=4739"},{"taxonomy":"post_tag","embeddable":true,"href":"https:\/\/catolicanet.net\/wp-cnet\/wp-json\/wp\/v2\/tags?post=4739"}],"curies":[{"name":"wp","href":"https:\/\/api.w.org\/{rel}","templated":true}]}}