{"id":47358,"date":"2019-02-28T12:28:24","date_gmt":"2019-02-28T15:28:24","guid":{"rendered":"http:\/\/catolicanet.net\/wp-cnet\/?p=47358"},"modified":"2019-03-01T13:34:21","modified_gmt":"2019-03-01T16:34:21","slug":"foto-de-menina-pisando-um-bebe-em-marcha-pelo-aborto-desata-polemica","status":"publish","type":"post","link":"https:\/\/catolicanet.net\/wp-cnet\/foto-de-menina-pisando-um-bebe-em-marcha-pelo-aborto-desata-polemica\/","title":{"rendered":"Foto de menina pisando um &#8220;beb\u00ea&#8221; em marcha pelo aborto desata pol\u00eamica"},"content":{"rendered":"<p>A foto de uma menina com um len\u00e7o verde pisando na cabe\u00e7a de um beb\u00ea de brinquedo durante uma marcha a favor do aborto foi criticada nas redes sociais e pelos pr\u00f3 &#8211; vida argentinos, que condenaram a manipula\u00e7\u00e3o de uma menor para estas causas.<\/p>\n<p>O incidente ocorreu em Buenos Aires (Argentina) durante a marcha pr\u00f3-aborto chamada &#8220;pa\u00f1uelazo&#8221; (em refer\u00eancia ao len\u00e7o \u2013 pa\u00f1uelo, em espanhol \u2013 usado pelos participantes), em 19 de fevereiro, organizada pela Campanha Nacional pelo Direito ao Aborto Legal, Seguro e Gratuito, que tamb\u00e9m ocorreu em v\u00e1rias cidades do pa\u00eds sul-americano.<\/p>\n<p>Durante o debate sobre a descriminaliza\u00e7\u00e3o do aborto realizado em 2018, os setores em favor desta pr\u00e1tica adotaram o len\u00e7o verde como um s\u00edmbolo, enquanto os pr\u00f3-vida fizeram o mesmo com o len\u00e7o celeste.<\/p>\n<div class=\"ad_inline\">\n<div id=\"div-gpt-ad-1472661422739-0\" data-google-query-id=\"CLjL_-nd3uACFZ8MswAdn9AA0g\">\n<div id=\"google_ads_iframe_\/4493921\/ACI_D_Article_1_0__container__\"><\/div>\n<\/div>\n<\/div>\n<p>Uma das manifestantes do &#8220;pa\u00f1uelazo&#8221; postou a foto pol\u00eamica de sua filha com o len\u00e7o verde em sua conta no Instagram, que viralizou rapidamente nas redes sociais e provocou rea\u00e7\u00f5es diferentes. Ap\u00f3s a difus\u00e3o em massa, a usu\u00e1ria excluiu essa e outras fotos de sua conta.<\/p>\n<p>&#8220;N\u00e3o h\u00e1 ato mais discriminat\u00f3rio do que o aborto, mas, ainda mais aberrante \u00e9 ver essa reinvindica\u00e7\u00e3o t\u00e3o tendenciosa que quer perverter as gera\u00e7\u00f5es futuras. Ver a imagem de uma menina pisando um beb\u00ea de brinquedo tem que nos alarmar&#8221;, advertiu Ana Bel\u00e9n Marmora, Diretora Executiva do grupo Frente Jovem na Argentina.<\/p>\n<p>Em declara\u00e7\u00f5es concedidas ao Grupo <a href=\"https:\/\/www.acidigital.com\">ACI<\/a>, a ativista pr\u00f3-vida explicou que, &#8220;insatisfeitos com a rejei\u00e7\u00e3o total no Senado argentino (em agosto de 2018), os setores abortistas se encarregaram de difundir e insistir com uma reivindica\u00e7\u00e3o ideologizada que tentam nos impor como uma moda, como algo politicamente correto, como um &#8216;avan\u00e7o de direitos'&#8221;.<\/p>\n<p>Este tipo de ideologias, segundo Marmora, &#8220;torna-se t\u00e3o extremo e fanatizado que acaba sendo reivindica\u00e7\u00f5es absurdas: dizem que querem defender a liberdade das mulheres, mas vemos como se apropriam de uma menor para fanatiz\u00e1-la e doutrin\u00e1-la&#8221;.<\/p>\n<p>Recordou que o setor a favor do aborto assegurou um &#8220;debate s\u00e9rio, mas vemos que est\u00e1 sendo banalizado ao ponto de mostrarem o aborto como uma brincadeira (como o aplicativo &#8216;Hero Feto&#8217;), desumanizando as pessoas a tal ponto que comemoram uma menina que pisa em um beb\u00ea de brinquedo&#8221;.<\/p>\n<p>Marmora, que \u00e9 advogada e jornalista, disse que, do ponto de vista da comunica\u00e7\u00e3o, &#8220;h\u00e1 uma grande incoer\u00eancia: dizem querer salvar as mulheres e proteger as meninas, mas as utilizam para promover a sua ideologia e mentem para elas, manipulando-as por causas pol\u00edticas&#8221;.<\/p>\n<p>Em rela\u00e7\u00e3o aos direitos, insistiu que &#8220;n\u00e3o h\u00e1 maior ego\u00edsmo como sociedade do que promover leis como essas para decidir quem vive e quem n\u00e3o&#8221;.<\/p>\n<p>&#8220;Com esse tipo de mensagem, vemos a crueldade do aborto: uma m\u00e3e ensinando a pr\u00f3pria filha a descartar as pessoas&#8221;, argumentou.<\/p>\n<p>Diante dessa situa\u00e7\u00e3o, Marmora questionou: &#8220;Que sociedade nos espera se os pais ensinam seus filhos a pisar na cabe\u00e7a de outros seres humanos? Que futuro nos espera se ensinamos nossos filhos que os mais vulner\u00e1veis \u200b\u200bpodem ser descartados ou que a viol\u00eancia \u00e9 um meio de justificar nossos desejos?&#8221;.<\/p>\n<p>Alertou que, &#8220;assim como a m\u00e3e manipulou sua filha, hoje se busca manipular os jovens em todas as \u00e1reas. Temos que cuidar dos jovens, que s\u00e3o o futuro&#8221;.<\/p>\n<p>&#8220;J\u00e1 estamos nos levantando, sabemos que temos que assumir este grande desafio: ser a nova gera\u00e7\u00e3o pr\u00f3-vida que termine com o flagelo do aborto e unir-nos n\u00e3o apenas na Argentina, mas em toda a nossa regi\u00e3o para que possamos com nossos atos conscientizar a sociedade e exigir aos nossos legisladores que a op\u00e7\u00e3o mais humana e o caminho para ser uma sociedade mais digna \u00e9 que salvemos as duas vidas&#8221;, concluiu.<\/p>\n","protected":false},"excerpt":{"rendered":"<p>A foto de uma menina com um len\u00e7o verde pisando na cabe\u00e7a de um beb\u00ea de brinquedo durante uma marcha a favor do aborto foi criticada nas redes sociais e pelos pr\u00f3 &#8211; vida argentinos, que condenaram a manipula\u00e7\u00e3o de uma menor para estas causas. O incidente ocorreu em Buenos Aires (Argentina) durante a marcha [&hellip;]<\/p>\n","protected":false},"author":1,"featured_media":47359,"comment_status":"open","ping_status":"closed","sticky":false,"template":"","format":"standard","meta":{"footnotes":""},"categories":[13],"tags":[],"class_list":["post-47358","post","type-post","status-publish","format-standard","has-post-thumbnail","hentry","category-featured"],"_links":{"self":[{"href":"https:\/\/catolicanet.net\/wp-cnet\/wp-json\/wp\/v2\/posts\/47358","targetHints":{"allow":["GET"]}}],"collection":[{"href":"https:\/\/catolicanet.net\/wp-cnet\/wp-json\/wp\/v2\/posts"}],"about":[{"href":"https:\/\/catolicanet.net\/wp-cnet\/wp-json\/wp\/v2\/types\/post"}],"author":[{"embeddable":true,"href":"https:\/\/catolicanet.net\/wp-cnet\/wp-json\/wp\/v2\/users\/1"}],"replies":[{"embeddable":true,"href":"https:\/\/catolicanet.net\/wp-cnet\/wp-json\/wp\/v2\/comments?post=47358"}],"version-history":[{"count":2,"href":"https:\/\/catolicanet.net\/wp-cnet\/wp-json\/wp\/v2\/posts\/47358\/revisions"}],"predecessor-version":[{"id":47371,"href":"https:\/\/catolicanet.net\/wp-cnet\/wp-json\/wp\/v2\/posts\/47358\/revisions\/47371"}],"wp:featuredmedia":[{"embeddable":true,"href":"https:\/\/catolicanet.net\/wp-cnet\/wp-json\/wp\/v2\/media\/47359"}],"wp:attachment":[{"href":"https:\/\/catolicanet.net\/wp-cnet\/wp-json\/wp\/v2\/media?parent=47358"}],"wp:term":[{"taxonomy":"category","embeddable":true,"href":"https:\/\/catolicanet.net\/wp-cnet\/wp-json\/wp\/v2\/categories?post=47358"},{"taxonomy":"post_tag","embeddable":true,"href":"https:\/\/catolicanet.net\/wp-cnet\/wp-json\/wp\/v2\/tags?post=47358"}],"curies":[{"name":"wp","href":"https:\/\/api.w.org\/{rel}","templated":true}]}}