{"id":47349,"date":"2019-02-28T11:10:13","date_gmt":"2019-02-28T14:10:13","guid":{"rendered":"http:\/\/catolicanet.net\/wp-cnet\/?p=47349"},"modified":"2019-02-28T11:10:13","modified_gmt":"2019-02-28T14:10:13","slug":"bispos-pedem-que-se-reze-pelo-inicio-do-dialogo-na-nicaragua","status":"publish","type":"post","link":"https:\/\/catolicanet.net\/wp-cnet\/bispos-pedem-que-se-reze-pelo-inicio-do-dialogo-na-nicaragua\/","title":{"rendered":"Bispos pedem que se reze pelo in\u00edcio do di\u00e1logo na Nicar\u00e1gua"},"content":{"rendered":"<p>MAN\u00c1GUA, 28 Fev. 19 \/ 10:30 am (<a href=\"https:\/\/www.acidigital.com\" target=\"_self\">ACI<\/a>).- Os <a href=\"https:\/\/www.acidigital.com\/igreja\/bispos.htm\">bispos<\/a> da Nicar\u00e1gua pediram aos fi\u00e9is que rezem pelo di\u00e1logo iniciado na quarta-feira, 27 de fevereiro, entre o governo de Daniel Ortega e a opositora Alian\u00e7a C\u00edvica pela Justi\u00e7a e a Democracia.<\/p>\n<p>Em uma mensagem divulgada nas redes sociais, o Arcebispo de Man\u00e1gua, Cardeal Leopoldo Brenes, convidou os fi\u00e9is a rezar \u201cpara que possamos colocar um sincero esfor\u00e7o para trabalhar autenticamente pelo bem comum, recusando todo desejo ego\u00edsta e interesses sect\u00e1rios, na busca de novos horizontes para a Nicar\u00e1gua\u201d.<\/p>\n<p>Estes horizontes, indicou, devem estar fundados \u201cno respeito aos direitos humanos, promovendo uma cultura do di\u00e1logo e de entendimento. Maria, M\u00e3e da <a href=\"https:\/\/www.acidigital.com\/igreja\/index.html\">Igreja<\/a>, rogai por n\u00f3s\u201d.<\/p>\n<p>Em sua conta de Facebook, a Confer\u00eancia Episcopal da Nicar\u00e1gua se uniu a esta inten\u00e7\u00e3o do Cardeal Brenes \u201cna campanha \u2018Juntos Oremos\u2019\u201d. Al\u00e9m disso, pediu \u00e0 Nossa Senhora da Imaculada Concei\u00e7\u00e3o que interceda pelo pa\u00eds.<\/p>\n<p>Do mesmo modo, o Bispo Auxiliar de Man\u00e1gua, Dom Silvio B\u00e1ez, assegurou sua ora\u00e7\u00e3o \u201cpela Nicar\u00e1gua ao iniciar hoje (ontem) as negocia\u00e7\u00f5es\u201d.<\/p>\n<div class=\"ad_inline\">\n<div id=\"div-gpt-ad-1472661422739-0\" data-google-query-id=\"CJrzkKPK3uACFRcMgQodfLAOsQ\">\n<div id=\"google_ads_iframe_\/4493921\/ACI_D_Article_1_0__container__\"><\/div>\n<\/div>\n<\/div>\n<p>\u201cQue se renuncie aos interesses pessoais e ideol\u00f3gicos e n\u00e3o se anteponha nunca o econ\u00f4mico aos direitos humanos. Que tudo seja transparente, com todos os presos pol\u00edticos libertados e com as liberdades p\u00fablicas restitu\u00eddas\u201d, expressou em sua conta de Twitter.<\/p>\n<p>Participaram como testemunhas no in\u00edcio do di\u00e1logo o Cardeal Brenes e o N\u00fancio Apost\u00f3lico na Nicar\u00e1gua, Dom Waldemar Stanislaw Sommertag.<\/p>\n<p>Entretanto, o jornal \u2018La Prensa de Nicaragua\u2019 informou que o governo vetou a participa\u00e7\u00e3o do Bispo de Matagalpa, Dom Rolando \u00c1lvarez, na mesa do di\u00e1logo. A oposi\u00e7\u00e3o exige que o Prelado possa estar presente.<\/p>\n<p>A aproxima\u00e7\u00e3o da quarta-feira ocorreu depois de quase oito meses da primeira tentativa de di\u00e1logo. Por\u00e9m, para que a reuni\u00e3o de ontem pudesse acontecer, a oposi\u00e7\u00e3o exigiu ao regime que libertasse os presos pol\u00edticos e manifestantes detidos durante os protestos que come\u00e7aram em abril de 2018.<\/p>\n<p>Segundo a oposi\u00e7\u00e3o, os detidos s\u00e3o mais de 700. Entretanto, o n\u00famero dos que foram soltos na quarta-feira e que passariam a ter pris\u00e3o domiciliar n\u00e3o seriam mais do que cem. O governo n\u00e3o informou se nos pr\u00f3ximos dias mais pessoas deixariam a pris\u00e3o.<\/p>\n<p>Al\u00e9m da liberta\u00e7\u00e3o dos manifestantes, a Alian\u00e7a C\u00edvica pela Justi\u00e7a e a Democracia tamb\u00e9m pediu \u201co restabelecimento das liberdades, direitos e garantias estabelecidos pela Constitui\u00e7\u00e3o Pol\u00edtica\u201d e \u201creformas eleitorais que garantam elei\u00e7\u00f5es justas, livres e transparentes\u201d.<\/p>\n<p>Em suas redes sociais, indicou que, \u201cneste primeiro encontro, estamos definindo o roteiro para assegurar um processo transparente, efetivo e concreto\u201d.<\/p>\n","protected":false},"excerpt":{"rendered":"<p>MAN\u00c1GUA, 28 Fev. 19 \/ 10:30 am (ACI).- Os bispos da Nicar\u00e1gua pediram aos fi\u00e9is que rezem pelo di\u00e1logo iniciado na quarta-feira, 27 de fevereiro, entre o governo de Daniel Ortega e a opositora Alian\u00e7a C\u00edvica pela Justi\u00e7a e a Democracia. Em uma mensagem divulgada nas redes sociais, o Arcebispo de Man\u00e1gua, Cardeal Leopoldo Brenes, [&hellip;]<\/p>\n","protected":false},"author":1,"featured_media":47350,"comment_status":"open","ping_status":"closed","sticky":false,"template":"","format":"standard","meta":{"footnotes":""},"categories":[4],"tags":[],"class_list":["post-47349","post","type-post","status-publish","format-standard","has-post-thumbnail","hentry","category-cotidiano"],"_links":{"self":[{"href":"https:\/\/catolicanet.net\/wp-cnet\/wp-json\/wp\/v2\/posts\/47349","targetHints":{"allow":["GET"]}}],"collection":[{"href":"https:\/\/catolicanet.net\/wp-cnet\/wp-json\/wp\/v2\/posts"}],"about":[{"href":"https:\/\/catolicanet.net\/wp-cnet\/wp-json\/wp\/v2\/types\/post"}],"author":[{"embeddable":true,"href":"https:\/\/catolicanet.net\/wp-cnet\/wp-json\/wp\/v2\/users\/1"}],"replies":[{"embeddable":true,"href":"https:\/\/catolicanet.net\/wp-cnet\/wp-json\/wp\/v2\/comments?post=47349"}],"version-history":[{"count":1,"href":"https:\/\/catolicanet.net\/wp-cnet\/wp-json\/wp\/v2\/posts\/47349\/revisions"}],"predecessor-version":[{"id":47351,"href":"https:\/\/catolicanet.net\/wp-cnet\/wp-json\/wp\/v2\/posts\/47349\/revisions\/47351"}],"wp:featuredmedia":[{"embeddable":true,"href":"https:\/\/catolicanet.net\/wp-cnet\/wp-json\/wp\/v2\/media\/47350"}],"wp:attachment":[{"href":"https:\/\/catolicanet.net\/wp-cnet\/wp-json\/wp\/v2\/media?parent=47349"}],"wp:term":[{"taxonomy":"category","embeddable":true,"href":"https:\/\/catolicanet.net\/wp-cnet\/wp-json\/wp\/v2\/categories?post=47349"},{"taxonomy":"post_tag","embeddable":true,"href":"https:\/\/catolicanet.net\/wp-cnet\/wp-json\/wp\/v2\/tags?post=47349"}],"curies":[{"name":"wp","href":"https:\/\/api.w.org\/{rel}","templated":true}]}}